{"id":90569,"date":"2018-09-10T16:24:41","date_gmt":"2018-09-10T14:24:41","guid":{"rendered":"https:\/\/cyclingpro.net\/velopro\/?p=90569"},"modified":"2018-09-10T16:24:41","modified_gmt":"2018-09-10T14:24:41","slug":"alejandro-valverde-yates-sera-dur-a-battre","status":"publish","type":"post","link":"https:\/\/cyclingpro.net\/velopro\/course\/vuelta-a-espana-tour-espagne\/alejandro-valverde-yates-sera-dur-a-battre\/","title":{"rendered":"Alejandro Valverde : \u00ab Yates sera dur \u00e0 battre \u00bb"},"content":{"rendered":"<p style=\"text-align: justify;\">Deuxi\u00e8me et troisi\u00e8me du g\u00e9n\u00e9ral \u00e0 l&rsquo;aube de la derni\u00e8re semaine de la Vuelta, Alejandro Valverde et Nairo Quintana ont profit\u00e9 de la journ\u00e9e de repos pour tenir une conf\u00e9rence de presse ce lundi. Les deux leaders n&rsquo;ont cess\u00e9 de r\u00e9p\u00e9ter qu&rsquo;ils s&rsquo;entendaient bien, et qu&rsquo;ils partageaient le m\u00eame objectif :\u00a0\u00ab <em>Qu&rsquo;un coureur de la Movistar gagne la Vuelta<\/em> \u00bb. D&rsquo;abord utilis\u00e9e par le v\u00e9t\u00e9ran espagnol, la phrase a \u00e9t\u00e9 reprise par Quintana. Les deux hommes uniront donc leur force contre le maillot rouge Simon Yates, \u00ab<em> un concurrent fort, qui sera dur \u00e0 battre<\/em> \u00bb.<\/p>\n<p style=\"text-align: justify;\">\u00ab <em>Pour moi, il n&rsquo;y aurait aucun probl\u00e8me \u00e0 travailler pour Nairo, m\u00eame si je suis devant lui apr\u00e8s le contre-la-montre<\/em>, a ainsi expliqu\u00e9 Valverde. <em>Il est possible que je perde du temps en montagne si je r\u00e9ussis un bon chrono. Nous ne pouvons pas sacrifier une chance simplement parce que l&rsquo;un d&rsquo;entre nous \u00e0 30 secondes d&rsquo;avance sur l&rsquo;autre. Nous devons bien jouer nos deux cartes.<\/em> \u00bb Moins fort sur le papier en contre-la-montre, Quintana a tenu le m\u00eame discours.<\/p>\n<p class=\"post-box-title\"><strong><a href=\"https:\/\/cyclingpro.net\/velopro\/course\/vuelta-a-espana\/simon-yates-cest-parfois-difficile-de-courir-de-maniere-conservatrice\/\" rel=\"bookmark\">Lire aussi &gt; Simon Yates : \u00ab C\u2019est parfois difficile de courir de mani\u00e8re conservatrice \u00bb<\/a><\/strong><\/p>\n<p style=\"text-align: justify;\">Justement, le chrono de la 16e \u00e9tape promet de donner une autre lecture du g\u00e9n\u00e9ral. Long de 32 kilom\u00e8tres, le parcours est plat et devrait sourire au pur sp\u00e9cialiste de l&rsquo;exercice chronom\u00e9tr\u00e9. \u00ab <em>C&rsquo;est vraiment tr\u00e8s serr\u00e9 entre les principaux concurrents. Je pense que le contre-la-montre de demain fera de plus gros \u00e9carts que toutes les \u00e9tapes de montagne<\/em>, annon\u00e7ait Valverde. <em>Le classement g\u00e9n\u00e9ral sera plus clair, m\u00eame s&rsquo;il ne sera pas d\u00e9finitif : il restera encore trois \u00e9tapes difficiles apr\u00e8s mardi, mais nous aurons des \u00e9carts plus importants.<\/em> \u00bb<\/p>\n<p style=\"text-align: justify;\">Du haut de ses 38 ans, Valverde a beaucoup plus d&rsquo;exp\u00e9rience que tous ses rivaux. Celui qui avait remport\u00e9 la Vuelta en 2009 sait bien qu&rsquo;il est meilleur que son co\u00e9quipier en contre-la-montre. Il sait aussi qu&rsquo;il devrait mieux r\u00e9ussir que Simon Yates et Miguel Angel Lopez (Astana). Pourtant, il n&rsquo;a pas \u00e9voqu\u00e9 une \u00e9ventuelle prise du maillot rouge, comme s&rsquo;il voulait continuer d&rsquo;\u00e9voluer masqu\u00e9 derri\u00e8re l&rsquo;ombre de Quintana malgr\u00e9 ses deux victoires et sa deuxi\u00e8me place au g\u00e9n\u00e9ral.\u00a0\u00ab <em>C&rsquo;est un chrono qui me convient, mais ce ne sera pas moins bien pour nos rivaux<\/em>, d\u00e9clarait-il alors. <em>Et puis je ne suis pas non plus Miguel Indurain, si vous croyez que je peux faire un gros \u00e9cart&#8230; Nous verrons demain ce que nous pouvons faire apr\u00e8s avoir reconnu le parcours. Il faudra aussi voir comment r\u00e9pondent les jambes apr\u00e8s les efforts importants des derniers jours.<\/em> \u00bb<\/p>\n","protected":false},"excerpt":{"rendered":"<p>Deuxi\u00e8me et troisi\u00e8me du g\u00e9n\u00e9ral \u00e0 l&rsquo;aube de la derni\u00e8re semaine de la Vuelta, Alejandro Valverde et Nairo Quintana ont profit\u00e9 de la journ\u00e9e de repos pour tenir une conf\u00e9rence de presse ce lundi. Les deux leaders n&rsquo;ont cess\u00e9 de r\u00e9p\u00e9ter qu&rsquo;ils s&rsquo;entendaient bien, et qu&rsquo;ils partageaient le m\u00eame objectif :\u00a0\u00ab Qu&rsquo;un coureur de la &hellip;<\/p>\n","protected":false},"author":15,"featured_media":90570,"comment_status":"open","ping_status":"open","sticky":false,"template":"","format":"standard","meta":{"footnotes":""},"categories":[17,8,15,59,19,28],"tags":[],"class_list":["post-90569","post","type-post","status-publish","format-standard","has-post-thumbnail","hentry","category-une","category-interviews","category-route","category-vuelta-a-espana-tour-espagne","category-worldtour","category-course"],"_links":{"self":[{"href":"https:\/\/cyclingpro.net\/velopro\/wp-json\/wp\/v2\/posts\/90569","targetHints":{"allow":["GET"]}}],"collection":[{"href":"https:\/\/cyclingpro.net\/velopro\/wp-json\/wp\/v2\/posts"}],"about":[{"href":"https:\/\/cyclingpro.net\/velopro\/wp-json\/wp\/v2\/types\/post"}],"author":[{"embeddable":true,"href":"https:\/\/cyclingpro.net\/velopro\/wp-json\/wp\/v2\/users\/15"}],"replies":[{"embeddable":true,"href":"https:\/\/cyclingpro.net\/velopro\/wp-json\/wp\/v2\/comments?post=90569"}],"version-history":[{"count":0,"href":"https:\/\/cyclingpro.net\/velopro\/wp-json\/wp\/v2\/posts\/90569\/revisions"}],"wp:featuredmedia":[{"embeddable":true,"href":"https:\/\/cyclingpro.net\/velopro\/wp-json\/wp\/v2\/media\/90570"}],"wp:attachment":[{"href":"https:\/\/cyclingpro.net\/velopro\/wp-json\/wp\/v2\/media?parent=90569"}],"wp:term":[{"taxonomy":"category","embeddable":true,"href":"https:\/\/cyclingpro.net\/velopro\/wp-json\/wp\/v2\/categories?post=90569"},{"taxonomy":"post_tag","embeddable":true,"href":"https:\/\/cyclingpro.net\/velopro\/wp-json\/wp\/v2\/tags?post=90569"}],"curies":[{"name":"wp","href":"https:\/\/api.w.org\/{rel}","templated":true}]}}