{"id":90351,"date":"2018-09-09T14:27:22","date_gmt":"2018-09-09T12:27:22","guid":{"rendered":"https:\/\/cyclingpro.net\/velopro\/?p=90351"},"modified":"2018-09-09T14:27:22","modified_gmt":"2018-09-09T12:27:22","slug":"william-bonnet-rempile-avec-la-groupama-fdj","status":"publish","type":"post","link":"https:\/\/cyclingpro.net\/velopro\/mercato\/william-bonnet-rempile-avec-la-groupama-fdj\/","title":{"rendered":"William Bonnet rempile avec la Groupama-FDJ"},"content":{"rendered":"<p>Alors que son leader Thibaut Pinot est actuellement engag\u00e9 sur les routes du Tour d&rsquo;Espagne, la formation Groupama-FDJ vient d&rsquo;annoncer la prolongation pour une saison d&rsquo;un membre majeur du fameux \u00ab\u00a0groupe Pinot\u00a0\u00bb en la personne de William Bonnet. Le fran\u00e7ais de 37 ans, ancien sprinteur de bon niveau et vainqueur d&rsquo;une \u00e9tape de Paris-Nice en 2010, s&rsquo;est reconverti depuis en \u00e9quipier important dans la plaine. Son importance aupr\u00e8s de son leader est telle, que depuis plusieurs saisons il accompagne le franc-comtois sur la quasi-totalit\u00e9 de ses courses. Il devrait donc toujours en \u00eatre ainsi l&rsquo;ann\u00e9e prochaine, pour ce qui sera la 15e saison professionnelle\u00a0 du natif de Saint-Doulchard.<\/p>\n<blockquote class=\"twitter-tweet\" data-lang=\"fr\">\n<p lang=\"fr\" dir=\"ltr\">Nous avons une prolongation de contrat \u00e0 vous annoncer !<a href=\"https:\/\/twitter.com\/willbonnet?ref_src=twsrc%5Etfw\">@willbonnet<\/a> rempile pour une saison suppl\u00e9mentaire avec l&#39;\u00c9quipe <a href=\"https:\/\/twitter.com\/GroupamaFDJ?ref_src=twsrc%5Etfw\">@GroupamaFDJ<\/a> ! <a href=\"https:\/\/t.co\/mjT3yY6q3u\">pic.twitter.com\/mjT3yY6q3u<\/a><\/p>\n<p>&mdash; \u00c9quipe Cycliste Groupama-FDJ (@GroupamaFDJ) <a href=\"https:\/\/twitter.com\/GroupamaFDJ\/status\/1038759751176409088?ref_src=twsrc%5Etfw\">9 septembre 2018<\/a><\/p><\/blockquote>\n<p><script async src=\"https:\/\/platform.twitter.com\/widgets.js\" charset=\"utf-8\"><\/script><\/p>\n","protected":false},"excerpt":{"rendered":"<p>Alors que son leader Thibaut Pinot est actuellement engag\u00e9 sur les routes du Tour d&rsquo;Espagne, la formation Groupama-FDJ vient d&rsquo;annoncer la prolongation pour une saison d&rsquo;un membre majeur du fameux \u00ab\u00a0groupe Pinot\u00a0\u00bb en la personne de William Bonnet. Le fran\u00e7ais de 37 ans, ancien sprinteur de bon niveau et vainqueur d&rsquo;une \u00e9tape de Paris-Nice en &hellip;<\/p>\n","protected":false},"author":11,"featured_media":0,"comment_status":"open","ping_status":"open","sticky":false,"template":"","format":"standard","meta":{"footnotes":""},"categories":[11,25,15,10],"tags":[],"class_list":["post-90351","post","type-post","status-publish","format-standard","hentry","category-news-niveau-2","category-news","category-route","category-mercato"],"_links":{"self":[{"href":"https:\/\/cyclingpro.net\/velopro\/wp-json\/wp\/v2\/posts\/90351","targetHints":{"allow":["GET"]}}],"collection":[{"href":"https:\/\/cyclingpro.net\/velopro\/wp-json\/wp\/v2\/posts"}],"about":[{"href":"https:\/\/cyclingpro.net\/velopro\/wp-json\/wp\/v2\/types\/post"}],"author":[{"embeddable":true,"href":"https:\/\/cyclingpro.net\/velopro\/wp-json\/wp\/v2\/users\/11"}],"replies":[{"embeddable":true,"href":"https:\/\/cyclingpro.net\/velopro\/wp-json\/wp\/v2\/comments?post=90351"}],"version-history":[{"count":0,"href":"https:\/\/cyclingpro.net\/velopro\/wp-json\/wp\/v2\/posts\/90351\/revisions"}],"wp:attachment":[{"href":"https:\/\/cyclingpro.net\/velopro\/wp-json\/wp\/v2\/media?parent=90351"}],"wp:term":[{"taxonomy":"category","embeddable":true,"href":"https:\/\/cyclingpro.net\/velopro\/wp-json\/wp\/v2\/categories?post=90351"},{"taxonomy":"post_tag","embeddable":true,"href":"https:\/\/cyclingpro.net\/velopro\/wp-json\/wp\/v2\/tags?post=90351"}],"curies":[{"name":"wp","href":"https:\/\/api.w.org\/{rel}","templated":true}]}}