{"id":89384,"date":"2018-09-04T18:18:51","date_gmt":"2018-09-04T16:18:51","guid":{"rendered":"https:\/\/cyclingpro.net\/velopro\/?p=89384"},"modified":"2018-09-04T18:18:51","modified_gmt":"2018-09-04T16:18:51","slug":"marc-sarreau-frustre-de-son-sprint","status":"publish","type":"post","link":"https:\/\/cyclingpro.net\/velopro\/course\/vuelta-a-espana-tour-espagne\/marc-sarreau-frustre-de-son-sprint\/","title":{"rendered":"Marc Sarreau frustr\u00e9 de son sprint"},"content":{"rendered":"<p>Pr\u00e9sent dans l&#8217;emballage final pour la premi\u00e8re fois depuis le d\u00e9part de la Vuelta, Marc Sarreau prend la cinqui\u00e8me place \u00e0 l&rsquo;arriv\u00e9e \u00e0\u00a0Bermillo de Sayago. Un r\u00e9sultat qui ne satisfait pas compl\u00e8tement le sprinteur de l&rsquo;\u00e9quipe Groupama-FDJ, qui d\u00e9plore un mauvais placement dans le final. \u00ab <em>Je suis d\u00e9\u00e7u car je n&rsquo;ai pas pu faire un sprint complet. Il y a avait beaucoup de vagues et la placement \u00e9tait difficile. \u00bb<\/em><\/p>\n<p>Le jeune fran\u00e7ais parvient tout de m\u00eame \u00e0 retenir du positif de son premier top 10 sur la Vuelta.\u00a0\u00ab <em>Je bascule avec le peloton en haut de la bosse, ce qui montre que j&rsquo;ai des bonnes jambes. Et puis c&rsquo;est toujours bien de faire une petite placette<\/em>.\u00a0\u00bb<\/p>\n<p>La r\u00e9action compl\u00e8te du fran\u00e7ais est \u00e0 retrouver ici :<\/p>\n<p><span class=\"JXeC0QNYsdL5Su9K\"><iframe loading=\"lazy\" title=\"Marc Sarreau - interview d&#039;arriv\u00e9e - 10e \u00e9tape - Tour d&#039;Espagne \/ Vuelta a Espa\u00f1a 2018\" width=\"500\" height=\"281\" src=\"https:\/\/www.youtube.com\/embed\/m5RJkB-HShw?feature=oembed\" frameborder=\"0\" allow=\"accelerometer; autoplay; clipboard-write; encrypted-media; gyroscope; picture-in-picture; web-share\" referrerpolicy=\"strict-origin-when-cross-origin\" allowfullscreen><\/iframe><\/span><\/p>\n","protected":false},"excerpt":{"rendered":"<p>Pr\u00e9sent dans l&#8217;emballage final pour la premi\u00e8re fois depuis le d\u00e9part de la Vuelta, Marc Sarreau prend la cinqui\u00e8me place \u00e0 l&rsquo;arriv\u00e9e \u00e0\u00a0Bermillo de Sayago. Un r\u00e9sultat qui ne satisfait pas compl\u00e8tement le sprinteur de l&rsquo;\u00e9quipe Groupama-FDJ, qui d\u00e9plore un mauvais placement dans le final. \u00ab Je suis d\u00e9\u00e7u car je n&rsquo;ai pas pu faire &hellip;<\/p>\n","protected":false},"author":11,"featured_media":0,"comment_status":"open","ping_status":"open","sticky":false,"template":"","format":"standard","meta":{"footnotes":""},"categories":[11,8,25,15,59,19],"tags":[],"class_list":["post-89384","post","type-post","status-publish","format-standard","hentry","category-news-niveau-2","category-interviews","category-news","category-route","category-vuelta-a-espana-tour-espagne","category-worldtour"],"_links":{"self":[{"href":"https:\/\/cyclingpro.net\/velopro\/wp-json\/wp\/v2\/posts\/89384","targetHints":{"allow":["GET"]}}],"collection":[{"href":"https:\/\/cyclingpro.net\/velopro\/wp-json\/wp\/v2\/posts"}],"about":[{"href":"https:\/\/cyclingpro.net\/velopro\/wp-json\/wp\/v2\/types\/post"}],"author":[{"embeddable":true,"href":"https:\/\/cyclingpro.net\/velopro\/wp-json\/wp\/v2\/users\/11"}],"replies":[{"embeddable":true,"href":"https:\/\/cyclingpro.net\/velopro\/wp-json\/wp\/v2\/comments?post=89384"}],"version-history":[{"count":0,"href":"https:\/\/cyclingpro.net\/velopro\/wp-json\/wp\/v2\/posts\/89384\/revisions"}],"wp:attachment":[{"href":"https:\/\/cyclingpro.net\/velopro\/wp-json\/wp\/v2\/media?parent=89384"}],"wp:term":[{"taxonomy":"category","embeddable":true,"href":"https:\/\/cyclingpro.net\/velopro\/wp-json\/wp\/v2\/categories?post=89384"},{"taxonomy":"post_tag","embeddable":true,"href":"https:\/\/cyclingpro.net\/velopro\/wp-json\/wp\/v2\/tags?post=89384"}],"curies":[{"name":"wp","href":"https:\/\/api.w.org\/{rel}","templated":true}]}}