{"id":89166,"date":"2018-09-03T13:09:48","date_gmt":"2018-09-03T11:09:48","guid":{"rendered":"https:\/\/cyclingpro.net\/velopro\/?p=89166"},"modified":"2018-09-03T13:09:48","modified_gmt":"2018-09-03T11:09:48","slug":"nairo-quintana-une-grande-chance-de-gagner-la-vuelta","status":"publish","type":"post","link":"https:\/\/cyclingpro.net\/velopro\/course\/vuelta-a-espana-tour-espagne\/nairo-quintana-une-grande-chance-de-gagner-la-vuelta\/","title":{"rendered":"Nairo Quintana : \u00ab Une grande chance de gagner la Vuelta \u00bb"},"content":{"rendered":"<p style=\"text-align: justify;\"><em>Nairo Quintana (Movistar) affiche ses ambitions. En conf\u00e9rence de presse ce lundi \u00e0 Salamanque en compagnie d&rsquo;Alejandro Valverde et du manager g\u00e9n\u00e9ral Eusebio Unzue, le Colombien s&rsquo;est montr\u00e9 beaucoup plus souriant qu&rsquo;\u00e0 l&rsquo;accoutum\u00e9e. Il a sembl\u00e9 serein et motiv\u00e9 \u00e0 l&rsquo;id\u00e9e de remporter une deuxi\u00e8me Vuelta, deux ans apr\u00e8s avoir ramen\u00e9 le maillot rouge \u00e0 Madrid.\u00a0<\/em><\/p>\n<p style=\"text-align: justify;\">Le premier bloc de l&rsquo;\u00e9preuve pass\u00e9, Quintana pointe \u00e0 la troisi\u00e8me place du classement g\u00e9n\u00e9ral, \u00e0 seulement 14 secondes du maillot rouge Simon Yates (Mitchelton-Scott). \u00ab <em>J&rsquo;ai l&rsquo;impression que c&rsquo;est une grande opportunit\u00e9 de gagner la Vuelta<\/em>, annonce-t-il d&#8217;embl\u00e9e. <em>Esp\u00e9rons que nous pouvons continuer comme \u00e7a jusqu&rsquo;\u00e0 Madrid. Forc\u00e9ment, notre plus grand objectif \u00e9tait le Tour &#8211; quand les choses ne tournent pas dans votre sens, m\u00eame si vous avez travaill\u00e9 toute l&rsquo;ann\u00e9e pour bien r\u00e9ussir, on dirait que vous n&rsquo;avez rien fait de la saison. L\u00e0, j&rsquo;ai de tr\u00e8s bonnes jambes et les choses tournent dans le bon sens jusqu&rsquo;ici. Je pense avoir une grande chance.<\/em> \u00bb<\/p>\n<h3>\u00ab Les spectateurs ne seront pas d\u00e9\u00e7us \u00bb<\/h3>\n<p style=\"text-align: justify;\">La veille dans l&rsquo;ascension de la Covatilla, Quintana s&rsquo;est en tout cas r\u00e9v\u00e9l\u00e9 \u00eatre l&rsquo;un des trois meilleurs grimpeurs des candidats annonc\u00e9s au g\u00e9n\u00e9ral. Il a termin\u00e9 avec son compatriote Miguel Angel Lopez (Astana) et Wilco Kelderman (Sunweb), grappillant des secondes \u00e0 ses autres concurrents. \u00ab <em>Il \u00e9tait difficile de faire une vraie attaque hier&#8230; C&rsquo;\u00e9tait une ascension venteuse, la force de la plupart des concurrents a sembl\u00e9 \u00e0 peu pr\u00e8s \u00e9gale<\/em>, a-t-il expliqu\u00e9. <em>Les temp\u00e9ratures \u00e9lev\u00e9es ont aussi contribu\u00e9 \u00e0 rendre la course plus dure et ont forc\u00e9 les coureurs \u00e0 r\u00e9fl\u00e9chir \u00e0 deux fois avant de tenter une attaque.<\/em> \u00bb<\/p>\n<p style=\"text-align: justify;\">\u00ab <em>Je suis calme en ce moment, sans pression, et avec beaucoup d&rsquo;\u00e9nergie<\/em>, a poursuivi Quintana. <em>Il est \u00e9vident qu&rsquo;une victoire d&rsquo;\u00e9tape me rendrait encore plus heureux. Cela boosterait mon moral, mais ce n&rsquo;est pas une obsession.<\/em> \u00bb La 15e \u00e9tape, dimanche, avec arriv\u00e9e au sommet de Lagos de Covadonga semble id\u00e9ale pour lui. Juste avant la seconde journ\u00e9e de repos, elle s&rsquo;annonce d\u00e9cisive. \u00ab <em>Je pense que ce sera l&rsquo;\u00e9tape la plus importante. Cela pourrait \u00eatre l&rsquo;\u00e9tape avec les plus gros \u00e9carts<\/em>, pr\u00e9venait-il encore. <em>Nous verrons comment y sont nos rivaux. (Simon) Yates a prouv\u00e9 qu&rsquo;il \u00e9tait un peu plus fort que les autres pour l&rsquo;instant. Il est frais du Giro et devrait \u00eatre notre principal adversaire. Nous devrons \u00eatre tr\u00e8s vigilants. Les Colombiens sont aussi en grande condition. LottoNL-Jumbo marche aussi fort&#8230; Les choses ne seront pas faciles face \u00e0 eux et les spectateurs ne seront pas d\u00e9\u00e7us.<\/em> \u00bb<\/p>\n<p style=\"text-align: justify;\">La conf\u00e9rence du leader de la Movistar s&rsquo;est termin\u00e9e par une question sur les Mondiaux d&rsquo;Innsbruck. Quintana figure pour l&rsquo;instant dans la pr\u00e9-s\u00e9lection d\u00e9voil\u00e9e par la Colombie. \u00ab <em>Les championnats du monde ? Pour l&rsquo;instant, il y a une longue liste, dans laquelle je figure. Mais je n&rsquo;ai pas encore \u00e9tudi\u00e9 le parcours<\/em>, a-t-il pr\u00e9venu. <em>La Colombie devrait \u00eatre l&rsquo;une des \u00e9quipes \u00e0 surveiller, une \u00e9quipe qui rendra la course dure. Le plus fort d&rsquo;entre nous a une grande chance de bien figurer.<\/em> \u00bb<\/p>\n<p><span class=\"s9Hgi5bGRrKUZSAxEa6g4e7OkDj1hYMq5azuwjHRm0oZlNe8hvTXS6CTfNrGYtCQp3MV70yxB3DbJQl1n2L9\"><iframe loading=\"lazy\" title=\"Nairo Quintana \/ Alejandro Valverde - rueda de prensa - d\u00eda de descanso 1 - Vuelta a Espa\u00f1a 2018\" width=\"500\" height=\"281\" src=\"https:\/\/www.youtube.com\/embed\/VzWX2xMnw10?start=62&#038;feature=oembed\" frameborder=\"0\" allow=\"accelerometer; autoplay; clipboard-write; encrypted-media; gyroscope; picture-in-picture; web-share\" referrerpolicy=\"strict-origin-when-cross-origin\" allowfullscreen><\/iframe><\/span><\/p>\n","protected":false},"excerpt":{"rendered":"<p>Nairo Quintana (Movistar) affiche ses ambitions. En conf\u00e9rence de presse ce lundi \u00e0 Salamanque en compagnie d&rsquo;Alejandro Valverde et du manager g\u00e9n\u00e9ral Eusebio Unzue, le Colombien s&rsquo;est montr\u00e9 beaucoup plus souriant qu&rsquo;\u00e0 l&rsquo;accoutum\u00e9e. Il a sembl\u00e9 serein et motiv\u00e9 \u00e0 l&rsquo;id\u00e9e de remporter une deuxi\u00e8me Vuelta, deux ans apr\u00e8s avoir ramen\u00e9 le maillot rouge \u00e0 &hellip;<\/p>\n","protected":false},"author":15,"featured_media":89167,"comment_status":"open","ping_status":"open","sticky":false,"template":"","format":"standard","meta":{"footnotes":""},"categories":[17,8,15,18,59,19,28],"tags":[],"class_list":["post-89166","post","type-post","status-publish","format-standard","has-post-thumbnail","hentry","category-une","category-interviews","category-route","category-videos","category-vuelta-a-espana-tour-espagne","category-worldtour","category-course"],"_links":{"self":[{"href":"https:\/\/cyclingpro.net\/velopro\/wp-json\/wp\/v2\/posts\/89166","targetHints":{"allow":["GET"]}}],"collection":[{"href":"https:\/\/cyclingpro.net\/velopro\/wp-json\/wp\/v2\/posts"}],"about":[{"href":"https:\/\/cyclingpro.net\/velopro\/wp-json\/wp\/v2\/types\/post"}],"author":[{"embeddable":true,"href":"https:\/\/cyclingpro.net\/velopro\/wp-json\/wp\/v2\/users\/15"}],"replies":[{"embeddable":true,"href":"https:\/\/cyclingpro.net\/velopro\/wp-json\/wp\/v2\/comments?post=89166"}],"version-history":[{"count":0,"href":"https:\/\/cyclingpro.net\/velopro\/wp-json\/wp\/v2\/posts\/89166\/revisions"}],"wp:featuredmedia":[{"embeddable":true,"href":"https:\/\/cyclingpro.net\/velopro\/wp-json\/wp\/v2\/media\/89167"}],"wp:attachment":[{"href":"https:\/\/cyclingpro.net\/velopro\/wp-json\/wp\/v2\/media?parent=89166"}],"wp:term":[{"taxonomy":"category","embeddable":true,"href":"https:\/\/cyclingpro.net\/velopro\/wp-json\/wp\/v2\/categories?post=89166"},{"taxonomy":"post_tag","embeddable":true,"href":"https:\/\/cyclingpro.net\/velopro\/wp-json\/wp\/v2\/tags?post=89166"}],"curies":[{"name":"wp","href":"https:\/\/api.w.org\/{rel}","templated":true}]}}