{"id":88679,"date":"2018-09-01T14:26:46","date_gmt":"2018-09-01T12:26:46","guid":{"rendered":"https:\/\/cyclingpro.net\/velopro\/?p=88679"},"modified":"2018-09-01T14:26:46","modified_gmt":"2018-09-01T12:26:46","slug":"one-pro-cycling-quitte-le-peloton-masculin-pour-se-consacrer-au-peloton-feminin","status":"publish","type":"post","link":"https:\/\/cyclingpro.net\/velopro\/sponsors\/one-pro-cycling-quitte-le-peloton-masculin-pour-se-consacrer-au-peloton-feminin\/","title":{"rendered":"One Pro Cycling quitte le peloton masculin pour se consacrer au peloton f\u00e9minin"},"content":{"rendered":"<p style=\"text-align: justify;\">L&rsquo;\u00e9quipe continentale One Pro Cycling a annonc\u00e9 ce samedi un changement d&rsquo;ampleur pour 2019. Au d\u00e9part du Tour de Grande-Bretagne ce dimanche, la formation britannique ne pr\u00e9sentera pas d&rsquo;\u00e9quipe masculine la saison prochaine. Au contraire, One Pro Cycling se concentrera sur la cr\u00e9ation d&rsquo;une \u00e9quipe f\u00e9minine pour prendre part aux courses WorldTour. L&rsquo;effectif devrait \u00eatre boucl\u00e9e avant la fin du mois de septembre.<\/p>\n<p style=\"text-align: justify;\">\u00ab <em>Nous voyons les opportunit\u00e9s qui se d\u00e9veloppent du c\u00f4t\u00e9 du cyclisme f\u00e9minin et c&rsquo;est quelque chose de tr\u00e8s excitant<\/em>, peut-on lire dans le communiqu\u00e9 publi\u00e9 ce samedi par One Pro Cycling. <em>Nos partenaires actuels en ont \u00e9t\u00e9 inform\u00e9s et le changement de direction a \u00e9t\u00e9 re\u00e7u avec enthousiasme.<\/em> \u00bb<\/p>\n<blockquote class=\"twitter-tweet\" data-lang=\"fr\">\n<p dir=\"ltr\" lang=\"en\">TEAM ANNOUNCEMENT:<\/p>\n<p>ONE PRO Cycling announce changes for 2019 season &#8211; <a href=\"https:\/\/t.co\/GsKWwXavBr\">https:\/\/t.co\/GsKWwXavBr<\/a><\/p>\n<p>\u2014 ONE PRO Cycling (@ONEProCycling) <a href=\"https:\/\/twitter.com\/ONEProCycling\/status\/1035845232674451457?ref_src=twsrc%5Etfw\">1 septembre 2018<\/a><\/p><\/blockquote>\n<p><script async src=\"https:\/\/platform.twitter.com\/widgets.js\" charset=\"utf-8\"><\/script><\/p>\n","protected":false},"excerpt":{"rendered":"<p>L&rsquo;\u00e9quipe continentale One Pro Cycling a annonc\u00e9 ce samedi un changement d&rsquo;ampleur pour 2019. Au d\u00e9part du Tour de Grande-Bretagne ce dimanche, la formation britannique ne pr\u00e9sentera pas d&rsquo;\u00e9quipe masculine la saison prochaine. Au contraire, One Pro Cycling se concentrera sur la cr\u00e9ation d&rsquo;une \u00e9quipe f\u00e9minine pour prendre part aux courses WorldTour. L&rsquo;effectif devrait \u00eatre &hellip;<\/p>\n","protected":false},"author":15,"featured_media":88691,"comment_status":"open","ping_status":"open","sticky":false,"template":"","format":"standard","meta":{"footnotes":""},"categories":[11,25,15,221],"tags":[],"class_list":["post-88679","post","type-post","status-publish","format-standard","has-post-thumbnail","hentry","category-news-niveau-2","category-news","category-route","category-sponsors"],"_links":{"self":[{"href":"https:\/\/cyclingpro.net\/velopro\/wp-json\/wp\/v2\/posts\/88679","targetHints":{"allow":["GET"]}}],"collection":[{"href":"https:\/\/cyclingpro.net\/velopro\/wp-json\/wp\/v2\/posts"}],"about":[{"href":"https:\/\/cyclingpro.net\/velopro\/wp-json\/wp\/v2\/types\/post"}],"author":[{"embeddable":true,"href":"https:\/\/cyclingpro.net\/velopro\/wp-json\/wp\/v2\/users\/15"}],"replies":[{"embeddable":true,"href":"https:\/\/cyclingpro.net\/velopro\/wp-json\/wp\/v2\/comments?post=88679"}],"version-history":[{"count":0,"href":"https:\/\/cyclingpro.net\/velopro\/wp-json\/wp\/v2\/posts\/88679\/revisions"}],"wp:featuredmedia":[{"embeddable":true,"href":"https:\/\/cyclingpro.net\/velopro\/wp-json\/wp\/v2\/media\/88691"}],"wp:attachment":[{"href":"https:\/\/cyclingpro.net\/velopro\/wp-json\/wp\/v2\/media?parent=88679"}],"wp:term":[{"taxonomy":"category","embeddable":true,"href":"https:\/\/cyclingpro.net\/velopro\/wp-json\/wp\/v2\/categories?post=88679"},{"taxonomy":"post_tag","embeddable":true,"href":"https:\/\/cyclingpro.net\/velopro\/wp-json\/wp\/v2\/tags?post=88679"}],"curies":[{"name":"wp","href":"https:\/\/api.w.org\/{rel}","templated":true}]}}