{"id":88583,"date":"2018-08-31T18:59:12","date_gmt":"2018-08-31T16:59:12","guid":{"rendered":"https:\/\/cyclingpro.net\/velopro\/?p=88583"},"modified":"2018-08-31T18:59:12","modified_gmt":"2018-08-31T16:59:12","slug":"michael-woods-javais-de-tres-bonnes-jambes","status":"publish","type":"post","link":"https:\/\/cyclingpro.net\/velopro\/course\/vuelta-a-espana-tour-espagne\/michael-woods-javais-de-tres-bonnes-jambes\/","title":{"rendered":"Michael Woods : \u00ab J&rsquo;avais de tr\u00e8s bonnes jambes \u00bb"},"content":{"rendered":"<p style=\"text-align: justify;\">Michael Woods (EF-Drapac) a connu une \u00e9tape \u00e9trange ce vendredi. Parti en \u00e9chapp\u00e9e avec six autres coureurs, il est tomb\u00e9 d\u00e8s les premiers kilom\u00e8tres de course et s&rsquo;est ab\u00eem\u00e9 sur tout le c\u00f4t\u00e9 droit. Apr\u00e8s un changement de v\u00e9lo et un passage par la voiture m\u00e9dicale, le Canadien a r\u00e9ussi \u00e0 recoller \u00e0 ses anciens compagnons de fuite. Finalement, il s&rsquo;est av\u00e9r\u00e9 qu&rsquo;il \u00e9tait le plus fort de l&rsquo;\u00e9chapp\u00e9e. Woods a distanc\u00e9 les rescap\u00e9s du groupe dans l&rsquo;ultime ascension, mais n&rsquo;a pu basculer en t\u00eate dans la descente. Il a \u00e9t\u00e9 repris par le groupe des favoris \u00e0 400 m\u00e8tres du sommet.<\/p>\n<p style=\"text-align: justify;\"><strong>Vous aviez l&rsquo;air en forme aujourd&rsquo;hui.<\/strong><\/p>\n<p style=\"text-align: justify;\">Oui, m\u00eame malgr\u00e9 la chute j&rsquo;avais de bonnes jambes. J&rsquo;esp\u00e9rais que nous pourrions rester \u00e0 l&rsquo;avant et creuser l&rsquo;\u00e9cart. Malheureusement, le peloton ne nous a pas laiss\u00e9 assez de marge.<\/p>\n<p style=\"text-align: justify;\"><strong>Racontez-nous votre chute.<\/strong><\/p>\n<p style=\"text-align: justify;\">C&rsquo;\u00e9tait assez t\u00f4t dans l&rsquo;\u00e9chapp\u00e9e : c&rsquo;est juste deux roues qui se sont crois\u00e9es \u00e0 50km\/h. Je suis forc\u00e9ment tr\u00e8s d\u00e9\u00e7u de cette chute.<\/p>\n<p style=\"text-align: justify;\"><strong>Pensiez-vous que les favoris laisseraient l&rsquo;\u00e9chapp\u00e9e aller au bout aujourd&rsquo;hui ?\u00a0<\/strong><\/p>\n<p style=\"text-align: justify;\">Oui c&rsquo;est ce que j&rsquo;esp\u00e9rais vraiment. J&rsquo;avais de tr\u00e8s bonnes jambes, je savais que je pourrai faire la diff\u00e9rence dans la derni\u00e8re ascension. L&rsquo;\u00e9cart n&rsquo;\u00e9tait simplement pas assez important.<\/p>\n<p style=\"text-align: justify;\"><strong>Allez-vous retenter votre chance dans les prochains jours ?\u00a0<\/strong><\/p>\n<p style=\"text-align: justify;\">Vous le savez d\u00e9j\u00e0.<\/p>\n<p><span class=\"wO8\"><iframe loading=\"lazy\" title=\"Michael Woods - post-race interview - Stage 7 - Tour of Spain \/ Vuelta a Espa\u00f1a 2018\" width=\"500\" height=\"281\" src=\"https:\/\/www.youtube.com\/embed\/uxMZS9yBuv4?feature=oembed\" frameborder=\"0\" allow=\"accelerometer; autoplay; clipboard-write; encrypted-media; gyroscope; picture-in-picture; web-share\" referrerpolicy=\"strict-origin-when-cross-origin\" allowfullscreen><\/iframe><\/span><\/p>\n<p>&nbsp;<\/p>\n","protected":false},"excerpt":{"rendered":"<p>Michael Woods (EF-Drapac) a connu une \u00e9tape \u00e9trange ce vendredi. Parti en \u00e9chapp\u00e9e avec six autres coureurs, il est tomb\u00e9 d\u00e8s les premiers kilom\u00e8tres de course et s&rsquo;est ab\u00eem\u00e9 sur tout le c\u00f4t\u00e9 droit. Apr\u00e8s un changement de v\u00e9lo et un passage par la voiture m\u00e9dicale, le Canadien a r\u00e9ussi \u00e0 recoller \u00e0 ses anciens &hellip;<\/p>\n","protected":false},"author":15,"featured_media":88584,"comment_status":"open","ping_status":"open","sticky":false,"template":"","format":"standard","meta":{"footnotes":""},"categories":[11,8,15,18,59,19,28],"tags":[],"class_list":["post-88583","post","type-post","status-publish","format-standard","has-post-thumbnail","hentry","category-news-niveau-2","category-interviews","category-route","category-videos","category-vuelta-a-espana-tour-espagne","category-worldtour","category-course"],"_links":{"self":[{"href":"https:\/\/cyclingpro.net\/velopro\/wp-json\/wp\/v2\/posts\/88583","targetHints":{"allow":["GET"]}}],"collection":[{"href":"https:\/\/cyclingpro.net\/velopro\/wp-json\/wp\/v2\/posts"}],"about":[{"href":"https:\/\/cyclingpro.net\/velopro\/wp-json\/wp\/v2\/types\/post"}],"author":[{"embeddable":true,"href":"https:\/\/cyclingpro.net\/velopro\/wp-json\/wp\/v2\/users\/15"}],"replies":[{"embeddable":true,"href":"https:\/\/cyclingpro.net\/velopro\/wp-json\/wp\/v2\/comments?post=88583"}],"version-history":[{"count":0,"href":"https:\/\/cyclingpro.net\/velopro\/wp-json\/wp\/v2\/posts\/88583\/revisions"}],"wp:featuredmedia":[{"embeddable":true,"href":"https:\/\/cyclingpro.net\/velopro\/wp-json\/wp\/v2\/media\/88584"}],"wp:attachment":[{"href":"https:\/\/cyclingpro.net\/velopro\/wp-json\/wp\/v2\/media?parent=88583"}],"wp:term":[{"taxonomy":"category","embeddable":true,"href":"https:\/\/cyclingpro.net\/velopro\/wp-json\/wp\/v2\/categories?post=88583"},{"taxonomy":"post_tag","embeddable":true,"href":"https:\/\/cyclingpro.net\/velopro\/wp-json\/wp\/v2\/tags?post=88583"}],"curies":[{"name":"wp","href":"https:\/\/api.w.org\/{rel}","templated":true}]}}