{"id":88412,"date":"2018-08-31T12:56:17","date_gmt":"2018-08-31T10:56:17","guid":{"rendered":"https:\/\/cyclingpro.net\/velopro\/?p=88412"},"modified":"2018-08-31T12:56:17","modified_gmt":"2018-08-31T10:56:17","slug":"bahrain-merida-et-heinrich-haussler-sentendent-pour-deux-saisons-supplementaires","status":"publish","type":"post","link":"https:\/\/cyclingpro.net\/velopro\/mercato\/bahrain-merida-et-heinrich-haussler-sentendent-pour-deux-saisons-supplementaires\/","title":{"rendered":"Bahrain-Merida et Heinrich Haussler s&rsquo;entendent pour deux saisons suppl\u00e9mentaires"},"content":{"rendered":"<p style=\"text-align: justify;\">Arriv\u00e9 en 2017 au sein de la Bahrain-Merida, Heinrich Haussler a prolong\u00e9 son contrat de deux ans, jusqu&rsquo;au terme de la saison 2020. L&rsquo;annonce a \u00e9t\u00e9 faite ce vendredi sur le site de l&rsquo;\u00e9quipe du Golfe. A 34 ans, le coureur australien continuera donc d&rsquo;apporter toute son exp\u00e9rience au groupe de la Bahrain.<\/p>\n<p style=\"text-align: justify;\">\u00ab <em>Je suis tr\u00e8s heureux de pouvoir dire que je ferai partie de cette super \u00e9quipe pour deux autres saisons<\/em>, s&rsquo;est satisfait Haussler.\u00a0<em>Particuli\u00e8rement cette saison, courir et faire partie de l&rsquo;\u00e9quipe lors de belles victoires m&rsquo;a aid\u00e9 \u00e0 aimer \u00e0 nouveau le v\u00e9lo.<\/em> \u00bb Apr\u00e8s une saison 2017 marqu\u00e9e par les blessures, le v\u00e9t\u00e9ran australien a pu donner sa pleine mesure cette ann\u00e9e.\u00a0\u00ab <em>Nous avons vu son professionnalisme et sa pers\u00e9v\u00e9rance apr\u00e8s sa blessure l&rsquo;an pass\u00e9<\/em>, abonde alors Brent Copeland, le manager g\u00e9n\u00e9ral. <em>Cela ne montre pas seulement de vraies valeurs de pro, c&rsquo;est aussi la preuve de l&rsquo;amour qu&rsquo;il porte \u00e0 son sport et \u00e0 son \u00e9quipe. Nous sommes tr\u00e8s heureux de le conserver parmi nous.<\/em> \u00bb<\/p>\n<p>&nbsp;<\/p>\n","protected":false},"excerpt":{"rendered":"<p>Arriv\u00e9 en 2017 au sein de la Bahrain-Merida, Heinrich Haussler a prolong\u00e9 son contrat de deux ans, jusqu&rsquo;au terme de la saison 2020. L&rsquo;annonce a \u00e9t\u00e9 faite ce vendredi sur le site de l&rsquo;\u00e9quipe du Golfe. A 34 ans, le coureur australien continuera donc d&rsquo;apporter toute son exp\u00e9rience au groupe de la Bahrain. \u00ab Je &hellip;<\/p>\n","protected":false},"author":15,"featured_media":52340,"comment_status":"open","ping_status":"open","sticky":false,"template":"","format":"standard","meta":{"footnotes":""},"categories":[11,25,15,10],"tags":[],"class_list":["post-88412","post","type-post","status-publish","format-standard","has-post-thumbnail","hentry","category-news-niveau-2","category-news","category-route","category-mercato"],"_links":{"self":[{"href":"https:\/\/cyclingpro.net\/velopro\/wp-json\/wp\/v2\/posts\/88412","targetHints":{"allow":["GET"]}}],"collection":[{"href":"https:\/\/cyclingpro.net\/velopro\/wp-json\/wp\/v2\/posts"}],"about":[{"href":"https:\/\/cyclingpro.net\/velopro\/wp-json\/wp\/v2\/types\/post"}],"author":[{"embeddable":true,"href":"https:\/\/cyclingpro.net\/velopro\/wp-json\/wp\/v2\/users\/15"}],"replies":[{"embeddable":true,"href":"https:\/\/cyclingpro.net\/velopro\/wp-json\/wp\/v2\/comments?post=88412"}],"version-history":[{"count":0,"href":"https:\/\/cyclingpro.net\/velopro\/wp-json\/wp\/v2\/posts\/88412\/revisions"}],"wp:featuredmedia":[{"embeddable":true,"href":"https:\/\/cyclingpro.net\/velopro\/wp-json\/wp\/v2\/media\/52340"}],"wp:attachment":[{"href":"https:\/\/cyclingpro.net\/velopro\/wp-json\/wp\/v2\/media?parent=88412"}],"wp:term":[{"taxonomy":"category","embeddable":true,"href":"https:\/\/cyclingpro.net\/velopro\/wp-json\/wp\/v2\/categories?post=88412"},{"taxonomy":"post_tag","embeddable":true,"href":"https:\/\/cyclingpro.net\/velopro\/wp-json\/wp\/v2\/tags?post=88412"}],"curies":[{"name":"wp","href":"https:\/\/api.w.org\/{rel}","templated":true}]}}