{"id":88388,"date":"2018-08-31T11:25:33","date_gmt":"2018-08-31T09:25:33","guid":{"rendered":"https:\/\/cyclingpro.net\/velopro\/?p=88388"},"modified":"2018-08-31T11:25:33","modified_gmt":"2018-08-31T09:25:33","slug":"tour-de-grande-bretagne-mikel-landa-declare-forfait","status":"publish","type":"post","link":"https:\/\/cyclingpro.net\/velopro\/course\/tour-of-britain\/tour-de-grande-bretagne-mikel-landa-declare-forfait\/","title":{"rendered":"Tour de Grande-Bretagne : Mikel Landa d\u00e9clare forfait"},"content":{"rendered":"<p style=\"text-align: justify;\">Tomb\u00e9 lourdement sur <a href=\"https:\/\/cyclingpro.net\/velopro\/uncategorized\/clasica-san-sebastian-fracture-lombaire-pour-mikel-landa\/\">la Cl\u00e1sica San Sebasti\u00e1n<\/a>, Mikel Landa n&rsquo;est pas encore remis de ses blessures. Il manquera donc le Tour de Grande-Bretagne (2.HC), qui s&rsquo;\u00e9lance ce dimanche. Victime d&rsquo;une fracture d&rsquo;une vert\u00e8bre et d&rsquo;une c\u00f4te sur la course basque, Landa \u00e9tait d\u00e9j\u00e0 annonc\u00e9 <a href=\"https:\/\/cyclingpro.net\/velopro\/infirmerie\/vuelta-vers-un-forfait-de-mikel-landa\/\">au d\u00e9part de la Vuelta avant de d\u00e9clarer forfait<\/a>. Sans donner plus d&rsquo;informations, Movistar annonce qu&rsquo;il n&rsquo;a pas\u00a0\u00ab <em>enti\u00e8rement r\u00e9cup\u00e9r\u00e9, ce qui emp\u00eache pour l&rsquo;instant son retour \u00e0 la comp\u00e9tition<\/em> \u00bb.<\/p>\n<p style=\"text-align: justify;\">Alors que l&rsquo;\u00e9preuve en ligne des mondiaux arrive dans un mois, Landa pourrait \u00eatre pr\u00eat, mais dans quelle condition ? Outre l&rsquo;\u00e9preuve britannique, les GP de Qu\u00e9bec et Montr\u00e9al, les 7 et 9 septembre prochains, sont les seules comp\u00e9titions pr\u00e9vues d&rsquo;ici l\u00e0 au calendrier de la Movistar.<\/p>\n<p style=\"text-align: justify;\"><span style=\"text-decoration: underline;\">La s\u00e9lection Movistar pour le Tour de Grande-Bretagne :<\/span> Ruben Fernandez, Jasha S\u00fctterlin, Jos\u00e9 Joaquim Rojas, Carlos Barbero, Eduardo Sepulveda et Victor De La Parte.<\/p>\n<blockquote class=\"twitter-tweet\" data-lang=\"fr\">\n<p dir=\"ltr\" lang=\"es\">&#x2708;&#xfe0f;&#x1f1ec;&#x1f1e7; El domingo comenzamos una nueva edici\u00f3n del <a href=\"https:\/\/twitter.com\/TourofBritain?ref_src=twsrc%5Etfw\">@TourofBritain<\/a>, este a\u00f1o con CRE + final en alto + muchos repechos e inc\u00f3modas llegadas por Gales e Inglaterra. Gu\u00eda con alineaci\u00f3n, TV (<a href=\"https:\/\/twitter.com\/Eurosport_ES?ref_src=twsrc%5Etfw\">@Eurosport_ES<\/a>) y toda la info &#x1f449; <a href=\"https:\/\/t.co\/ZbUCmOhdz5\">https:\/\/t.co\/ZbUCmOhdz5<\/a> <a href=\"https:\/\/twitter.com\/hashtag\/OVOToB?src=hash&amp;ref_src=twsrc%5Etfw\">#OVOToB<\/a> <a href=\"https:\/\/t.co\/mdJARL2AsV\">pic.twitter.com\/mdJARL2AsV<\/a><\/p>\n<p>\u2014 Movistar Team (@Movistar_Team) <a href=\"https:\/\/twitter.com\/Movistar_Team\/status\/1035205095288438784?ref_src=twsrc%5Etfw\">30 ao\u00fbt 2018<\/a><\/p><\/blockquote>\n<p><script async src=\"https:\/\/platform.twitter.com\/widgets.js\" charset=\"utf-8\"><\/script><\/p>\n","protected":false},"excerpt":{"rendered":"<p>Tomb\u00e9 lourdement sur la Cl\u00e1sica San Sebasti\u00e1n, Mikel Landa n&rsquo;est pas encore remis de ses blessures. Il manquera donc le Tour de Grande-Bretagne (2.HC), qui s&rsquo;\u00e9lance ce dimanche. Victime d&rsquo;une fracture d&rsquo;une vert\u00e8bre et d&rsquo;une c\u00f4te sur la course basque, Landa \u00e9tait d\u00e9j\u00e0 annonc\u00e9 au d\u00e9part de la Vuelta avant de d\u00e9clarer forfait. Sans donner &hellip;<\/p>\n","protected":false},"author":15,"featured_media":55840,"comment_status":"open","ping_status":"open","sticky":false,"template":"","format":"standard","meta":{"footnotes":""},"categories":[11,25,15,165,28],"tags":[],"class_list":["post-88388","post","type-post","status-publish","format-standard","has-post-thumbnail","hentry","category-news-niveau-2","category-news","category-route","category-tour-of-britain","category-course"],"_links":{"self":[{"href":"https:\/\/cyclingpro.net\/velopro\/wp-json\/wp\/v2\/posts\/88388","targetHints":{"allow":["GET"]}}],"collection":[{"href":"https:\/\/cyclingpro.net\/velopro\/wp-json\/wp\/v2\/posts"}],"about":[{"href":"https:\/\/cyclingpro.net\/velopro\/wp-json\/wp\/v2\/types\/post"}],"author":[{"embeddable":true,"href":"https:\/\/cyclingpro.net\/velopro\/wp-json\/wp\/v2\/users\/15"}],"replies":[{"embeddable":true,"href":"https:\/\/cyclingpro.net\/velopro\/wp-json\/wp\/v2\/comments?post=88388"}],"version-history":[{"count":0,"href":"https:\/\/cyclingpro.net\/velopro\/wp-json\/wp\/v2\/posts\/88388\/revisions"}],"wp:featuredmedia":[{"embeddable":true,"href":"https:\/\/cyclingpro.net\/velopro\/wp-json\/wp\/v2\/media\/55840"}],"wp:attachment":[{"href":"https:\/\/cyclingpro.net\/velopro\/wp-json\/wp\/v2\/media?parent=88388"}],"wp:term":[{"taxonomy":"category","embeddable":true,"href":"https:\/\/cyclingpro.net\/velopro\/wp-json\/wp\/v2\/categories?post=88388"},{"taxonomy":"post_tag","embeddable":true,"href":"https:\/\/cyclingpro.net\/velopro\/wp-json\/wp\/v2\/tags?post=88388"}],"curies":[{"name":"wp","href":"https:\/\/api.w.org\/{rel}","templated":true}]}}