{"id":88376,"date":"2018-08-31T10:16:18","date_gmt":"2018-08-31T08:16:18","guid":{"rendered":"https:\/\/cyclingpro.net\/velopro\/?p=88376"},"modified":"2018-08-31T10:16:18","modified_gmt":"2018-08-31T08:16:18","slug":"wout-van-aert-mon-intention-etait-de-respecter-le-contrat-mais-jai-change-davis","status":"publish","type":"post","link":"https:\/\/cyclingpro.net\/velopro\/une\/wout-van-aert-mon-intention-etait-de-respecter-le-contrat-mais-jai-change-davis\/","title":{"rendered":"Wout van Aert : \u00ab Mon intention \u00e9tait de respecter le contrat, mais j&rsquo;ai chang\u00e9 d&rsquo;avis \u00bb"},"content":{"rendered":"<p style=\"text-align: justify;\">Wout van Aert ne veut pas faire partie de la nouvelle formation Roompot-Crelan. <a href=\"https:\/\/cyclingpro.net\/velopro\/news\/veranda-willems-crelan-et-roompot-fusionnent\/\">La fusion annonc\u00e9e hier entre la V\u00e9randas Willems-Crelan et la Roompot<\/a> semblait pourtant \u00eatre une bonne nouvelle, mais le triple champion du monde de cyclo-cross a exprim\u00e9 son d\u00e9saccord dans les colonnes du Het Laatste Nieuws. En d\u00e9pit d&rsquo;une ann\u00e9e de contrat restante, van Aert veut partir.<\/p>\n<p style=\"text-align: justify;\">Dans le quotidien flamand, Wout van Aert revient sur les derni\u00e8res semaines agit\u00e9es. De la fusion annonc\u00e9e avec Aqua Blue Sport qui n&rsquo;a jamais eu lieu, conduisant \u00e0 la fermeture d\u00e9finitive de l&rsquo;\u00e9quipe irlandaise, jusqu&rsquo;\u00e0 l&rsquo;annone d&rsquo;hier, dont il a appris l&rsquo;existence \u00ab <em>cinq minutes avant la sortie<\/em> \u00bb, par un bref appel t\u00e9l\u00e9phonique.<\/p>\n<p style=\"text-align: justify;\">Parmi les nombreux probl\u00e8mes, il y a aussi la dissolution d&rsquo;un projet qui l&rsquo;avait convaincu, avec le d\u00e9part de plusieurs de ses hommes de confiance, que ce soit parmi les coureurs ou le staff. Une situation que le coureur de 23 ans a d\u00e9crit comme une forme de harc\u00e8lement. \u00ab <em>La coupe est pleine<\/em>, a-t-il comment\u00e9. <em>Il est difficile de penser qu&rsquo;un employ\u00e9 peut \u00eatre maltrait\u00e9 au 21e si\u00e8cle. A un certain moment, vous atteignez la limite, et ce moment est arriv\u00e9.<\/em> \u00bb<\/p>\n<p style=\"text-align: justify;\">Van Aert a bien pr\u00e9cis\u00e9 qu&rsquo;il n&rsquo;avait rien contre la formation Roompot, qui est une \u00e9quipe solide d&rsquo;apr\u00e8s lui. En revanche, il \u00e9tait une nouvelle fois tr\u00e8s d\u00e9\u00e7u par ses dirigeants. \u00ab <em>J&rsquo;en ai assez. Oui, mon intention \u00e9tait de respecter le contrat jusqu&rsquo;\u00e0 la fin de 2019, mais maintenant j&rsquo;ai chang\u00e9 d&rsquo;avis<\/em>, a-t-il encore expliqu\u00e9. <em>Ils en ont trop fait, sans m&rsquo;impliquer ou me demander mon point de vue.<\/em> \u00bb<\/p>\n<p style=\"text-align: justify;\">L&rsquo;objectif du r\u00e9cent troisi\u00e8me de la course en ligne des championnats d&rsquo;Europe est d\u00e9sormais de \u00ab<em> s&rsquo;asseoir autour d&rsquo;une table et de trouver une solution<\/em> \u00bb. Nul doute que son intention est de mettre fin \u00e0 son contrat avec la future Roompot-Crelan. Wout van Aert anticiperait ainsi son d\u00e9part chez Jumbo, avec qui il a d\u00e9j\u00e0 sign\u00e9 un accord \u00e0 partir de 2020.<\/p>\n","protected":false},"excerpt":{"rendered":"<p>Wout van Aert ne veut pas faire partie de la nouvelle formation Roompot-Crelan. La fusion annonc\u00e9e hier entre la V\u00e9randas Willems-Crelan et la Roompot semblait pourtant \u00eatre une bonne nouvelle, mais le triple champion du monde de cyclo-cross a exprim\u00e9 son d\u00e9saccord dans les colonnes du Het Laatste Nieuws. En d\u00e9pit d&rsquo;une ann\u00e9e de contrat &hellip;<\/p>\n","protected":false},"author":15,"featured_media":57681,"comment_status":"open","ping_status":"open","sticky":false,"template":"","format":"standard","meta":{"footnotes":""},"categories":[17,8,25,221],"tags":[],"class_list":["post-88376","post","type-post","status-publish","format-standard","has-post-thumbnail","hentry","category-une","category-interviews","category-news","category-sponsors"],"_links":{"self":[{"href":"https:\/\/cyclingpro.net\/velopro\/wp-json\/wp\/v2\/posts\/88376","targetHints":{"allow":["GET"]}}],"collection":[{"href":"https:\/\/cyclingpro.net\/velopro\/wp-json\/wp\/v2\/posts"}],"about":[{"href":"https:\/\/cyclingpro.net\/velopro\/wp-json\/wp\/v2\/types\/post"}],"author":[{"embeddable":true,"href":"https:\/\/cyclingpro.net\/velopro\/wp-json\/wp\/v2\/users\/15"}],"replies":[{"embeddable":true,"href":"https:\/\/cyclingpro.net\/velopro\/wp-json\/wp\/v2\/comments?post=88376"}],"version-history":[{"count":0,"href":"https:\/\/cyclingpro.net\/velopro\/wp-json\/wp\/v2\/posts\/88376\/revisions"}],"wp:featuredmedia":[{"embeddable":true,"href":"https:\/\/cyclingpro.net\/velopro\/wp-json\/wp\/v2\/media\/57681"}],"wp:attachment":[{"href":"https:\/\/cyclingpro.net\/velopro\/wp-json\/wp\/v2\/media?parent=88376"}],"wp:term":[{"taxonomy":"category","embeddable":true,"href":"https:\/\/cyclingpro.net\/velopro\/wp-json\/wp\/v2\/categories?post=88376"},{"taxonomy":"post_tag","embeddable":true,"href":"https:\/\/cyclingpro.net\/velopro\/wp-json\/wp\/v2\/tags?post=88376"}],"curies":[{"name":"wp","href":"https:\/\/api.w.org\/{rel}","templated":true}]}}