{"id":87128,"date":"2018-08-25T19:14:27","date_gmt":"2018-08-25T17:14:27","guid":{"rendered":"https:\/\/cyclingpro.net\/velopro\/?p=87128"},"modified":"2018-08-25T19:14:27","modified_gmt":"2018-08-25T17:14:27","slug":"thibaut-pinot-je-suis-plutot-satisfait","status":"publish","type":"post","link":"https:\/\/cyclingpro.net\/velopro\/course\/vuelta-a-espana-tour-espagne\/thibaut-pinot-je-suis-plutot-satisfait\/","title":{"rendered":"Thibaut Pinot : \u00ab Je suis plut\u00f4t satisfait \u00bb"},"content":{"rendered":"<p style=\"text-align: justify;\">Thibaut Pinot (Groupama-FDJ) a boucl\u00e9 les 8km du contre-la-montre inaugural en 10&rsquo;19&Prime;66. Onze secondes de mieux que Richie Porte (BMC) sur le parcours propos\u00e9 dans les rues de Malaga. \u00ab <em>C&rsquo;\u00e9tait un tr\u00e8s beau chrono, j&rsquo;ai donn\u00e9 ce que j&rsquo;avais aujourd&rsquo;hui. Au final, je suis plut\u00f4t satisfait<\/em> \u00bb, a-t-il d\u00e9clar\u00e9 \u00e0 l&rsquo;arriv\u00e9e.<\/p>\n<p style=\"text-align: justify;\">L&rsquo;int\u00e9gralit\u00e9 de sa r\u00e9action est \u00e0 \u00e9couter ci-dessous.<\/p>\n<p><span class=\"1vIXFb84zSNhwft6\"><iframe loading=\"lazy\" title=\"Thibaut Pinot - interview d&#039;arriv\u00e9e - 1e \u00e9tape - Tour d&#039;Espagne \/ Vuelta a Espa\u00f1a 2018\" width=\"500\" height=\"281\" src=\"https:\/\/www.youtube.com\/embed\/vBT4DEX4BjE?feature=oembed\" frameborder=\"0\" allow=\"accelerometer; autoplay; clipboard-write; encrypted-media; gyroscope; picture-in-picture; web-share\" referrerpolicy=\"strict-origin-when-cross-origin\" allowfullscreen><\/iframe><\/span><\/p>\n","protected":false},"excerpt":{"rendered":"<p>Thibaut Pinot (Groupama-FDJ) a boucl\u00e9 les 8km du contre-la-montre inaugural en 10&rsquo;19&Prime;66. Onze secondes de mieux que Richie Porte (BMC) sur le parcours propos\u00e9 dans les rues de Malaga. \u00ab C&rsquo;\u00e9tait un tr\u00e8s beau chrono, j&rsquo;ai donn\u00e9 ce que j&rsquo;avais aujourd&rsquo;hui. Au final, je suis plut\u00f4t satisfait \u00bb, a-t-il d\u00e9clar\u00e9 \u00e0 l&rsquo;arriv\u00e9e. L&rsquo;int\u00e9gralit\u00e9 de sa &hellip;<\/p>\n","protected":false},"author":15,"featured_media":0,"comment_status":"open","ping_status":"open","sticky":false,"template":"","format":"standard","meta":{"footnotes":""},"categories":[11,8,15,59,19,28],"tags":[],"class_list":["post-87128","post","type-post","status-publish","format-standard","hentry","category-news-niveau-2","category-interviews","category-route","category-vuelta-a-espana-tour-espagne","category-worldtour","category-course"],"_links":{"self":[{"href":"https:\/\/cyclingpro.net\/velopro\/wp-json\/wp\/v2\/posts\/87128","targetHints":{"allow":["GET"]}}],"collection":[{"href":"https:\/\/cyclingpro.net\/velopro\/wp-json\/wp\/v2\/posts"}],"about":[{"href":"https:\/\/cyclingpro.net\/velopro\/wp-json\/wp\/v2\/types\/post"}],"author":[{"embeddable":true,"href":"https:\/\/cyclingpro.net\/velopro\/wp-json\/wp\/v2\/users\/15"}],"replies":[{"embeddable":true,"href":"https:\/\/cyclingpro.net\/velopro\/wp-json\/wp\/v2\/comments?post=87128"}],"version-history":[{"count":0,"href":"https:\/\/cyclingpro.net\/velopro\/wp-json\/wp\/v2\/posts\/87128\/revisions"}],"wp:attachment":[{"href":"https:\/\/cyclingpro.net\/velopro\/wp-json\/wp\/v2\/media?parent=87128"}],"wp:term":[{"taxonomy":"category","embeddable":true,"href":"https:\/\/cyclingpro.net\/velopro\/wp-json\/wp\/v2\/categories?post=87128"},{"taxonomy":"post_tag","embeddable":true,"href":"https:\/\/cyclingpro.net\/velopro\/wp-json\/wp\/v2\/tags?post=87128"}],"curies":[{"name":"wp","href":"https:\/\/api.w.org\/{rel}","templated":true}]}}