{"id":86989,"date":"2018-08-25T11:21:12","date_gmt":"2018-08-25T09:21:12","guid":{"rendered":"https:\/\/cyclingpro.net\/velopro\/?p=86989"},"modified":"2018-08-25T11:23:07","modified_gmt":"2018-08-25T09:23:07","slug":"maximilian-schachmann-javais-marque-cette-course-dans-mon-calendrier","status":"publish","type":"post","link":"https:\/\/cyclingpro.net\/velopro\/course\/deutschland-tour\/maximilian-schachmann-javais-marque-cette-course-dans-mon-calendrier\/","title":{"rendered":"Maximilian Schachmann : \u00ab J&rsquo;avais marqu\u00e9 cette course dans mon calendrier \u00bb"},"content":{"rendered":"<p style=\"text-align: justify;\">Maximilian Schachmann a fait coup double ce vendredi sur le Tour d&rsquo;Allemagne. <a href=\"https:\/\/cyclingpro.net\/velopro\/course\/tour-dallemagne\/tour-dallemagne-maximilian-schachmann-remporte-une-course-de-mouvements\/\">En remportant la deuxi\u00e8me \u00e9tape devant Matej Mohoric (Bahrain-Merida) et Tom Dumoulin (Sunweb)<\/a>, le coureur allemand de 24 ans a pris la t\u00eate du classement g\u00e9n\u00e9ral.<\/p>\n<p style=\"text-align: justify;\">Dix ans apr\u00e8s sa derni\u00e8re \u00e9dition, le retour du Tour d&rsquo;Allemagne au calendrier UCI \u00e9tait un \u00e9v\u00e9nement important pour Maximilian Schachmann. \u00ab <em>J&rsquo;avais marqu\u00e9 cette course dans mon calendrier, donc gagner ici, devant tant de fans, c&rsquo;est vraiment incroyable ! Passer en t\u00eate du classement g\u00e9n\u00e9ral, c&rsquo;est du bonus et cela me rend fier de porter le maillot, mais je ne veux pas penser au g\u00e9n\u00e9ral pour l&rsquo;instant, il reste encore deux \u00e9tapes difficiles<\/em>, a-t-il d\u00e9taill\u00e9. <em>Cela dit, l&rsquo;\u00e9quipe est forte et motiv\u00e9e, comme vous avez pu le voir ces deux \u00e9tapes, et nous ferons tout pour d\u00e9fendre le maillot.<\/em> \u00bb<\/p>\n<p style=\"text-align: justify;\">Au terme d&rsquo;une \u00e9tape mouvement\u00e9e, le rouleur allemand s&rsquo;est retrouv\u00e9 \u00e0 500 m\u00e8tres de la ligne avec Matej Mohoric, Tom Dumoulin et Nils Politt. Il a r\u00e9gl\u00e9 le petit groupe au sprint pour signer la 57e victoire de l&rsquo;ann\u00e9e de la Quick-Step, la deuxi\u00e8me en deux jours sur le Tour d&rsquo;Allemagne <a href=\"https:\/\/cyclingpro.net\/velopro\/course\/tour-dallemagne\/tour-dallemagne-alvaro-hodeg-dun-cheveu-devant-pascal-ackermann\/\">apr\u00e8s le succ\u00e8s inaugural d&rsquo;Alvaro Hodeg<\/a>. \u00ab <em>L&rsquo;\u00e9tape a \u00e9t\u00e9 tr\u00e8s nerveuse, et plusieurs groupes ont tent\u00e9 leur chance de loin, \u00e0 60 kilom\u00e8tres de l&rsquo;arriv\u00e9e. Si je n&rsquo;avais pas eu mes co\u00e9quipiers avec moi, cela aurait pu \u00eatre vraiment dangereux<\/em>, d\u00e9crit Schachmann. <em>Quand Dumoulin est parti, je savais que c&rsquo;\u00e9tait un mouvement important, donc je suis sorti \u00e0 mon tour et j&rsquo;ai r\u00e9ussi \u00e0 le rejoindre assez vite, tout en m&rsquo;assurant que je ne me mettais pas dans le rouge. Nous avons bien travaill\u00e9 ensemble, mais ensuite Mohoric et Politt ont fait la jonction ; sachant que le dernier cit\u00e9 allait arriver vite, je me suis mis derri\u00e8re lui et j&rsquo;ai pris son aspiration. Heureusement, j&rsquo;avais encore de quoi retenir Mohoric et prendre cette belle victoire dans mon pays.<\/em> \u00bb<\/p>\n<p style=\"text-align: justify;\">Reste maintenant deux \u00e9tapes \u00e0 Maximilian Schachmann pour tenter de ramener son maillot de leader \u00e0 Stuttgart, l\u00e0 o\u00f9 sera jug\u00e9e, dimanche, l&rsquo;arriv\u00e9e de la derni\u00e8re \u00e9tape.<\/p>\n<blockquote class=\"twitter-tweet\" data-lang=\"fr\">\n<p dir=\"ltr\" lang=\"en\">.<a href=\"https:\/\/twitter.com\/MaxSchachmann?ref_src=twsrc%5Etfw\">@MaxSchachmann<\/a> reigned supreme today at the <a href=\"https:\/\/twitter.com\/hashtag\/DeutschlandTour?src=hash&amp;ref_src=twsrc%5Etfw\">#DeutschlandTour<\/a>, capturing the stage win and three jerseys:<br \/>\n<a href=\"https:\/\/t.co\/5bmGHWr86i\">https:\/\/t.co\/5bmGHWr86i<\/a><br \/>\nPhoto: <a href=\"https:\/\/twitter.com\/GettySport?ref_src=twsrc%5Etfw\">@GettySport<\/a> <a href=\"https:\/\/t.co\/8m38jIjFNY\">pic.twitter.com\/8m38jIjFNY<\/a><\/p>\n<p>\u2014 Quick-Step Cycling (@quickstepteam) <a href=\"https:\/\/twitter.com\/quickstepteam\/status\/1033067297261412352?ref_src=twsrc%5Etfw\">24 ao\u00fbt 2018<\/a><\/p><\/blockquote>\n<p><script async src=\"https:\/\/platform.twitter.com\/widgets.js\" charset=\"utf-8\"><\/script><\/p>\n","protected":false},"excerpt":{"rendered":"<p>Maximilian Schachmann a fait coup double ce vendredi sur le Tour d&rsquo;Allemagne. En remportant la deuxi\u00e8me \u00e9tape devant Matej Mohoric (Bahrain-Merida) et Tom Dumoulin (Sunweb), le coureur allemand de 24 ans a pris la t\u00eate du classement g\u00e9n\u00e9ral. Dix ans apr\u00e8s sa derni\u00e8re \u00e9dition, le retour du Tour d&rsquo;Allemagne au calendrier UCI \u00e9tait un \u00e9v\u00e9nement &hellip;<\/p>\n","protected":false},"author":15,"featured_media":86990,"comment_status":"open","ping_status":"open","sticky":false,"template":"","format":"standard","meta":{"footnotes":""},"categories":[11,8,15,231,28],"tags":[],"class_list":["post-86989","post","type-post","status-publish","format-standard","has-post-thumbnail","hentry","category-news-niveau-2","category-interviews","category-route","category-deutschland-tour","category-course"],"_links":{"self":[{"href":"https:\/\/cyclingpro.net\/velopro\/wp-json\/wp\/v2\/posts\/86989","targetHints":{"allow":["GET"]}}],"collection":[{"href":"https:\/\/cyclingpro.net\/velopro\/wp-json\/wp\/v2\/posts"}],"about":[{"href":"https:\/\/cyclingpro.net\/velopro\/wp-json\/wp\/v2\/types\/post"}],"author":[{"embeddable":true,"href":"https:\/\/cyclingpro.net\/velopro\/wp-json\/wp\/v2\/users\/15"}],"replies":[{"embeddable":true,"href":"https:\/\/cyclingpro.net\/velopro\/wp-json\/wp\/v2\/comments?post=86989"}],"version-history":[{"count":0,"href":"https:\/\/cyclingpro.net\/velopro\/wp-json\/wp\/v2\/posts\/86989\/revisions"}],"wp:featuredmedia":[{"embeddable":true,"href":"https:\/\/cyclingpro.net\/velopro\/wp-json\/wp\/v2\/media\/86990"}],"wp:attachment":[{"href":"https:\/\/cyclingpro.net\/velopro\/wp-json\/wp\/v2\/media?parent=86989"}],"wp:term":[{"taxonomy":"category","embeddable":true,"href":"https:\/\/cyclingpro.net\/velopro\/wp-json\/wp\/v2\/categories?post=86989"},{"taxonomy":"post_tag","embeddable":true,"href":"https:\/\/cyclingpro.net\/velopro\/wp-json\/wp\/v2\/tags?post=86989"}],"curies":[{"name":"wp","href":"https:\/\/api.w.org\/{rel}","templated":true}]}}