{"id":86946,"date":"2018-08-24T17:59:34","date_gmt":"2018-08-24T15:59:34","guid":{"rendered":"https:\/\/cyclingpro.net\/velopro\/?p=86946"},"modified":"2018-08-24T18:06:31","modified_gmt":"2018-08-24T16:06:31","slug":"bretagne-classic-trek-segafredo-sannonce-autour-de-john-degenkolb","status":"publish","type":"post","link":"https:\/\/cyclingpro.net\/velopro\/course\/bretagne-classic\/bretagne-classic-trek-segafredo-sannonce-autour-de-john-degenkolb\/","title":{"rendered":"Bretagne Classic : Trek-Segafredo s&rsquo;annonce autour de John Degenkolb"},"content":{"rendered":"<p style=\"text-align: justify;\">Trek-Segafredo a annonc\u00e9 ce vendredi apr\u00e8s-midi sa composition pour disputer, dimanche, la Bretagne Classic (1.UWT). L&rsquo;\u00e9quipe am\u00e9ricaine fera une nouvelle fois confiance \u00e0 son sprinteur John Degenkolb, quatri\u00e8me de la Cyclassics de Hambourg la semaine derni\u00e8re. Pour l&rsquo;occasion, le sprinteur allemand sera \u00e9paul\u00e9 par Michael Gogl et Julien Bernard, qui viennent de terminer le Tour du Poitou-Charentes aux 5e et 10e places. L&rsquo;exp\u00e9riment\u00e9 Koen de Kort sera le capitaine de route de la Trek. Le gros rouleur Ryan Mullen s&rsquo;ajoute \u00e0 la s\u00e9lection compl\u00e9t\u00e9e par deux grimpeurs : Tsgabu Grmay et Ruben Guerreiro.<\/p>\n<blockquote class=\"twitter-tweet\" data-lang=\"fr\">\n<p dir=\"ltr\" lang=\"en\">This Sunday we are racing once again in Plouay at the <a href=\"https:\/\/twitter.com\/hashtag\/BretagneClassic?src=hash&amp;ref_src=twsrc%5Etfw\">#BretagneClassic<\/a><br \/>\nHere&rsquo;s our lineup for the WorldTour one-day race:<\/p>\n<p>&#x1f1e9;&#x1f1ea; <a href=\"https:\/\/twitter.com\/johndegenkolb?ref_src=twsrc%5Etfw\">@johndegenkolb<\/a><br \/>\n&#x1f1eb;&#x1f1f7; <a href=\"https:\/\/twitter.com\/JulienBernard17?ref_src=twsrc%5Etfw\">@JulienBernard17<\/a><br \/>\n&#x1f1f3;&#x1f1f1; <a href=\"https:\/\/twitter.com\/koendekort?ref_src=twsrc%5Etfw\">@koendekort<\/a><br \/>\n&#x1f1e6;&#x1f1f9; <a href=\"https:\/\/twitter.com\/MichaelGogl?ref_src=twsrc%5Etfw\">@MichaelGogl<\/a><br \/>\n&#x1f1ea;&#x1f1f9; <a href=\"https:\/\/twitter.com\/TsgabuG?ref_src=twsrc%5Etfw\">@TsgabuG<\/a><br \/>\n&#x1f1f5;&#x1f1f9; <a href=\"https:\/\/twitter.com\/Rguerreiro94?ref_src=twsrc%5Etfw\">@Rguerreiro94<\/a><br \/>\n&#x1f1ee;&#x1f1ea; <a href=\"https:\/\/twitter.com\/ryanmullen9?ref_src=twsrc%5Etfw\">@ryanmullen9<\/a> <a href=\"https:\/\/t.co\/TXkUXM4VpH\">pic.twitter.com\/TXkUXM4VpH<\/a><\/p>\n<p>\u2014 Trek-Segafredo (@TrekSegafredo) <a href=\"https:\/\/twitter.com\/TrekSegafredo\/status\/1033016160206315520?ref_src=twsrc%5Etfw\">24 ao\u00fbt 2018<\/a><\/p><\/blockquote>\n<p><script async src=\"https:\/\/platform.twitter.com\/widgets.js\" charset=\"utf-8\"><\/script><\/p>\n","protected":false},"excerpt":{"rendered":"<p>Trek-Segafredo a annonc\u00e9 ce vendredi apr\u00e8s-midi sa composition pour disputer, dimanche, la Bretagne Classic (1.UWT). L&rsquo;\u00e9quipe am\u00e9ricaine fera une nouvelle fois confiance \u00e0 son sprinteur John Degenkolb, quatri\u00e8me de la Cyclassics de Hambourg la semaine derni\u00e8re. Pour l&rsquo;occasion, le sprinteur allemand sera \u00e9paul\u00e9 par Michael Gogl et Julien Bernard, qui viennent de terminer le Tour &hellip;<\/p>\n","protected":false},"author":15,"featured_media":79707,"comment_status":"open","ping_status":"open","sticky":false,"template":"","format":"standard","meta":{"footnotes":""},"categories":[11,158,26,25,15,19,28],"tags":[],"class_list":["post-86946","post","type-post","status-publish","format-standard","has-post-thumbnail","hentry","category-news-niveau-2","category-bretagne-classic","category-compositions","category-news","category-route","category-worldtour","category-course"],"_links":{"self":[{"href":"https:\/\/cyclingpro.net\/velopro\/wp-json\/wp\/v2\/posts\/86946","targetHints":{"allow":["GET"]}}],"collection":[{"href":"https:\/\/cyclingpro.net\/velopro\/wp-json\/wp\/v2\/posts"}],"about":[{"href":"https:\/\/cyclingpro.net\/velopro\/wp-json\/wp\/v2\/types\/post"}],"author":[{"embeddable":true,"href":"https:\/\/cyclingpro.net\/velopro\/wp-json\/wp\/v2\/users\/15"}],"replies":[{"embeddable":true,"href":"https:\/\/cyclingpro.net\/velopro\/wp-json\/wp\/v2\/comments?post=86946"}],"version-history":[{"count":0,"href":"https:\/\/cyclingpro.net\/velopro\/wp-json\/wp\/v2\/posts\/86946\/revisions"}],"wp:featuredmedia":[{"embeddable":true,"href":"https:\/\/cyclingpro.net\/velopro\/wp-json\/wp\/v2\/media\/79707"}],"wp:attachment":[{"href":"https:\/\/cyclingpro.net\/velopro\/wp-json\/wp\/v2\/media?parent=86946"}],"wp:term":[{"taxonomy":"category","embeddable":true,"href":"https:\/\/cyclingpro.net\/velopro\/wp-json\/wp\/v2\/categories?post=86946"},{"taxonomy":"post_tag","embeddable":true,"href":"https:\/\/cyclingpro.net\/velopro\/wp-json\/wp\/v2\/tags?post=86946"}],"curies":[{"name":"wp","href":"https:\/\/api.w.org\/{rel}","templated":true}]}}