{"id":86341,"date":"2018-08-20T11:36:45","date_gmt":"2018-08-20T09:36:45","guid":{"rendered":"https:\/\/cyclingpro.net\/velopro\/?p=86341"},"modified":"2018-08-20T11:38:23","modified_gmt":"2018-08-20T09:38:23","slug":"vuelta-la-katusha-alpecin-autour-dilnur-zakarin","status":"publish","type":"post","link":"https:\/\/cyclingpro.net\/velopro\/course\/vuelta-a-espana-tour-espagne\/vuelta-la-katusha-alpecin-autour-dilnur-zakarin\/","title":{"rendered":"Vuelta : La Katusha-Alpecin autour d&rsquo;Ilnur Zakarin"},"content":{"rendered":"<p style=\"text-align: justify;\">Ilnur Zakarin s&rsquo;appr\u00eate \u00e0 retrouver le th\u00e9\u00e2tre de sa plus grande performance chez les pros. La saison derni\u00e8re, le Russe parvenait \u00e0 se hisser en troisi\u00e8me position du classement g\u00e9n\u00e9ral du Tour d&rsquo;Espagne, qu&rsquo;il avait alors sp\u00e9cifiquement pr\u00e9par\u00e9. Cette ann\u00e9e, le leader de la Katusha-Alpecin avait davantage cibl\u00e9 le Tour de France, o\u00f9 il a h\u00e9rit\u00e9 d&rsquo;une modeste neuvi\u00e8me place. Il sera malgr\u00e9 tout aux commandes de la formation suisse \u00e0 compter de ce samedi, et pour les trois semaines suivantes. Pour lui pr\u00eater main forte dans les montagnes, on retrouvera \u00e0 nouveau l&rsquo;Am\u00e9ricain Ian Boswell, mais aussi les Portugais Tiago Machado et Jose Gon\u00e7alves. Reto Hollenstein, Pavel Kochetkov, Maurits Lammertink et Jhonatan Restrepo seront \u00e9galement pr\u00e9sents aupr\u00e8s du Russe. Malgr\u00e9 tout, la Katusha-Alpecin devrait aussi jouer l&rsquo;offensive sur la Vuelta, et ainsi donner carte blanche \u00e0 la majeure partie de ses coureurs.<\/p>\n<blockquote class=\"twitter-tweet\" data-lang=\"fr\">\n<p dir=\"ltr\" lang=\"en\">Strong team to support <a href=\"https:\/\/twitter.com\/IlnurZakarin?ref_src=twsrc%5Etfw\">@IlnurZakarin<\/a> in <a href=\"https:\/\/twitter.com\/hashtag\/LaVuelta18?src=hash&amp;ref_src=twsrc%5Etfw\">#LaVuelta18<\/a>. Here is lineup <a href=\"https:\/\/twitter.com\/hashtag\/TeamKatushaAlpecin?src=hash&amp;ref_src=twsrc%5Etfw\">#TeamKatushaAlpecin<\/a> <a href=\"https:\/\/twitter.com\/lavuelta?ref_src=twsrc%5Etfw\">@lavuelta<\/a> <a href=\"https:\/\/twitter.com\/hashtag\/racetowin?src=hash&amp;ref_src=twsrc%5Etfw\">#racetowin<\/a> <a href=\"https:\/\/twitter.com\/hashtag\/raceasafamily?src=hash&amp;ref_src=twsrc%5Etfw\">#raceasafamily<\/a> <a href=\"https:\/\/t.co\/XsinnqDiTo\">pic.twitter.com\/XsinnqDiTo<\/a><\/p>\n<p>\u2014 Team KATUSHA ALPECIN (@katushacycling) <a href=\"https:\/\/twitter.com\/katushacycling\/status\/1031468231503040512?ref_src=twsrc%5Etfw\">20 ao\u00fbt 2018<\/a><\/p><\/blockquote>\n<p><script async src=\"https:\/\/platform.twitter.com\/widgets.js\" charset=\"utf-8\"><\/script><\/p>\n","protected":false},"excerpt":{"rendered":"<p>Ilnur Zakarin s&rsquo;appr\u00eate \u00e0 retrouver le th\u00e9\u00e2tre de sa plus grande performance chez les pros. La saison derni\u00e8re, le Russe parvenait \u00e0 se hisser en troisi\u00e8me position du classement g\u00e9n\u00e9ral du Tour d&rsquo;Espagne, qu&rsquo;il avait alors sp\u00e9cifiquement pr\u00e9par\u00e9. Cette ann\u00e9e, le leader de la Katusha-Alpecin avait davantage cibl\u00e9 le Tour de France, o\u00f9 il a &hellip;<\/p>\n","protected":false},"author":5,"featured_media":83404,"comment_status":"open","ping_status":"open","sticky":false,"template":"","format":"standard","meta":{"footnotes":""},"categories":[11,26,15,59],"tags":[],"class_list":["post-86341","post","type-post","status-publish","format-standard","has-post-thumbnail","hentry","category-news-niveau-2","category-compositions","category-route","category-vuelta-a-espana-tour-espagne"],"_links":{"self":[{"href":"https:\/\/cyclingpro.net\/velopro\/wp-json\/wp\/v2\/posts\/86341","targetHints":{"allow":["GET"]}}],"collection":[{"href":"https:\/\/cyclingpro.net\/velopro\/wp-json\/wp\/v2\/posts"}],"about":[{"href":"https:\/\/cyclingpro.net\/velopro\/wp-json\/wp\/v2\/types\/post"}],"author":[{"embeddable":true,"href":"https:\/\/cyclingpro.net\/velopro\/wp-json\/wp\/v2\/users\/5"}],"replies":[{"embeddable":true,"href":"https:\/\/cyclingpro.net\/velopro\/wp-json\/wp\/v2\/comments?post=86341"}],"version-history":[{"count":0,"href":"https:\/\/cyclingpro.net\/velopro\/wp-json\/wp\/v2\/posts\/86341\/revisions"}],"wp:featuredmedia":[{"embeddable":true,"href":"https:\/\/cyclingpro.net\/velopro\/wp-json\/wp\/v2\/media\/83404"}],"wp:attachment":[{"href":"https:\/\/cyclingpro.net\/velopro\/wp-json\/wp\/v2\/media?parent=86341"}],"wp:term":[{"taxonomy":"category","embeddable":true,"href":"https:\/\/cyclingpro.net\/velopro\/wp-json\/wp\/v2\/categories?post=86341"},{"taxonomy":"post_tag","embeddable":true,"href":"https:\/\/cyclingpro.net\/velopro\/wp-json\/wp\/v2\/tags?post=86341"}],"curies":[{"name":"wp","href":"https:\/\/api.w.org\/{rel}","templated":true}]}}