{"id":86333,"date":"2018-08-20T10:38:49","date_gmt":"2018-08-20T08:38:49","guid":{"rendered":"https:\/\/cyclingpro.net\/velopro\/?p=86333"},"modified":"2018-08-20T10:40:15","modified_gmt":"2018-08-20T08:40:15","slug":"cyclassics-de-hambourg-arnaud-demare-decu-de-sa-deuxieme-place","status":"publish","type":"post","link":"https:\/\/cyclingpro.net\/velopro\/course\/cyclassics-hamburg\/cyclassics-de-hambourg-arnaud-demare-decu-de-sa-deuxieme-place\/","title":{"rendered":"Cyclassics de Hambourg : Arnaud D\u00e9mare \u00ab\u00a0d\u00e9\u00e7u\u00a0\u00bb de sa deuxi\u00e8me place"},"content":{"rendered":"<p style=\"text-align: justify;\">Arnaud D\u00e9mare n&rsquo;avait plus accroch\u00e9 de dossard depuis sa troisi\u00e8me place aux Champs Elys\u00e9es, lors du dernier Tour de France, il y a de cela trois semaines. Pour son retour \u00e0 la comp\u00e9tition, l&rsquo;ancien champion de France a fait belle figure lors de l&rsquo;EuroEyes Cyclassics de Hambourg, une \u00e9preuve g\u00e9n\u00e9ralement favorable aux sprinteurs. Cela n&rsquo;a pas manqu\u00e9 dimanche, et le pensionnaire de la Groupama-FDJ a su se faire une place dans l&#8217;emballage final pour accrocher son troisi\u00e8me podium dans une Classique WorldTour cette saison (3e de Milan-San Remo, 3e de Gand-Wevelgem, ndlr). Bien que parfaitement plac\u00e9 par ses \u00e9quipiers, Arnaud D\u00e9mare a subi la loi du champion d&rsquo;Italie Elia Viviani, auteur de son 15e succ\u00e8s de la saison. Battu par l&rsquo;ogre de cette saison 2018, le Picard nourrissait malgr\u00e9 tout quelques regrets.<\/p>\n<p class=\"p1\" style=\"text-align: justify;\"><em>\u00ab\u00a0La course \u00e9tait beaucoup plus rapide que d\u2019habitude<\/em>, a-t-il d&rsquo;abord analys\u00e9. <em>L\u2019\u00e9chapp\u00e9e a mis du temps \u00e0 partir. Ensuite, \u00e7a a bien roul\u00e9, pr\u00e8s de 45 km\/h de moyenne sur 220 bornes, c\u2019est pas mal. On s\u2019attendait \u00e0 un sprint, forc\u00e9ment, qui plus est avec les deux bosses plac\u00e9es relativement t\u00f4t \u00e0 Hambourg. Ca a bien attaqu\u00e9 mais nous sommes rest\u00e9s group\u00e9s. Pour ce qui est du sprint, il a \u00e9t\u00e9 super bien emmen\u00e9 par les gars. Je suis d\u00e9\u00e7u, contrairement \u00e0 l\u2019ann\u00e9e derni\u00e8re o\u00f9 j\u2019\u00e9tais content de faire deuxi\u00e8me. Cette ann\u00e9e je suis d\u00e9\u00e7u car j\u2019\u00e9tais en parfaite position, avec Ramon [Sinkeldam] et Jacopo [Guarnieri] qui ont fait un \u00e9norme travail. Finalement Jacopo a fait son travail assez t\u00f4t, du coup j\u2019\u00e9tais contraint de lancer un peu plus t\u00f4t que ce que je voulais et puis nous avons perdu un peu de vitesse. Je lance le sprint, mais Viviani est revenu lanc\u00e9 en survitesse derri\u00e8re moi, et il me prend vite un v\u00e9lo \u00e0 20 m\u00e8tres de la ligne. Il arrivait vraiment fort, mais il y avait moyen de gagner\u2026\u00a0\u00bb<\/em><\/p>\n<p style=\"text-align: justify;\">Arnaud D\u00e9mare va d\u00e9sormais encha\u00eener les courses (voir le tweet ci-dessous) et cela d\u00e9bute d\u00e8s demain avec le Tour du Poitou-Charentes.<\/p>\n<blockquote class=\"twitter-tweet\" data-lang=\"fr\">\n<p dir=\"ltr\" lang=\"fr\">Suite et fin de la saison pour <a href=\"https:\/\/twitter.com\/ArnaudDemare?ref_src=twsrc%5Etfw\">@ArnaudDemare<\/a> &#x2935;&#xfe0f;<br \/>\n&#x1f449; Tour du Poitou-Charentes<br \/>\n&#x1f449; Brussels Cycling<br \/>\n&#x1f449; GP de Fourmies<br \/>\n&#x1f449; Tour de l&rsquo;Eurom\u00e9tropole<br \/>\n&#x1f449; GP d&rsquo;Isbergues<br \/>\n&#x1f449; Binche-Chimay-Binche<br \/>\n&#x1f449; Paris-Bourges<br \/>\n&#x1f449; Paris-Tours<br \/>\n&#x1f449; Tour of Guangxi <a href=\"https:\/\/t.co\/sop9pib4zR\">pic.twitter.com\/sop9pib4zR<\/a><\/p>\n<p>\u2014 \u00c9quipe Cycliste Groupama-FDJ (@GroupamaFDJ) <a href=\"https:\/\/twitter.com\/GroupamaFDJ\/status\/1031189133773946881?ref_src=twsrc%5Etfw\">19 ao\u00fbt 2018<\/a><\/p><\/blockquote>\n<p><script async src=\"https:\/\/platform.twitter.com\/widgets.js\" charset=\"utf-8\"><\/script><\/p>\n<p>&nbsp;<\/p>\n","protected":false},"excerpt":{"rendered":"<p>Arnaud D\u00e9mare n&rsquo;avait plus accroch\u00e9 de dossard depuis sa troisi\u00e8me place aux Champs Elys\u00e9es, lors du dernier Tour de France, il y a de cela trois semaines. Pour son retour \u00e0 la comp\u00e9tition, l&rsquo;ancien champion de France a fait belle figure lors de l&rsquo;EuroEyes Cyclassics de Hambourg, une \u00e9preuve g\u00e9n\u00e9ralement favorable aux sprinteurs. Cela n&rsquo;a &hellip;<\/p>\n","protected":false},"author":5,"featured_media":86335,"comment_status":"open","ping_status":"open","sticky":false,"template":"","format":"standard","meta":{"footnotes":""},"categories":[17,152,15],"tags":[],"class_list":["post-86333","post","type-post","status-publish","format-standard","has-post-thumbnail","hentry","category-une","category-cyclassics-hamburg","category-route"],"_links":{"self":[{"href":"https:\/\/cyclingpro.net\/velopro\/wp-json\/wp\/v2\/posts\/86333","targetHints":{"allow":["GET"]}}],"collection":[{"href":"https:\/\/cyclingpro.net\/velopro\/wp-json\/wp\/v2\/posts"}],"about":[{"href":"https:\/\/cyclingpro.net\/velopro\/wp-json\/wp\/v2\/types\/post"}],"author":[{"embeddable":true,"href":"https:\/\/cyclingpro.net\/velopro\/wp-json\/wp\/v2\/users\/5"}],"replies":[{"embeddable":true,"href":"https:\/\/cyclingpro.net\/velopro\/wp-json\/wp\/v2\/comments?post=86333"}],"version-history":[{"count":0,"href":"https:\/\/cyclingpro.net\/velopro\/wp-json\/wp\/v2\/posts\/86333\/revisions"}],"wp:featuredmedia":[{"embeddable":true,"href":"https:\/\/cyclingpro.net\/velopro\/wp-json\/wp\/v2\/media\/86335"}],"wp:attachment":[{"href":"https:\/\/cyclingpro.net\/velopro\/wp-json\/wp\/v2\/media?parent=86333"}],"wp:term":[{"taxonomy":"category","embeddable":true,"href":"https:\/\/cyclingpro.net\/velopro\/wp-json\/wp\/v2\/categories?post=86333"},{"taxonomy":"post_tag","embeddable":true,"href":"https:\/\/cyclingpro.net\/velopro\/wp-json\/wp\/v2\/tags?post=86333"}],"curies":[{"name":"wp","href":"https:\/\/api.w.org\/{rel}","templated":true}]}}