{"id":86323,"date":"2018-08-20T10:20:05","date_gmt":"2018-08-20T08:20:05","guid":{"rendered":"https:\/\/cyclingpro.net\/velopro\/?p=86323"},"modified":"2018-08-20T10:26:18","modified_gmt":"2018-08-20T08:26:18","slug":"vuelta-vers-un-forfait-de-mikel-landa","status":"publish","type":"post","link":"https:\/\/cyclingpro.net\/velopro\/infirmerie\/vuelta-vers-un-forfait-de-mikel-landa\/","title":{"rendered":"Vuelta : Mikel Landa officiellement forfait"},"content":{"rendered":"<p style=\"text-align: justify;\">Le contre-la-montre engag\u00e9 depuis sa chute sur la Clasica San Sebastian n&rsquo;a finalement pas tourn\u00e9 en sa faveur. Comme l&rsquo;annonce son \u00e9quipe ce lundi matin, Mikel Landa ne sera pas remis \u00e0 temps des fractures subies il y a de cela deux semaines, \u00e0 une vert\u00e8bre lombaire et aux c\u00f4tes. Son forfait est donc in\u00e9vitable, bien que les dirigeants de la Movistar aient esp\u00e9r\u00e9 jusqu&rsquo;au bout pouvoir r\u00e9unir le trio Valverde-Quintana-Landa sur le Tour d&rsquo;Espagne, comme ils l&rsquo;avaient fait sur le dernier Tour de France.<\/p>\n<p style=\"text-align: justify;\">Le processus de gu\u00e9rison paraissait pourtant en bonne voie jusqu&rsquo;au d\u00e9but de la semaine pass\u00e9e, mais le coureur basque de 28 ans a ressenti des douleurs dorsales au moment d&rsquo;entamer des s\u00e9ances plus intensives. Il se murmure aussi, comme le soul\u00e8ve AS, que l&rsquo;ancien du Team Sky s&rsquo;est plaint du manque de suivi des m\u00e9decins de la Movistar. Quoiqu&rsquo;il en soit, sa pr\u00e9sence \u00e0 Malaga est donc compromise et c&rsquo;est d&rsquo;ailleurs l&rsquo;Equatorien Richard Carapaz, quatri\u00e8me du Giro, qui devrait le suppl\u00e9er aupr\u00e8s de Quintana et Valverde.<\/p>\n<p style=\"text-align: justify;\">Mikel Landa esp\u00e8re lui pouvoir disputer le Tour de Grande-Bretagne (2-9 septembre) en pr\u00e9vision des Mondiaux sur route \u00e0 Innsbr\u00fcck, l&rsquo;un de ses principaux objectifs de la saison.<\/p>\n<p style=\"text-align: justify;\"><em>\u00ab\u00a0Nous nous sommes battus autant que possible au cours des 15 derniers jours, pour faire en sorte que Mikel puisse r\u00e9cup\u00e9rer pleinement, mais \u00e7a n&rsquo;a pas \u00e9t\u00e9 possible,<\/em> a d\u00e9plor\u00e9 le manager de la Movistar, Eusebio Unzu\u00e9. <em>Il a v\u00e9cu de bons et de mauvais moments pendant ces deux semaines, mais finalement, \u00e0 un certain moment, il nous fallait faire un choix, et il ne donnait tout simplement pas les garanties suffisantes pour aller prendre le d\u00e9part de la Vuelta. La douleur dans la zone lombaire de son dos suite \u00e0 la fracture, ajout\u00e9e aux deux c\u00f4tes cass\u00e9es, l&rsquo;ont mis dans l\u2019incapacit\u00e9 d\u2019aller \u00e0 M\u00e1laga avec la sant\u00e9 et la forme physique n\u00e9cessaires. Nous allons maintenant nous concentrer pour nous assurer qu&rsquo;il r\u00e9cup\u00e8re compl\u00e8tement et apr\u00e8s cela, nous \u00e9valuerons s&rsquo;il se sent suffisamment en forme pour prendre le d\u00e9part du Tour de Grande-Bretagne. C&rsquo;est une comp\u00e9tition de huit jours et c&rsquo;est aussi une course tr\u00e8s intense. S&rsquo;il peut courir l\u00e0-bas, nous pensons qu&rsquo;il pourrait retrouver la forme dont il a besoin pour \u00eatre \u00e9ligible \u00e0 une place dans l&rsquo;\u00e9quipe nationale espagnole aux Championnats du monde.\u00a0\u00bb<\/em><\/p>\n","protected":false},"excerpt":{"rendered":"<p>Le contre-la-montre engag\u00e9 depuis sa chute sur la Clasica San Sebastian n&rsquo;a finalement pas tourn\u00e9 en sa faveur. Comme l&rsquo;annonce son \u00e9quipe ce lundi matin, Mikel Landa ne sera pas remis \u00e0 temps des fractures subies il y a de cela deux semaines, \u00e0 une vert\u00e8bre lombaire et aux c\u00f4tes. Son forfait est donc in\u00e9vitable, &hellip;<\/p>\n","protected":false},"author":5,"featured_media":62053,"comment_status":"open","ping_status":"open","sticky":false,"template":"","format":"standard","meta":{"footnotes":""},"categories":[17,41,15,59],"tags":[],"class_list":["post-86323","post","type-post","status-publish","format-standard","has-post-thumbnail","hentry","category-une","category-infirmerie","category-route","category-vuelta-a-espana-tour-espagne"],"_links":{"self":[{"href":"https:\/\/cyclingpro.net\/velopro\/wp-json\/wp\/v2\/posts\/86323","targetHints":{"allow":["GET"]}}],"collection":[{"href":"https:\/\/cyclingpro.net\/velopro\/wp-json\/wp\/v2\/posts"}],"about":[{"href":"https:\/\/cyclingpro.net\/velopro\/wp-json\/wp\/v2\/types\/post"}],"author":[{"embeddable":true,"href":"https:\/\/cyclingpro.net\/velopro\/wp-json\/wp\/v2\/users\/5"}],"replies":[{"embeddable":true,"href":"https:\/\/cyclingpro.net\/velopro\/wp-json\/wp\/v2\/comments?post=86323"}],"version-history":[{"count":0,"href":"https:\/\/cyclingpro.net\/velopro\/wp-json\/wp\/v2\/posts\/86323\/revisions"}],"wp:featuredmedia":[{"embeddable":true,"href":"https:\/\/cyclingpro.net\/velopro\/wp-json\/wp\/v2\/media\/62053"}],"wp:attachment":[{"href":"https:\/\/cyclingpro.net\/velopro\/wp-json\/wp\/v2\/media?parent=86323"}],"wp:term":[{"taxonomy":"category","embeddable":true,"href":"https:\/\/cyclingpro.net\/velopro\/wp-json\/wp\/v2\/categories?post=86323"},{"taxonomy":"post_tag","embeddable":true,"href":"https:\/\/cyclingpro.net\/velopro\/wp-json\/wp\/v2\/tags?post=86323"}],"curies":[{"name":"wp","href":"https:\/\/api.w.org\/{rel}","templated":true}]}}