{"id":86203,"date":"2018-08-18T18:57:35","date_gmt":"2018-08-18T16:57:35","guid":{"rendered":"https:\/\/cyclingpro.net\/velopro\/?p=86203"},"modified":"2018-08-18T18:57:35","modified_gmt":"2018-08-18T16:57:35","slug":"bmc-ccc-conserve-nathan-van-hooydonck","status":"publish","type":"post","link":"https:\/\/cyclingpro.net\/velopro\/mercato\/bmc-ccc-conserve-nathan-van-hooydonck\/","title":{"rendered":"BMC\/CCC conserve Nathan Van Hooydonck"},"content":{"rendered":"<p style=\"text-align: justify;\">La future \u00e9quipe BMC\/CCC continue de prendre forme. Les annonces de recrutement ou de prolongation s&rsquo;encha\u00eenent \u00e0 un rythme soutenu ces derniers jours. Cette fois c&rsquo;est au tour de Nathan Van Hooydonck de voir son contrat \u00eatre prolong\u00e9 d&rsquo;une saison.<\/p>\n<p style=\"text-align: justify;\">Ce puissant coureur de 22 ans est estim\u00e9 au sein de l&rsquo;\u00e9quipe am\u00e9ricaine depuis qu&rsquo;il y est pass\u00e9 professionnel au cours de l&rsquo;ann\u00e9e 2017. Nathan Van Hooydonck restera donc dans l&rsquo;entourage de Greg Van Avermaet la saison prochaine, un leader et un mod\u00e8le pour lequel il a beaucoup d&rsquo;admiration.<\/p>\n<p style=\"text-align: justify;\">\u00ab <em>A ce moment de ma carri\u00e8re, je dois aider mon leader du mieux possible. En tant que coureur de classiques, j&rsquo;ai fait beaucoup de course avec Greg Van Avermaet et je sais bien que si je change d&rsquo;\u00e9quipe je serais amen\u00e9 \u00e0 rouler pour quelqu&rsquo;un d&rsquo;autre<\/em>, d\u00e9clare Van Hooydonck dans le communiqu\u00e9 publi\u00e9 par la BMC. <em>Je m&rsquo;entends vraiment bien avec Greg et je me sens tr\u00e8s loyal envers lui donc je ne me voyais pas du tout rouler pour un autre leader. C&rsquo;est la raison principale qui m&rsquo;a pouss\u00e9e \u00e0 rester dans l&rsquo;\u00e9quipe.<\/em> \u00bb<\/p>\n<blockquote class=\"twitter-tweet\" data-lang=\"fr\">\n<p dir=\"ltr\" lang=\"en\">&#x1f50a; EXCITING NEWS! &#x1f50a;<\/p>\n<p>Another day, another announcement and today, it&rsquo;s time to make it official and announce <a href=\"https:\/\/twitter.com\/NVHooydonck?ref_src=twsrc%5Etfw\">@NVHooydonck<\/a> has re-signed with Continuum Sports!<\/p>\n<p>Read what Nathan and General Manager Jim Ochowicz had to say &#x1f449; <a href=\"https:\/\/t.co\/sZmup4Qcr3\">https:\/\/t.co\/sZmup4Qcr3<\/a><\/p>\n<p>&#x1f4f7; <a href=\"https:\/\/twitter.com\/ChrisAuldPhoto?ref_src=twsrc%5Etfw\">@ChrisAuldPhoto<\/a> <a href=\"https:\/\/t.co\/GXGrcEhmxW\">pic.twitter.com\/GXGrcEhmxW<\/a><\/p>\n<p>\u2014 BMC Racing Team (@BMCProTeam) <a href=\"https:\/\/twitter.com\/BMCProTeam\/status\/1030835214895988736?ref_src=twsrc%5Etfw\">18 ao\u00fbt 2018<\/a><\/p><\/blockquote>\n<p><script async src=\"https:\/\/platform.twitter.com\/widgets.js\" charset=\"utf-8\"><\/script><\/p>\n","protected":false},"excerpt":{"rendered":"<p>La future \u00e9quipe BMC\/CCC continue de prendre forme. Les annonces de recrutement ou de prolongation s&rsquo;encha\u00eenent \u00e0 un rythme soutenu ces derniers jours. Cette fois c&rsquo;est au tour de Nathan Van Hooydonck de voir son contrat \u00eatre prolong\u00e9 d&rsquo;une saison. Ce puissant coureur de 22 ans est estim\u00e9 au sein de l&rsquo;\u00e9quipe am\u00e9ricaine depuis qu&rsquo;il &hellip;<\/p>\n","protected":false},"author":15,"featured_media":86204,"comment_status":"open","ping_status":"open","sticky":false,"template":"","format":"standard","meta":{"footnotes":""},"categories":[11,25,15,10],"tags":[],"class_list":["post-86203","post","type-post","status-publish","format-standard","has-post-thumbnail","hentry","category-news-niveau-2","category-news","category-route","category-mercato"],"_links":{"self":[{"href":"https:\/\/cyclingpro.net\/velopro\/wp-json\/wp\/v2\/posts\/86203","targetHints":{"allow":["GET"]}}],"collection":[{"href":"https:\/\/cyclingpro.net\/velopro\/wp-json\/wp\/v2\/posts"}],"about":[{"href":"https:\/\/cyclingpro.net\/velopro\/wp-json\/wp\/v2\/types\/post"}],"author":[{"embeddable":true,"href":"https:\/\/cyclingpro.net\/velopro\/wp-json\/wp\/v2\/users\/15"}],"replies":[{"embeddable":true,"href":"https:\/\/cyclingpro.net\/velopro\/wp-json\/wp\/v2\/comments?post=86203"}],"version-history":[{"count":0,"href":"https:\/\/cyclingpro.net\/velopro\/wp-json\/wp\/v2\/posts\/86203\/revisions"}],"wp:featuredmedia":[{"embeddable":true,"href":"https:\/\/cyclingpro.net\/velopro\/wp-json\/wp\/v2\/media\/86204"}],"wp:attachment":[{"href":"https:\/\/cyclingpro.net\/velopro\/wp-json\/wp\/v2\/media?parent=86203"}],"wp:term":[{"taxonomy":"category","embeddable":true,"href":"https:\/\/cyclingpro.net\/velopro\/wp-json\/wp\/v2\/categories?post=86203"},{"taxonomy":"post_tag","embeddable":true,"href":"https:\/\/cyclingpro.net\/velopro\/wp-json\/wp\/v2\/tags?post=86203"}],"curies":[{"name":"wp","href":"https:\/\/api.w.org\/{rel}","templated":true}]}}