{"id":85956,"date":"2018-08-16T20:06:20","date_gmt":"2018-08-16T18:06:20","guid":{"rendered":"https:\/\/cyclingpro.net\/velopro\/?p=85956"},"modified":"2018-08-16T20:06:20","modified_gmt":"2018-08-16T18:06:20","slug":"jasper-stuyven-jai-elabore-ce-plan-hier-soir-au-diner","status":"publish","type":"post","link":"https:\/\/cyclingpro.net\/velopro\/course\/binckbanktour\/jasper-stuyven-jai-elabore-ce-plan-hier-soir-au-diner\/","title":{"rendered":"Jasper Stuyven : \u00ab J&rsquo;ai \u00e9labor\u00e9 ce plan hier soir au d\u00eener \u00bb"},"content":{"rendered":"<p style=\"text-align: justify;\"><em>Dans le final tortueux de la quatri\u00e8me \u00e9tape du BinckBank Tour, <a href=\"https:\/\/cyclingpro.net\/velopro\/course\/binckbanktour\/binckbank-tour-jasper-stuyven-surprend-le-peloton\/\">Jasper Stuyven (Trek) a surpris le peloton en partant sous la flamme rouge<\/a> apr\u00e8s un gros travail de son \u00e9quipe. Le coureur belge de 26 ans s&rsquo;est finalement impos\u00e9 avec la plus petite des marges sur les sprinteurs qui revenaient \u00e0 toute vitesse derri\u00e8re lui.\u00a0<\/em><\/p>\n<p style=\"text-align: justify;\">Jasper Stuyven n&rsquo;avait pas encore lev\u00e9 les bras en 2018. C&rsquo;est d\u00e9sormais chose faite, gr\u00e2ce \u00e0 sa belle victoire ce jeudi sur la 4e \u00e9tape du BinckBank Tour. Un succ\u00e8s qui ne doit rien au hasard. \u00ab <em>J&rsquo;ai \u00e9labor\u00e9 ce plan hier soir au d\u00eener<\/em>, a d\u00e9taill\u00e9 Stuyven \u00e0 l&rsquo;arriv\u00e9e. <em>Peut-\u00eatre que nous ne sommes pas les plus rapides, mais nous avons une \u00e9quipe tr\u00e8s solide : avec la chicane plac\u00e9e dans le final, c&rsquo;est tous les ans une grosse bataille. Nous avions pour plan de venir en t\u00eate \u00e0 la fin et de tout donner pour cr\u00e9er un \u00e9cart et pouvoir partir seul.<\/em> \u00bb<\/p>\n<p style=\"text-align: justify;\">Le plan a \u00e9t\u00e9 ex\u00e9cut\u00e9 \u00e0 bien, \u00e0 l&rsquo;arriv\u00e9e d&rsquo;Ardooie, la ville d&rsquo;origine du manager g\u00e9n\u00e9ral de la Trek-Segafredo Dirk Demol. \u00ab <em>Tous les ans Dirk nous rappelle que c&rsquo;est un jour important pour lui et l&rsquo;\u00e9quipe, donc nous essayons toujours de faire au mieux<\/em>, a expliqu\u00e9 Stuyven. <em>L&rsquo;\u00e9quipe a propos\u00e9 un plan qui a \u00e9t\u00e9 valid\u00e9 par Dirk et Steven (de Jongh, le directeur sportif), ils savaient que nous avions les hommes pour me placer en premi\u00e8re position \u00e0 un kilom\u00e8tre de l&rsquo;arriv\u00e9e. C&rsquo;est toujours une grosse bagarre pour arriver l\u00e0, mais nous nous en sommes tous tenus au plan, et tout le monde y a cru. C&rsquo;est ce qui a fait la diff\u00e9rence aujourd&rsquo;hui.<\/em> \u00bb<\/p>\n<p style=\"text-align: justify;\">Gr\u00e2ce aux bonifications prises sur la ligne, Jasper Stuyven remonte \u00e0 la 19e place du g\u00e9n\u00e9ral \u00e0 53&Prime; du leader Matej Mohoric (Bahrain-Merida). Parmi les favoris annonc\u00e9s au d\u00e9part, le Belge est pass\u00e9 un peu \u00e0 c\u00f4t\u00e9 de son contre-la-montre et ne veut pas, pour l&rsquo;instant, penser au g\u00e9n\u00e9ral.\u00a0\u00ab <em>Ce sera tr\u00e8s dur, car il y a beaucoup de coureurs tr\u00e8s forts devant moi<\/em>, a-t-il d\u00e9plor\u00e9. <em>Bien s\u00fbr, l&rsquo;an pass\u00e9 j&rsquo;ai gagn\u00e9 la derni\u00e8re \u00e9tape et tout le monde pense que je vais la gagner \u00e0 nouveau cette ann\u00e9e. Mais \u00e7a ne marche pas comme \u00e7a dans le v\u00e9lo. Je vais d&rsquo;abord me concentrer sur l&rsquo;obtention d&rsquo;autres bons r\u00e9sultats et si nous r\u00e9ussissons, peut-\u00eatre que le g\u00e9n\u00e9ral viendra avec.<\/em> \u00bb<\/p>\n","protected":false},"excerpt":{"rendered":"<p>Dans le final tortueux de la quatri\u00e8me \u00e9tape du BinckBank Tour, Jasper Stuyven (Trek) a surpris le peloton en partant sous la flamme rouge apr\u00e8s un gros travail de son \u00e9quipe. Le coureur belge de 26 ans s&rsquo;est finalement impos\u00e9 avec la plus petite des marges sur les sprinteurs qui revenaient \u00e0 toute vitesse derri\u00e8re &hellip;<\/p>\n","protected":false},"author":15,"featured_media":85958,"comment_status":"open","ping_status":"open","sticky":false,"template":"","format":"standard","meta":{"footnotes":""},"categories":[17,147,8,15,19],"tags":[],"class_list":["post-85956","post","type-post","status-publish","format-standard","has-post-thumbnail","hentry","category-une","category-binckbanktour","category-interviews","category-route","category-worldtour"],"_links":{"self":[{"href":"https:\/\/cyclingpro.net\/velopro\/wp-json\/wp\/v2\/posts\/85956","targetHints":{"allow":["GET"]}}],"collection":[{"href":"https:\/\/cyclingpro.net\/velopro\/wp-json\/wp\/v2\/posts"}],"about":[{"href":"https:\/\/cyclingpro.net\/velopro\/wp-json\/wp\/v2\/types\/post"}],"author":[{"embeddable":true,"href":"https:\/\/cyclingpro.net\/velopro\/wp-json\/wp\/v2\/users\/15"}],"replies":[{"embeddable":true,"href":"https:\/\/cyclingpro.net\/velopro\/wp-json\/wp\/v2\/comments?post=85956"}],"version-history":[{"count":0,"href":"https:\/\/cyclingpro.net\/velopro\/wp-json\/wp\/v2\/posts\/85956\/revisions"}],"wp:featuredmedia":[{"embeddable":true,"href":"https:\/\/cyclingpro.net\/velopro\/wp-json\/wp\/v2\/media\/85958"}],"wp:attachment":[{"href":"https:\/\/cyclingpro.net\/velopro\/wp-json\/wp\/v2\/media?parent=85956"}],"wp:term":[{"taxonomy":"category","embeddable":true,"href":"https:\/\/cyclingpro.net\/velopro\/wp-json\/wp\/v2\/categories?post=85956"},{"taxonomy":"post_tag","embeddable":true,"href":"https:\/\/cyclingpro.net\/velopro\/wp-json\/wp\/v2\/tags?post=85956"}],"curies":[{"name":"wp","href":"https:\/\/api.w.org\/{rel}","templated":true}]}}