{"id":85851,"date":"2018-08-16T19:34:14","date_gmt":"2018-08-16T17:34:14","guid":{"rendered":"https:\/\/cyclingpro.net\/velopro\/?p=85851"},"modified":"2018-08-16T19:38:56","modified_gmt":"2018-08-16T17:38:56","slug":"colorado-classic-presentation-de-ledition-2018","status":"publish","type":"post","link":"https:\/\/cyclingpro.net\/velopro\/course\/colorado-classic\/colorado-classic-presentation-de-ledition-2018\/","title":{"rendered":"Colorado Classic : Pr\u00e9sentation de l&rsquo;\u00e9dition 2018"},"content":{"rendered":"<p><strong>2e \u00e9dition de la Colorado Classic (2.HC), du 16 au 19 ao\u00fbt 2018<\/strong><\/p>\n<p><strong>Palmar\u00e8s :<\/strong><br \/>\n2017 | Manuel Senni<\/p>\n<p style=\"text-align: justify;\"><strong>Infos :<\/strong><br \/>\nLa Colorado Classic n&rsquo;existe que depuis l&rsquo;ann\u00e9e derni\u00e8re sous ce nom. L&rsquo;\u00e9dition 2017, remport\u00e9e par Manuel Senni qui est actuellement sur le Tour du Limousin, reprenait en fait le flambeau d&rsquo;une autre course disput\u00e9e dans le Colorado : le USA Pro Cycling Challenge, ou Tour du Colorado, qui a connu cinq \u00e9ditions avant de s&rsquo;arr\u00eater (2011-2015).<\/p>\n<p style=\"text-align: justify;\">La comp\u00e9tition d\u00e9bute ce soir \u00e0 21h (13h heure locale), par une \u00e9tape courte de 103,2 kilom\u00e8tres, divis\u00e9s en huit tours d&rsquo;un circuit de 12,9 unit\u00e9s dessin\u00e9 autour de la station de ski de Vail. La mont\u00e9e de Mill Creek Road (500 m\u00e8tres \u00e0 plus de 8% de pente moyenne) sera \u00e0 grimper autant de fois qu&rsquo;il y a de tours de circuit, le tout \u00e0 plus de 2400 m\u00e8tres au dessus du niveau de la mer. Ainsi, le chrono de la deuxi\u00e8me \u00e9tape, disput\u00e9 autour du m\u00eame village que la premi\u00e8re \u00e9tape, part de 2500m pour arriver \u00e0 2900m d&rsquo;altitude en 15,9 kilom\u00e8tres. L&rsquo;exercice devrait donc donner une indication importante en vue du g\u00e9n\u00e9ral final.<\/p>\n<p style=\"text-align: justify;\">Apr\u00e8s le premier bloc de deux \u00e9tapes autour de Vail, les coureurs se dirigeront vers Denver, avec les deux derni\u00e8res \u00e9tapes disput\u00e9es avec d\u00e9part et arriv\u00e9e dans la capitale du Colorado. Les coureurs se rapprocheront du niveau de la mer mais resteront bien au-del\u00e0 des 1000m d&rsquo;altitude. La troisi\u00e8me \u00e9tape devrait \u00eatre l&rsquo;\u00e9tape reine de la comp\u00e9tition, avec un d\u00e9nivel\u00e9 impressionnant : les coureurs partiront de 1600m d&rsquo;altitude sur un parcours qui ne fait que monter et descendre. Ils atteindront 2600m au point culminant de la journ\u00e9e avant de se disputer l&rsquo;arriv\u00e9e \u00e0 1500m au-dessus du niveau de la mer. Finalement, la quatri\u00e8me \u00e9tape semble faire la part belle aux sprinteurs, alors que des \u00e9carts cons\u00e9quents devraient d\u00e9j\u00e0 avoir \u00e9t\u00e9 faits au g\u00e9n\u00e9ral.<\/p>\n<p><strong>\u00c9tapes :<\/strong><br \/>\n1\u00e8re \u00e9tape, Vail &gt; Vail, 103,2km<br \/>\n2e \u00e9tape, Vail &gt; Vail Pass, contre-la-montre individuel de 15,9km<br \/>\n3e \u00e9tape, Denver &gt; Denver, 161,9km<br \/>\n4e \u00e9tape, Denver &gt; Denver, 114,8km<\/p>\n<p><strong>Cartes et profils :<\/strong><\/p>\n<div id='gallery-1' class='gallery galleryid-85851 gallery-columns-3 gallery-size-thumbnail'><figure class='gallery-item'>\n\t\t\t<div class='gallery-icon landscape'>\n\t\t\t\t<a href='https:\/\/cyclingpro.net\/velopro\/course\/colorado-classic\/colorado-classic-presentation-de-ledition-2018\/attachment\/colorado-classic-etape-1-carte\/'><img loading=\"lazy\" decoding=\"async\" width=\"150\" height=\"150\" src=\"https:\/\/cyclingpro.net\/velopro\/wp-content\/uploads\/2018\/08\/colorado-classic-etape-1-carte-150x150.jpg\" class=\"attachment-thumbnail size-thumbnail\" alt=\"\" \/><\/a>\n\t\t\t<\/div><\/figure><figure class='gallery-item'>\n\t\t\t<div class='gallery-icon landscape'>\n\t\t\t\t<a href='https:\/\/cyclingpro.net\/velopro\/course\/colorado-classic\/colorado-classic-presentation-de-ledition-2018\/attachment\/colorado-classic-etape-1-profil\/'><img loading=\"lazy\" decoding=\"async\" width=\"150\" height=\"150\" src=\"https:\/\/cyclingpro.net\/velopro\/wp-content\/uploads\/2018\/08\/colorado-classic-etape-1-profil-150x150.jpg\" class=\"attachment-thumbnail size-thumbnail\" alt=\"\" \/><\/a>\n\t\t\t<\/div><\/figure><figure class='gallery-item'>\n\t\t\t<div class='gallery-icon landscape'>\n\t\t\t\t<a href='https:\/\/cyclingpro.net\/velopro\/course\/colorado-classic\/colorado-classic-presentation-de-ledition-2018\/attachment\/colorado-classic-etape-2-carte\/'><img loading=\"lazy\" decoding=\"async\" width=\"150\" height=\"150\" src=\"https:\/\/cyclingpro.net\/velopro\/wp-content\/uploads\/2018\/08\/colorado-classic-etape-2-carte-150x150.jpg\" class=\"attachment-thumbnail size-thumbnail\" alt=\"\" \/><\/a>\n\t\t\t<\/div><\/figure><figure class='gallery-item'>\n\t\t\t<div class='gallery-icon landscape'>\n\t\t\t\t<a href='https:\/\/cyclingpro.net\/velopro\/course\/colorado-classic\/colorado-classic-presentation-de-ledition-2018\/attachment\/colorado-classic-etape-2-profil\/'><img loading=\"lazy\" decoding=\"async\" width=\"150\" height=\"150\" src=\"https:\/\/cyclingpro.net\/velopro\/wp-content\/uploads\/2018\/08\/colorado-classic-etape-2-profil-150x150.jpg\" class=\"attachment-thumbnail size-thumbnail\" alt=\"\" \/><\/a>\n\t\t\t<\/div><\/figure><figure class='gallery-item'>\n\t\t\t<div class='gallery-icon landscape'>\n\t\t\t\t<a href='https:\/\/cyclingpro.net\/velopro\/course\/colorado-classic\/colorado-classic-presentation-de-ledition-2018\/attachment\/colorado-classic-etape-3-carte\/'><img loading=\"lazy\" decoding=\"async\" width=\"150\" height=\"150\" src=\"https:\/\/cyclingpro.net\/velopro\/wp-content\/uploads\/2018\/08\/colorado-classic-etape-3-carte-150x150.jpg\" class=\"attachment-thumbnail size-thumbnail\" alt=\"\" \/><\/a>\n\t\t\t<\/div><\/figure><figure class='gallery-item'>\n\t\t\t<div class='gallery-icon landscape'>\n\t\t\t\t<a href='https:\/\/cyclingpro.net\/velopro\/course\/colorado-classic\/colorado-classic-presentation-de-ledition-2018\/attachment\/colorado-classic-etape-3\/'><img loading=\"lazy\" decoding=\"async\" width=\"150\" height=\"150\" src=\"https:\/\/cyclingpro.net\/velopro\/wp-content\/uploads\/2018\/08\/colorado-classic-etape-3-150x150.jpg\" class=\"attachment-thumbnail size-thumbnail\" alt=\"\" \/><\/a>\n\t\t\t<\/div><\/figure><figure class='gallery-item'>\n\t\t\t<div class='gallery-icon landscape'>\n\t\t\t\t<a href='https:\/\/cyclingpro.net\/velopro\/course\/colorado-classic\/colorado-classic-presentation-de-ledition-2018\/attachment\/colorado-classic-etape-4-carte\/'><img loading=\"lazy\" decoding=\"async\" width=\"150\" height=\"150\" src=\"https:\/\/cyclingpro.net\/velopro\/wp-content\/uploads\/2018\/08\/colorado-classic-etape-4-carte-150x150.jpg\" class=\"attachment-thumbnail size-thumbnail\" alt=\"\" \/><\/a>\n\t\t\t<\/div><\/figure><figure class='gallery-item'>\n\t\t\t<div class='gallery-icon landscape'>\n\t\t\t\t<a href='https:\/\/cyclingpro.net\/velopro\/course\/colorado-classic\/colorado-classic-presentation-de-ledition-2018\/attachment\/colorado-classic-etape-4-profil\/'><img loading=\"lazy\" decoding=\"async\" width=\"150\" height=\"150\" src=\"https:\/\/cyclingpro.net\/velopro\/wp-content\/uploads\/2018\/08\/colorado-classic-etape-4-profil-150x150.jpg\" class=\"attachment-thumbnail size-thumbnail\" alt=\"\" \/><\/a>\n\t\t\t<\/div><\/figure>\n\t\t<\/div>\n\n<p><strong>Liste des partants :<\/strong><\/p>\n<p><strong>EF EDUCATION FIRST-DRAPAC CANNONDALE<\/strong><br \/>\n1 PHINNEY Taylor<br \/>\n2 BROWN Nathan<br \/>\n3 CARTHY Hugh<br \/>\n4 DOMBROWSKI Joe<br \/>\n5 MARTINEZ Daniel Felipe<br \/>\n6 FERNANDES Jos\u00e9<\/p>\n<p><strong>MITCHELTON-SCOTT<\/strong><br \/>\n11 HOWSON Damien<br \/>\n12 SUN Xiaolong<br \/>\n13 BEWLEY Sam<br \/>\n14 HAMILTON Lucas<br \/>\n15 POWER Robert<br \/>\n16 CHAVES Brayan<\/p>\n<p><strong>TEAM LOTTONL-JUMBO<\/strong><br \/>\n21 BOUWMAN Koen<br \/>\n22 EENKHOORN Pascal<br \/>\n23 OLIVIER Daan<br \/>\n24 POWLESS Neilson<br \/>\n25 WYNANTS Maarten<br \/>\n26 MAAS Jan<\/p>\n<p><strong>TREK-SEGAFREDO<\/strong><br \/>\n31 STETINA Peter<br \/>\n32 CONCI Nicola<br \/>\n33 DANIEL Gregory<br \/>\n34 DIDIER Laurent<br \/>\n35 EG Niklas<br \/>\n36 SKUJI\u0145\u0160 Toms<\/p>\n<p><strong>RALLY CYCLING<\/strong><br \/>\n41 BRITTON Rob<br \/>\n42 ELLSAY Nigel<br \/>\n43 HUFFMAN Evan<br \/>\n44 MAGNER Ty<br \/>\n45 MURPHY Kyle<br \/>\n46 PATE Danny<\/p>\n<p><strong>ISRAEL CYCLING ACADEMY<\/strong><br \/>\n51 AVILA Edwin<br \/>\n52 LEMUS Luis<br \/>\n53 PLAZA Rub\u00e9n<br \/>\n54 SAGIV Guy<br \/>\n55 SCHREURS Hamish<br \/>\n56 WILLIAMS Tyler<\/p>\n<p><strong>HAGENS BERMAN AXEON<\/strong><br \/>\n61 ANDERSON Edward<br \/>\n62 BENNETT Sean<br \/>\n63 BLEVINS Christopher<br \/>\n64 DAVIS Cole<br \/>\n65 REVARD Thomas<br \/>\n66 RICE Michael<\/p>\n<p><strong>UNITEDHEALTHCARE PRO CYCLING TEAM<\/strong><br \/>\n71 MCCABE Travis<br \/>\n72 TVETCOV Serghei<br \/>\n73 JARAMILLO Daniel Alexander<br \/>\n74 NORRIS Lachlan<br \/>\n75 MANNION Gavin<br \/>\n76 CATAFORD Alexander<\/p>\n<p><strong>HOLOWESKO-CITADEL<\/strong><br \/>\n81 LEWIS Joe<br \/>\n82 KRASILNIKAU Andrei<br \/>\n83 SCHMITT Morgan<br \/>\n84 COMPANIONI Ruben<br \/>\n85 SANCHEZ Brayan<br \/>\n86 EISENHART Taylor<\/p>\n<p><strong>ELEVATE-KHS<\/strong><br \/>\n91 PICCOLI James<br \/>\n92 FRAYRE Eder<br \/>\n93 CHEYNE Jordan<br \/>\n94 TORRACA Nicholas<br \/>\n95 BASSETTI Sam<br \/>\n96 GIRKINS Kevin<\/p>\n<p><strong>JELLY BELLY P\/B MAXXIS<\/strong><br \/>\n101 SWIRBUL Keegan<br \/>\n102 CASTILLO Ulises Alfredo<br \/>\n103 SHELDEN Taylor<br \/>\n104 JORGENSON Matteo<br \/>\n105 BURKE Jack<br \/>\n106 MAWDITT Lionel<\/p>\n<p><strong>SILBER PRO CYCLING<\/strong><br \/>\n111 BASSETT Stephen<br \/>\n112 COT\u00c9 Pier-Andr\u00e9<br \/>\n113 JEAN \u00c9mile<br \/>\n114 ROTH Ryan<br \/>\n115 SAMUEL Travis<br \/>\n116 ZUKOWSKY Nicolas<\/p>\n<p><strong>AEVOLO<\/strong><br \/>\n121 VILLALOBOS HERNANDEZ Luis<br \/>\n122 HECHT Gage<br \/>\n123 HOEHN Alex<br \/>\n124 GERVAIS Laurent<br \/>\n125 HERNANDEZ Michael<br \/>\n126 HAIDET Lance<\/p>\n<p><strong>303 PROJECT<\/strong><br \/>\n131 NEWKIRK Isaiah<br \/>\n132 EASTER Griffin<br \/>\n133 EASTER Cullen<br \/>\n134 WINN Chris<br \/>\n135 STEPHENS Austin<br \/>\n136 CHANCE Maxx<\/p>\n<p><strong>RWANDA CYCLING TEAM<\/strong><br \/>\n141 HADI Janvier<br \/>\n142 BYUKUSENGE Patrick<br \/>\n143 NDAYISENGA Valens<br \/>\n144 UWIZEYE Jean Cloude<br \/>\n145 NSENGIMANA Jean Bosco<br \/>\n146 UWIZEYIMANA Bonaventure<\/p>\n","protected":false},"excerpt":{"rendered":"<p>2e \u00e9dition de la Colorado Classic (2.HC), du 16 au 19 ao\u00fbt 2018 Palmar\u00e8s : 2017 | Manuel Senni Infos : La Colorado Classic n&rsquo;existe que depuis l&rsquo;ann\u00e9e derni\u00e8re sous ce nom. L&rsquo;\u00e9dition 2017, remport\u00e9e par Manuel Senni qui est actuellement sur le Tour du Limousin, reprenait en fait le flambeau d&rsquo;une autre course disput\u00e9e &hellip;<\/p>\n","protected":false},"author":15,"featured_media":85950,"comment_status":"open","ping_status":"open","sticky":false,"template":"","format":"standard","meta":{"footnotes":""},"categories":[27,11,129,24,15],"tags":[],"class_list":["post-85851","post","type-post","status-publish","format-standard","has-post-thumbnail","hentry","category-gros-bloc","category-news-niveau-2","category-colorado-classic","category-presentation-course","category-route"],"_links":{"self":[{"href":"https:\/\/cyclingpro.net\/velopro\/wp-json\/wp\/v2\/posts\/85851","targetHints":{"allow":["GET"]}}],"collection":[{"href":"https:\/\/cyclingpro.net\/velopro\/wp-json\/wp\/v2\/posts"}],"about":[{"href":"https:\/\/cyclingpro.net\/velopro\/wp-json\/wp\/v2\/types\/post"}],"author":[{"embeddable":true,"href":"https:\/\/cyclingpro.net\/velopro\/wp-json\/wp\/v2\/users\/15"}],"replies":[{"embeddable":true,"href":"https:\/\/cyclingpro.net\/velopro\/wp-json\/wp\/v2\/comments?post=85851"}],"version-history":[{"count":0,"href":"https:\/\/cyclingpro.net\/velopro\/wp-json\/wp\/v2\/posts\/85851\/revisions"}],"wp:featuredmedia":[{"embeddable":true,"href":"https:\/\/cyclingpro.net\/velopro\/wp-json\/wp\/v2\/media\/85950"}],"wp:attachment":[{"href":"https:\/\/cyclingpro.net\/velopro\/wp-json\/wp\/v2\/media?parent=85851"}],"wp:term":[{"taxonomy":"category","embeddable":true,"href":"https:\/\/cyclingpro.net\/velopro\/wp-json\/wp\/v2\/categories?post=85851"},{"taxonomy":"post_tag","embeddable":true,"href":"https:\/\/cyclingpro.net\/velopro\/wp-json\/wp\/v2\/tags?post=85851"}],"curies":[{"name":"wp","href":"https:\/\/api.w.org\/{rel}","templated":true}]}}