{"id":85757,"date":"2018-08-15T13:13:30","date_gmt":"2018-08-15T11:13:30","guid":{"rendered":"https:\/\/cyclingpro.net\/velopro\/?p=85757"},"modified":"2018-08-15T13:14:50","modified_gmt":"2018-08-15T11:14:50","slug":"stefan-kung-je-sais-ce-que-jai-a-faire-maintenant","status":"publish","type":"post","link":"https:\/\/cyclingpro.net\/velopro\/course\/binckbanktour\/stefan-kung-je-sais-ce-que-jai-a-faire-maintenant\/","title":{"rendered":"Stefan K\u00fcng : \u00ab Je sais ce que j&rsquo;ai \u00e0 faire maintenant \u00bb"},"content":{"rendered":"<p style=\"text-align: justify;\"><em>Le champion de Suisse du contre-la-montre a \u00e9cras\u00e9 la concurrence ce mardi sur le chrono comptant pour la deuxi\u00e8me \u00e9tape du BinckBank Tour. Stefan K\u00fcng s&rsquo;est empar\u00e9 du maillot de leader avec 14 secondes d&rsquo;avance sur son premier poursuivant Victor Campenaerts (Lotto Soudal) et, cette fois, il pourrait bien le garder jusqu&rsquo;au bout.\u00a0<\/em><\/p>\n<p style=\"text-align: justify;\">Leader sur le Tour de Suisse, K\u00fcng savait bien qu&rsquo;il ne pourrait pas conserver son maillot jusqu&rsquo;au soir de la derni\u00e8re \u00e9tape. Sur le BinckBank Tour, l&rsquo;histoire est diff\u00e9rente. Cette ann\u00e9e, il n&rsquo;y a pas d&rsquo;\u00e9tapes vraiment difficiles o\u00f9 il sera possible de faire de gros \u00e9carts. Ainsi, K\u00fcng pourrait avoir une chance de remporter la deuxi\u00e8me course par \u00e9tapes de sa carri\u00e8re, apr\u00e8s le Tour de Normandie en 2014. \u00ab <em>Il n&rsquo;y a pas beaucoup d&rsquo;opportunit\u00e9s pour un coureur de mon type de gagner le classement g\u00e9n\u00e9ral de courses par \u00e9tapes, mais celle-ci a l&rsquo;air plut\u00f4t bien pour moi<\/em>, d\u00e9taille-t-il. <em>Bien s\u00fbr, il y aura des jours difficiles, sp\u00e9cialement dans le Limbourg ou autour de Grammont, mais le but est de d\u00e9fendre ce maillot aussi longtemps que possible.<\/em> \u00bb<\/p>\n<p style=\"text-align: justify;\">L&rsquo;ann\u00e9e derni\u00e8re d\u00e9j\u00e0, le rouleur suisse de 24 ans avait port\u00e9 le maillot vert de leader du g\u00e9n\u00e9ral du BinckBank Tour apr\u00e8s le contre-la-montre, mais avait d\u00fb s&rsquo;incliner lors de la cinqui\u00e8me \u00e9tape. Cette fois, K\u00fcng a franchi un palier et semble d\u00e9cid\u00e9 \u00e0 d\u00e9fendre sa place jusqu&rsquo;au bout. \u00ab <em>La course est loin d&rsquo;\u00eatre termin\u00e9e, mais je suis confiant<\/em>, explique le rouleur de la BMC. <em>J&rsquo;ai le maillot de leader donc c&rsquo;est la responsabilit\u00e9 des autres coureurs d&rsquo;essayer de me reprendre du temps. Ce sera difficile de d\u00e9fendre ce maillot car il y a beaucoup de bons coureurs ici, mais j&rsquo;ai l&rsquo;exp\u00e9rience d&rsquo;avoir le maillot de leader, je sais ce que \u00e7a fait et je sais ce que j&rsquo;ai \u00e0 faire maintenant. Nous avons une bonne \u00e9quipe, je suis motiv\u00e9 et me sens en bonne forme. J&rsquo;ai aussi l&rsquo;impression que j&rsquo;ai progress\u00e9 depuis l&rsquo;an pass\u00e9, pas seulement en contre-la-montre.<\/em> \u00bb<\/p>\n<blockquote class=\"twitter-tweet\" data-lang=\"fr\">\n<p dir=\"ltr\" lang=\"en\"><a href=\"https:\/\/twitter.com\/hashtag\/BinckBankTour?src=hash&amp;ref_src=twsrc%5Etfw\">#BinckBankTour<\/a> Time to celebrate <a href=\"https:\/\/twitter.com\/stefankueng?ref_src=twsrc%5Etfw\">@stefankueng<\/a>\u2019s victory as a team! Cheers, guys &#x1f37e;&#x1f942;. <a href=\"https:\/\/t.co\/7NcefozdcB\">pic.twitter.com\/7NcefozdcB<\/a><\/p>\n<p>\u2014 BMC Racing Team (@BMCProTeam) <a href=\"https:\/\/twitter.com\/BMCProTeam\/status\/1029453823385845760?ref_src=twsrc%5Etfw\">14 ao\u00fbt 2018<\/a><\/p><\/blockquote>\n<p><script async src=\"https:\/\/platform.twitter.com\/widgets.js\" charset=\"utf-8\"><\/script><\/p>\n","protected":false},"excerpt":{"rendered":"<p>Le champion de Suisse du contre-la-montre a \u00e9cras\u00e9 la concurrence ce mardi sur le chrono comptant pour la deuxi\u00e8me \u00e9tape du BinckBank Tour. Stefan K\u00fcng s&rsquo;est empar\u00e9 du maillot de leader avec 14 secondes d&rsquo;avance sur son premier poursuivant Victor Campenaerts (Lotto Soudal) et, cette fois, il pourrait bien le garder jusqu&rsquo;au bout.\u00a0 Leader sur &hellip;<\/p>\n","protected":false},"author":15,"featured_media":85759,"comment_status":"open","ping_status":"open","sticky":false,"template":"","format":"standard","meta":{"footnotes":""},"categories":[17,147,8,15,19],"tags":[],"class_list":["post-85757","post","type-post","status-publish","format-standard","has-post-thumbnail","hentry","category-une","category-binckbanktour","category-interviews","category-route","category-worldtour"],"_links":{"self":[{"href":"https:\/\/cyclingpro.net\/velopro\/wp-json\/wp\/v2\/posts\/85757","targetHints":{"allow":["GET"]}}],"collection":[{"href":"https:\/\/cyclingpro.net\/velopro\/wp-json\/wp\/v2\/posts"}],"about":[{"href":"https:\/\/cyclingpro.net\/velopro\/wp-json\/wp\/v2\/types\/post"}],"author":[{"embeddable":true,"href":"https:\/\/cyclingpro.net\/velopro\/wp-json\/wp\/v2\/users\/15"}],"replies":[{"embeddable":true,"href":"https:\/\/cyclingpro.net\/velopro\/wp-json\/wp\/v2\/comments?post=85757"}],"version-history":[{"count":0,"href":"https:\/\/cyclingpro.net\/velopro\/wp-json\/wp\/v2\/posts\/85757\/revisions"}],"wp:featuredmedia":[{"embeddable":true,"href":"https:\/\/cyclingpro.net\/velopro\/wp-json\/wp\/v2\/media\/85759"}],"wp:attachment":[{"href":"https:\/\/cyclingpro.net\/velopro\/wp-json\/wp\/v2\/media?parent=85757"}],"wp:term":[{"taxonomy":"category","embeddable":true,"href":"https:\/\/cyclingpro.net\/velopro\/wp-json\/wp\/v2\/categories?post=85757"},{"taxonomy":"post_tag","embeddable":true,"href":"https:\/\/cyclingpro.net\/velopro\/wp-json\/wp\/v2\/tags?post=85757"}],"curies":[{"name":"wp","href":"https:\/\/api.w.org\/{rel}","templated":true}]}}