{"id":85679,"date":"2018-08-14T13:46:08","date_gmt":"2018-08-14T11:46:08","guid":{"rendered":"https:\/\/cyclingpro.net\/velopro\/?p=85679"},"modified":"2018-08-14T13:47:43","modified_gmt":"2018-08-14T11:47:43","slug":"tour-de-guangxi-le-parcours-2018-devoile","status":"publish","type":"post","link":"https:\/\/cyclingpro.net\/velopro\/course\/tour-of-guangxi\/tour-de-guangxi-le-parcours-2018-devoile\/","title":{"rendered":"Tour de Guangxi 2018 : Parcours quasiment identique \u00e0 2017"},"content":{"rendered":"<p>Comme en 2017, le Tour de Guangxi va conclure la saison WorldTour 2018 dans un certain anonymat. L&rsquo;\u00e9preuve chinoise qui s&rsquo;\u00e9tale sur six jours conserve un parcours quasiment identique \u00e0 celui de 2017, \u00e0 quelques kilom\u00e8tres pr\u00e8s. Pour rappel, en 2017, cinq des six \u00e9tapes s&rsquo;\u00e9taient conclues par des sprints, couronnant Fernando Gaviria \u00e0 quatre reprises et Dylan Groenewegen pour une \u00e9tape. Tim Wellens avait lui remport\u00e9 le g\u00e9n\u00e9ral en s&rsquo;adjugeant l&rsquo;\u00e9tape de Nongla, qui sera une nouvelle fois la seule \u00e9tape \u00e0 priori d\u00e9cisive pour le g\u00e9n\u00e9ral.<\/p>\n<p><strong>Les \u00e9tapes :<\/strong><br \/>\nMardi 16 octobre : 1e \u00e9tape,\u00a0Beihai \u2013 Beihai, 107,4km<br \/>\nMercredi 17 octobre : 2e \u00e9tape,\u00a0Beihai \u2013 Qinzhou, 145,2km<br \/>\nJeudi 18 octobre : 3e \u00e9tape, Nanning \u2013 Nanning, 125,4km<br \/>\nVendredi 19 octobre : 4e \u00e9tape,\u00a0Nanning \u2013 Nongla, 152,2km<br \/>\nSamedi 20 octobre : 5e \u00e9tape,\u00a0Liuzhou \u2013 Guilin, 212,2km<br \/>\nDimanche 21 octobre : 6e \u00e9tape,\u00a0Guilin \u2013 Guilin, 169km<\/p>\n<p>&nbsp;<\/p>\n<p><strong>Carte g\u00e9n\u00e9rale :<\/strong><\/p>\n<p><a href=\"https:\/\/cyclingpro.net\/velopro\/wp-content\/uploads\/2018\/08\/tourofguangxi2018-generalmap.jpg\"><img loading=\"lazy\" decoding=\"async\" class=\"aligncenter wp-image-85687 size-full\" src=\"https:\/\/cyclingpro.net\/velopro\/wp-content\/uploads\/2018\/08\/tourofguangxi2018-generalmap.jpg\" alt=\"\" width=\"1170\" height=\"812\" srcset=\"https:\/\/cyclingpro.net\/velopro\/wp-content\/uploads\/2018\/08\/tourofguangxi2018-generalmap.jpg 1170w, https:\/\/cyclingpro.net\/velopro\/wp-content\/uploads\/2018\/08\/tourofguangxi2018-generalmap-300x208.jpg 300w, https:\/\/cyclingpro.net\/velopro\/wp-content\/uploads\/2018\/08\/tourofguangxi2018-generalmap-768x533.jpg 768w, https:\/\/cyclingpro.net\/velopro\/wp-content\/uploads\/2018\/08\/tourofguangxi2018-generalmap-1024x711.jpg 1024w, https:\/\/cyclingpro.net\/velopro\/wp-content\/uploads\/2018\/08\/tourofguangxi2018-generalmap-110x75.jpg 110w\" sizes=\"auto, (max-width: 1170px) 100vw, 1170px\" \/><\/a><\/p>\n<p>&nbsp;<\/p>\n<p><strong>Cartes et profils des \u00e9tapes :<\/strong><\/p>\n<div id='gallery-1' class='gallery galleryid-85679 gallery-columns-3 gallery-size-full'><figure class='gallery-item'>\n\t\t\t<div class='gallery-icon portrait'>\n\t\t\t\t<a href='https:\/\/cyclingpro.net\/velopro\/course\/tour-of-guangxi\/tour-de-guangxi-le-parcours-2018-devoile\/attachment\/tourofguangxi2018-stage1\/'><img loading=\"lazy\" decoding=\"async\" width=\"927\" height=\"1024\" src=\"https:\/\/cyclingpro.net\/velopro\/wp-content\/uploads\/2018\/08\/tourofguangxi2018-stage1.png\" class=\"attachment-full size-full\" alt=\"\" aria-describedby=\"gallery-1-85686\" srcset=\"https:\/\/cyclingpro.net\/velopro\/wp-content\/uploads\/2018\/08\/tourofguangxi2018-stage1.png 927w, https:\/\/cyclingpro.net\/velopro\/wp-content\/uploads\/2018\/08\/tourofguangxi2018-stage1-272x300.png 272w, https:\/\/cyclingpro.net\/velopro\/wp-content\/uploads\/2018\/08\/tourofguangxi2018-stage1-768x848.png 768w\" sizes=\"auto, (max-width: 927px) 100vw, 927px\" \/><\/a>\n\t\t\t<\/div>\n\t\t\t\t<figcaption class='wp-caption-text gallery-caption' id='gallery-1-85686'>\n\t\t\t\t1e \u00e9tape\n\t\t\t\t<\/figcaption><\/figure><figure class='gallery-item'>\n\t\t\t<div class='gallery-icon portrait'>\n\t\t\t\t<a href='https:\/\/cyclingpro.net\/velopro\/course\/tour-of-guangxi\/tour-de-guangxi-le-parcours-2018-devoile\/attachment\/tourofguangxi2018-stage2\/'><img loading=\"lazy\" decoding=\"async\" width=\"930\" height=\"1024\" src=\"https:\/\/cyclingpro.net\/velopro\/wp-content\/uploads\/2018\/08\/tourofguangxi2018-stage2.png\" class=\"attachment-full size-full\" alt=\"\" aria-describedby=\"gallery-1-85685\" srcset=\"https:\/\/cyclingpro.net\/velopro\/wp-content\/uploads\/2018\/08\/tourofguangxi2018-stage2.png 930w, https:\/\/cyclingpro.net\/velopro\/wp-content\/uploads\/2018\/08\/tourofguangxi2018-stage2-273x300.png 273w, https:\/\/cyclingpro.net\/velopro\/wp-content\/uploads\/2018\/08\/tourofguangxi2018-stage2-768x845.png 768w\" sizes=\"auto, (max-width: 930px) 100vw, 930px\" \/><\/a>\n\t\t\t<\/div>\n\t\t\t\t<figcaption class='wp-caption-text gallery-caption' id='gallery-1-85685'>\n\t\t\t\t2e \u00e9tape\n\t\t\t\t<\/figcaption><\/figure><figure class='gallery-item'>\n\t\t\t<div class='gallery-icon portrait'>\n\t\t\t\t<a href='https:\/\/cyclingpro.net\/velopro\/course\/tour-of-guangxi\/tour-de-guangxi-le-parcours-2018-devoile\/attachment\/tourofguangxi2018-stage3\/'><img loading=\"lazy\" decoding=\"async\" width=\"922\" height=\"1024\" src=\"https:\/\/cyclingpro.net\/velopro\/wp-content\/uploads\/2018\/08\/tourofguangxi2018-stage3.png\" class=\"attachment-full size-full\" alt=\"\" aria-describedby=\"gallery-1-85684\" srcset=\"https:\/\/cyclingpro.net\/velopro\/wp-content\/uploads\/2018\/08\/tourofguangxi2018-stage3.png 922w, https:\/\/cyclingpro.net\/velopro\/wp-content\/uploads\/2018\/08\/tourofguangxi2018-stage3-270x300.png 270w, https:\/\/cyclingpro.net\/velopro\/wp-content\/uploads\/2018\/08\/tourofguangxi2018-stage3-768x853.png 768w\" sizes=\"auto, (max-width: 922px) 100vw, 922px\" \/><\/a>\n\t\t\t<\/div>\n\t\t\t\t<figcaption class='wp-caption-text gallery-caption' id='gallery-1-85684'>\n\t\t\t\t3e \u00e9tape\n\t\t\t\t<\/figcaption><\/figure><figure class='gallery-item'>\n\t\t\t<div class='gallery-icon portrait'>\n\t\t\t\t<a href='https:\/\/cyclingpro.net\/velopro\/course\/tour-of-guangxi\/tour-de-guangxi-le-parcours-2018-devoile\/attachment\/tourofguangxi2018-stage4\/'><img loading=\"lazy\" decoding=\"async\" width=\"910\" height=\"1024\" src=\"https:\/\/cyclingpro.net\/velopro\/wp-content\/uploads\/2018\/08\/tourofguangxi2018-stage4.png\" class=\"attachment-full size-full\" alt=\"\" aria-describedby=\"gallery-1-85683\" srcset=\"https:\/\/cyclingpro.net\/velopro\/wp-content\/uploads\/2018\/08\/tourofguangxi2018-stage4.png 910w, https:\/\/cyclingpro.net\/velopro\/wp-content\/uploads\/2018\/08\/tourofguangxi2018-stage4-267x300.png 267w, https:\/\/cyclingpro.net\/velopro\/wp-content\/uploads\/2018\/08\/tourofguangxi2018-stage4-768x864.png 768w\" sizes=\"auto, (max-width: 910px) 100vw, 910px\" \/><\/a>\n\t\t\t<\/div>\n\t\t\t\t<figcaption class='wp-caption-text gallery-caption' id='gallery-1-85683'>\n\t\t\t\t4e \u00e9tape\n\t\t\t\t<\/figcaption><\/figure><figure class='gallery-item'>\n\t\t\t<div class='gallery-icon portrait'>\n\t\t\t\t<a href='https:\/\/cyclingpro.net\/velopro\/course\/tour-of-guangxi\/tour-de-guangxi-le-parcours-2018-devoile\/attachment\/tourofguangxi2018-stage5\/'><img loading=\"lazy\" decoding=\"async\" width=\"922\" height=\"1024\" src=\"https:\/\/cyclingpro.net\/velopro\/wp-content\/uploads\/2018\/08\/tourofguangxi2018-stage5.png\" class=\"attachment-full size-full\" alt=\"\" aria-describedby=\"gallery-1-85682\" srcset=\"https:\/\/cyclingpro.net\/velopro\/wp-content\/uploads\/2018\/08\/tourofguangxi2018-stage5.png 922w, https:\/\/cyclingpro.net\/velopro\/wp-content\/uploads\/2018\/08\/tourofguangxi2018-stage5-270x300.png 270w, https:\/\/cyclingpro.net\/velopro\/wp-content\/uploads\/2018\/08\/tourofguangxi2018-stage5-768x853.png 768w\" sizes=\"auto, (max-width: 922px) 100vw, 922px\" \/><\/a>\n\t\t\t<\/div>\n\t\t\t\t<figcaption class='wp-caption-text gallery-caption' id='gallery-1-85682'>\n\t\t\t\t5e \u00e9tape\n\t\t\t\t<\/figcaption><\/figure><figure class='gallery-item'>\n\t\t\t<div class='gallery-icon portrait'>\n\t\t\t\t<a href='https:\/\/cyclingpro.net\/velopro\/course\/tour-of-guangxi\/tour-de-guangxi-le-parcours-2018-devoile\/attachment\/tourofguangxi2018-stage6\/'><img loading=\"lazy\" decoding=\"async\" width=\"905\" height=\"1024\" src=\"https:\/\/cyclingpro.net\/velopro\/wp-content\/uploads\/2018\/08\/tourofguangxi2018-stage6.png\" class=\"attachment-full size-full\" alt=\"\" aria-describedby=\"gallery-1-85681\" srcset=\"https:\/\/cyclingpro.net\/velopro\/wp-content\/uploads\/2018\/08\/tourofguangxi2018-stage6.png 905w, https:\/\/cyclingpro.net\/velopro\/wp-content\/uploads\/2018\/08\/tourofguangxi2018-stage6-265x300.png 265w, https:\/\/cyclingpro.net\/velopro\/wp-content\/uploads\/2018\/08\/tourofguangxi2018-stage6-768x869.png 768w\" sizes=\"auto, (max-width: 905px) 100vw, 905px\" \/><\/a>\n\t\t\t<\/div>\n\t\t\t\t<figcaption class='wp-caption-text gallery-caption' id='gallery-1-85681'>\n\t\t\t\t6e \u00e9tape\n\t\t\t\t<\/figcaption><\/figure>\n\t\t<\/div>\n\n","protected":false},"excerpt":{"rendered":"<p>Comme en 2017, le Tour de Guangxi va conclure la saison WorldTour 2018 dans un certain anonymat. L&rsquo;\u00e9preuve chinoise qui s&rsquo;\u00e9tale sur six jours conserve un parcours quasiment identique \u00e0 celui de 2017, \u00e0 quelques kilom\u00e8tres pr\u00e8s. Pour rappel, en 2017, cinq des six \u00e9tapes s&rsquo;\u00e9taient conclues par des sprints, couronnant Fernando Gaviria \u00e0 quatre &hellip;<\/p>\n","protected":false},"author":4,"featured_media":85687,"comment_status":"open","ping_status":"open","sticky":false,"template":"","format":"standard","meta":{"footnotes":""},"categories":[12,24,15,198],"tags":[],"class_list":["post-85679","post","type-post","status-publish","format-standard","has-post-thumbnail","hentry","category-non-classe","category-presentation-course","category-route","category-tour-of-guangxi"],"_links":{"self":[{"href":"https:\/\/cyclingpro.net\/velopro\/wp-json\/wp\/v2\/posts\/85679","targetHints":{"allow":["GET"]}}],"collection":[{"href":"https:\/\/cyclingpro.net\/velopro\/wp-json\/wp\/v2\/posts"}],"about":[{"href":"https:\/\/cyclingpro.net\/velopro\/wp-json\/wp\/v2\/types\/post"}],"author":[{"embeddable":true,"href":"https:\/\/cyclingpro.net\/velopro\/wp-json\/wp\/v2\/users\/4"}],"replies":[{"embeddable":true,"href":"https:\/\/cyclingpro.net\/velopro\/wp-json\/wp\/v2\/comments?post=85679"}],"version-history":[{"count":0,"href":"https:\/\/cyclingpro.net\/velopro\/wp-json\/wp\/v2\/posts\/85679\/revisions"}],"wp:featuredmedia":[{"embeddable":true,"href":"https:\/\/cyclingpro.net\/velopro\/wp-json\/wp\/v2\/media\/85687"}],"wp:attachment":[{"href":"https:\/\/cyclingpro.net\/velopro\/wp-json\/wp\/v2\/media?parent=85679"}],"wp:term":[{"taxonomy":"category","embeddable":true,"href":"https:\/\/cyclingpro.net\/velopro\/wp-json\/wp\/v2\/categories?post=85679"},{"taxonomy":"post_tag","embeddable":true,"href":"https:\/\/cyclingpro.net\/velopro\/wp-json\/wp\/v2\/tags?post=85679"}],"curies":[{"name":"wp","href":"https:\/\/api.w.org\/{rel}","templated":true}]}}