{"id":85422,"date":"2018-08-11T17:37:29","date_gmt":"2018-08-11T15:37:29","guid":{"rendered":"https:\/\/cyclingpro.net\/velopro\/?p=85422"},"modified":"2018-08-11T17:37:29","modified_gmt":"2018-08-11T15:37:29","slug":"championnat-deurope-la-liste-des-engages","status":"publish","type":"post","link":"https:\/\/cyclingpro.net\/velopro\/course\/championnat-deurope-course\/championnat-deurope-la-liste-des-engages\/","title":{"rendered":"Championnat d&rsquo;Europe : La liste des engag\u00e9s"},"content":{"rendered":"<p style=\"text-align: justify;\">Ce dimanche \u00e0 Glasgow se tient la course en ligne des Championnats d&rsquo;Europe sur 230,4 kilom\u00e8tres divis\u00e9s en 16 tours de circuit.\u00a0<a href=\"https:\/\/cyclingpro.net\/velopro\/course\/championnat-deurope-course\/championnat-deurope-clm-victor-campenaerts-conserve-sa-couronne-de-justesse\/\">Apr\u00e8s le succ\u00e8s de Victor Campenaerts sur l&rsquo;exercice chronom\u00e9tr\u00e9 mercredi<\/a>, l&rsquo;\u00e9quipe nationale belge a encore fi\u00e8re allure avec plusieurs cartes, entre autres Greg Van Avermaet, Wout Van Aert ou encore Jasper Stuyven.<\/p>\n<p style=\"text-align: justify;\"><a href=\"https:\/\/cyclingpro.net\/velopro\/course\/championnat-deurope-2017\/championnat-deurope-alexander-kristoff-dun-rien\/\">Le tenant du titre Alexander Kristoff<\/a> sera bien entendu de la partie avec le dossard 1, mais aura fort \u00e0 faire. Peter Sagan, Elia Viviani ou John Degenkolb seront des candidats redoutables en cas d&rsquo;arriv\u00e9e au sprint, ce qui semble \u00eatre le sc\u00e9nario le plus probable. A ce titre, la France comptera sur Bryan Coquard et Christophe Laporte pour obtenir le meilleur r\u00e9sultat possible.<\/p>\n<p><strong>La liste des coureurs engag\u00e9s :\u00a0<\/strong><\/p>\n<div><b>Norv\u00e8ge<\/b><br \/>\n1\u00a0KRISTOFF\u00a0Alexander<br \/>\n2\u00a0BYSTR\u00d8M\u00a0Sven Erik<br \/>\n3\u00a0ENGER\u00a0Sondre Holst<br \/>\n4\u00a0HALVORSEN\u00a0Kristoffer<br \/>\n5\u00a0JENSEN\u00a0August<br \/>\n6\u00a0TILLER\u00a0Rasmus<\/p>\n<div><\/div>\n<div><b>Italie<\/b><br \/>\n7\u00a0BALLERINI\u00a0Davide<br \/>\n8\u00a0CANOLA\u00a0Marco<br \/>\n9\u00a0CIMOLAI\u00a0Davide<br \/>\n10\u00a0COLBRELLI\u00a0Sonny<br \/>\n11\u00a0GUARNIERI\u00a0Jacopo<br \/>\n12\u00a0PUCCIO\u00a0Salvatore<br \/>\n13\u00a0TRENTIN\u00a0Matteo<br \/>\n14\u00a0VIVIANI\u00a0Elia<\/p>\n<div><\/div>\n<div><strong>Belgique<\/strong><br \/>\n15\u00a0CLAEYS\u00a0Dimitri<br \/>\n16\u00a0MEURISSE\u00a0Xandro<br \/>\n17\u00a0STUYVEN\u00a0Jasper<br \/>\n18\u00a0VAN AERT\u00a0Wout<br \/>\n19\u00a0VAN AVERMAET\u00a0Greg<br \/>\n20\u00a0VAN DER SANDE\u00a0Tosh<br \/>\n21\u00a0VAN GESTEL\u00a0Dries<br \/>\n22\u00a0WALLAYS\u00a0Jelle<\/p>\n<div><\/div>\n<div><b>France<\/b><br \/>\n23\u00a0DUMOULIN\u00a0Samuel<br \/>\n24\u00a0HOFSTETTER\u00a0Hugo<br \/>\n25\u00a0LAPORTE\u00a0Christophe<br \/>\n26\u00a0PERICHON\u00a0Pierre-Luc<br \/>\n27\u00a0TOUZE\u00a0Damien<br \/>\n28\u00a0TULIK\u00a0Angelo<br \/>\n29\u00a0TURGIS\u00a0Anthony<br \/>\n30\u00a0COQUARD\u00a0Bryan<\/p>\n<div><\/div>\n<div><b>Pays-Bas<\/b><br \/>\n31\u00a0DE KORT\u00a0Koen<br \/>\n32\u00a0HOFLAND\u00a0Moreno<br \/>\n33\u00a0LAMMERTINK\u00a0Maurits<br \/>\n34\u00a0RIESEBEEK\u00a0Oscar<br \/>\n35\u00a0VAN BAARLE\u00a0Dylan<br \/>\n36\u00a0VAN DER POEL\u00a0Mathieu<br \/>\n37\u00a0WEENING\u00a0Pieter<\/p>\n<div><\/div>\n<div><strong>Espagne<\/strong><br \/>\n38\u00a0DE LA PARTE\u00a0V\u00edctor<br \/>\n39\u00a0GARCIA CORTINA\u00a0Ivan<br \/>\n40\u00a0HERRADA\u00a0Jes\u00fas<br \/>\n41\u00a0LOPEZ\u00a0Jos\u00e9<br \/>\n42\u00a0LOBATO\u00a0Juan Jos\u00e9<br \/>\n43\u00a0PRADES\u00a0Eduard<br \/>\n44\u00a0SAEZ\u00a0H\u00e9ctor<br \/>\n45\u00a0SERRANO\u00a0Gonzalo<\/p>\n<div><\/div>\n<div><strong>Grande-Bretagne<\/strong><br \/>\n46\u00a0BLYTHE\u00a0Adam<br \/>\n47\u00a0CHRISTIAN\u00a0Mark<br \/>\n48\u00a0DOULL\u00a0Owain<br \/>\n49\u00a0LAWLESS\u00a0Christopher<br \/>\n50\u00a0ROWE\u00a0Luke<br \/>\n51\u00a0STANNARD\u00a0Ian<br \/>\n52\u00a0SWIFT\u00a0Ben<br \/>\n53\u00a0THWAITES\u00a0Scott<\/p>\n<div><\/div>\n<div><strong>Danemark<\/strong><br \/>\n54\u00a0ASGREEN\u00a0Kasper<br \/>\n55\u00a0HANSEN\u00a0Lasse Norman<br \/>\n56\u00a0KAMP\u00a0Alexander<br \/>\n57\u00a0M\u00d8RK\u00d8V\u00a0Michael<br \/>\n58\u00a0CORT\u00a0Magnus<br \/>\n59\u00a0PEDERSEN\u00a0Casper<br \/>\n60\u00a0PEDERSEN\u00a0Mads<br \/>\n61\u00a0CARBEL\u00a0Michael<\/p>\n<div><\/div>\n<div><strong>Allemagne<\/strong><br \/>\n62\u00a0DEGENKOLB\u00a0John<br \/>\n63\u00a0DENZ\u00a0Nico<br \/>\n64\u00a0HUPPERTZ\u00a0Joshua<br \/>\n65\u00a0KLUGE\u00a0Roger<br \/>\n66\u00a0KOCH\u00a0Jonas<br \/>\n67\u00a0KRIEGER\u00a0Alexander<br \/>\n68\u00a0MEISEN\u00a0Marcel<br \/>\n69\u00a0ZABEL\u00a0Rick<\/p>\n<div><\/div>\n<div><strong>Slov\u00e9nie<\/strong><br \/>\n70\u00a0BOZIC\u00a0Borut<br \/>\n71\u00a0KORO\u0160EC\u00a0Rok<br \/>\n72\u00a0KUMP\u00a0Marko<br \/>\n73\u00a0MEZGEC\u00a0Luka<br \/>\n74\u00a0MOHORIC\u00a0Matej<br \/>\n75\u00a0PIBERNIK\u00a0Luka<\/p>\n<div><\/div>\n<div><strong>Pologne<\/strong><br \/>\n76\u00a0BANASZEK\u00a0Alan<br \/>\n77\u00a0GO\u0141A\u015a\u00a0Micha\u0142<br \/>\n78\u00a0JANISZEWSKI\u00a0Sylwester<br \/>\n79\u00a0KOMAR\u00a0Mateusz<br \/>\n80\u00a0SAJNOK\u00a0Szymon<br \/>\n81\u00a0STEPNIAK\u00a0Grzegorz<\/p>\n<div><\/div>\n<div><strong>Suisse<\/strong><br \/>\n82\u00a0ALBASINI\u00a0Michael<br \/>\n83\u00a0IMHOF\u00a0Claudio<br \/>\n84\u00a0LIENHARD\u00a0Fabian<br \/>\n85\u00a0PAGE\u00a0Dylan<br \/>\n86\u00a0SPENGLER\u00a0Lukas<br \/>\n87\u00a0THALMANN\u00a0Roland<\/p>\n<div><\/div>\n<div><strong>R\u00e9publique Tch\u00e8que<\/strong><br \/>\n88\u00a0B\u00c1RTA\u00a0Jan<br \/>\n89\u00a0\u010cERN\u00dd\u00a0Josef<br \/>\n90\u00a0HACECKY\u00a0Vojtech<br \/>\n91\u00a0HAMPL\u00a0Petr<br \/>\n92\u00a0KANKOVSKY\u00a0Alois<br \/>\n93\u00a0STYBAR\u00a0Zdenek<\/p>\n<div><\/div>\n<div><strong>Russie<\/strong><br \/>\n94\u00a0KUZNETSOV\u00a0Viacheslav<br \/>\n95\u00a0OVECHKIN\u00a0Artem<br \/>\n96\u00a0PORSEV\u00a0Alexander<br \/>\n97\u00a0STRAKHOV\u00a0Dmitry<br \/>\n98\u00a0MANAKOV\u00a0Victor<\/p>\n<div><\/div>\n<div><strong>Slovaquie<\/strong><br \/>\n99\u00a0\u010cANECK\u00dd\u00a0Marek<br \/>\n100\u00a0MAH\u010eAR\u00a0Martin<br \/>\n101\u00a0MALIK\u00a0Robert<br \/>\n102\u00a0MALOVEC\u00a0Lubos<br \/>\n103\u00a0SAGAN\u00a0Peter<br \/>\n104\u00a0TYBOR\u00a0Patrik<\/p>\n<div><\/div>\n<div><strong>Irlande <\/strong><br \/>\n105\u00a0DUNBAR\u00a0Edward<br \/>\n106\u00a0DUNNE\u00a0Conor<br \/>\n107\u00a0MCCARTHY\u00a0Robert-jon<br \/>\n108\u00a0TEGGART\u00a0Matthew<br \/>\n109\u00a0POTTS\u00a0Marc<\/p>\n<div><\/div>\n<div><strong>Autriche<\/strong><br \/>\n110\u00a0KRIZEK\u00a0Matthias<br \/>\n111\u00a0RABITSCH\u00a0Stephan<\/p>\n<div><\/div>\n<div><b>Portugal<\/b><br \/>\n112\u00a0COSTA\u00a0Rui<br \/>\n113\u00a0GON\u00c7ALVES\u00a0Jos\u00e9<br \/>\n114\u00a0MACHADO\u00a0Tiago<br \/>\n115\u00a0VILELA\u00a0Ricardo<\/p>\n<div><\/div>\n<div><b>Ukraine<\/b><br \/>\n116\u00a0GOLOVASH\u00a0Oleksandr<br \/>\n117\u00a0POLIVODA\u00a0Oleksandr<br \/>\n118\u00a0VASILYEV\u00a0Maksym<\/p>\n<div><\/div>\n<div><strong>Bi\u00e9lorussie<\/strong><br \/>\n119\u00a0PAPOK\u00a0Siarhei<br \/>\n120\u00a0RIABUSHENKO\u00a0Alexandr<br \/>\n121\u00a0SAMOILAU\u00a0Branislau<br \/>\n122\u00a0SHUMOV\u00a0Nikolai<\/p>\n<div><\/div>\n<div><strong>Estonie<\/strong><br \/>\n123\u00a0JAKIN\u00a0Alo<br \/>\n124\u00a0N\u00d5MMELA\u00a0Aksel<br \/>\n125\u00a0RAIM\u00a0Mihkel<br \/>\n126\u00a0VENDELIN\u00a0Karl-arnold<\/p>\n<div><\/div>\n<div><strong>Lettonie<\/strong><br \/>\n127\u00a0LIEPINS\u00a0Emils<br \/>\n128\u00a0NEILANDS\u00a0Krists<\/p>\n<div><\/div>\n<div><strong>Roumanie<\/strong><br \/>\n129\u00a0PRIA\u00a0Lars<\/p>\n<div><\/div>\n<div><strong>Su\u00e8de<\/strong><br \/>\n130\u00a0ERIKSSON\u00a0Lucas<br \/>\n131\u00a0H\u00d6\u00d6G\u00a0Gustav<br \/>\n132\u00a0LARSEN\u00a0Richard<br \/>\n133\u00a0LUDVIGSSON\u00a0Tobias<\/p>\n<div><\/div>\n<div><strong>Lituanie<\/strong><br \/>\n134\u00a0BAGDONAS\u00a0Gediminas<br \/>\n135\u00a0NAVARDAUSKAS\u00a0Ramunas<\/p>\n<div><\/div>\n<div><strong>Gr\u00e8ce<\/strong><br \/>\n136\u00a0TZORTZAKIS\u00a0Polychronis<\/div>\n<div><\/div>\n<blockquote class=\"twitter-tweet\" data-lang=\"fr\">\n<p dir=\"ltr\" lang=\"en\">&#x1f51c; Tomorrow it will be the day: Men&rsquo;s <a href=\"https:\/\/twitter.com\/hashtag\/EuroRoad18?src=hash&amp;ref_src=twsrc%5Etfw\">#EuroRoad18<\/a> will start at 10,30 &#x1f3c1;.<br \/>\n&#x2753;Who will be the champion after Alexander Kristoff? Find out the start list and all info about the race &#x1f449; <a href=\"https:\/\/t.co\/OWABAUR4EY\">https:\/\/t.co\/OWABAUR4EY<\/a> <a href=\"https:\/\/t.co\/fZMiX5fekD\">pic.twitter.com\/fZMiX5fekD<\/a><\/p>\n<p>\u2014 UEC Cycling (@UEC_cycling) <a href=\"https:\/\/twitter.com\/UEC_cycling\/status\/1028300858843426822?ref_src=twsrc%5Etfw\">11 ao\u00fbt 2018<\/a><\/p><\/blockquote>\n<p><script async src=\"https:\/\/platform.twitter.com\/widgets.js\" charset=\"utf-8\"><\/script><\/p>\n<\/div>\n<\/div>\n<\/div>\n<\/div>\n<\/div>\n<\/div>\n<\/div>\n<\/div>\n<\/div>\n<\/div>\n<\/div>\n<\/div>\n<\/div>\n<\/div>\n<\/div>\n<\/div>\n<\/div>\n<\/div>\n<\/div>\n<\/div>\n<\/div>\n<\/div>\n<\/div>\n<\/div>\n<\/div>\n","protected":false},"excerpt":{"rendered":"<p>Ce dimanche \u00e0 Glasgow se tient la course en ligne des Championnats d&rsquo;Europe sur 230,4 kilom\u00e8tres divis\u00e9s en 16 tours de circuit.\u00a0Apr\u00e8s le succ\u00e8s de Victor Campenaerts sur l&rsquo;exercice chronom\u00e9tr\u00e9 mercredi, l&rsquo;\u00e9quipe nationale belge a encore fi\u00e8re allure avec plusieurs cartes, entre autres Greg Van Avermaet, Wout Van Aert ou encore Jasper Stuyven. Le tenant &hellip;<\/p>\n","protected":false},"author":15,"featured_media":80780,"comment_status":"open","ping_status":"open","sticky":false,"template":"","format":"standard","meta":{"footnotes":""},"categories":[11,238,25,15,16,28],"tags":[],"class_list":["post-85422","post","type-post","status-publish","format-standard","has-post-thumbnail","hentry","category-news-niveau-2","category-championnat-deurope-course","category-news","category-route","category-startlist","category-course"],"_links":{"self":[{"href":"https:\/\/cyclingpro.net\/velopro\/wp-json\/wp\/v2\/posts\/85422","targetHints":{"allow":["GET"]}}],"collection":[{"href":"https:\/\/cyclingpro.net\/velopro\/wp-json\/wp\/v2\/posts"}],"about":[{"href":"https:\/\/cyclingpro.net\/velopro\/wp-json\/wp\/v2\/types\/post"}],"author":[{"embeddable":true,"href":"https:\/\/cyclingpro.net\/velopro\/wp-json\/wp\/v2\/users\/15"}],"replies":[{"embeddable":true,"href":"https:\/\/cyclingpro.net\/velopro\/wp-json\/wp\/v2\/comments?post=85422"}],"version-history":[{"count":0,"href":"https:\/\/cyclingpro.net\/velopro\/wp-json\/wp\/v2\/posts\/85422\/revisions"}],"wp:featuredmedia":[{"embeddable":true,"href":"https:\/\/cyclingpro.net\/velopro\/wp-json\/wp\/v2\/media\/80780"}],"wp:attachment":[{"href":"https:\/\/cyclingpro.net\/velopro\/wp-json\/wp\/v2\/media?parent=85422"}],"wp:term":[{"taxonomy":"category","embeddable":true,"href":"https:\/\/cyclingpro.net\/velopro\/wp-json\/wp\/v2\/categories?post=85422"},{"taxonomy":"post_tag","embeddable":true,"href":"https:\/\/cyclingpro.net\/velopro\/wp-json\/wp\/v2\/tags?post=85422"}],"curies":[{"name":"wp","href":"https:\/\/api.w.org\/{rel}","templated":true}]}}