{"id":85372,"date":"2018-08-11T16:28:52","date_gmt":"2018-08-11T14:28:52","guid":{"rendered":"https:\/\/cyclingpro.net\/velopro\/?p=85372"},"modified":"2018-08-11T17:02:43","modified_gmt":"2018-08-11T15:02:43","slug":"tour-de-burgos-lultime-et-le-general-pour-ivan-r-sosa","status":"publish","type":"post","link":"https:\/\/cyclingpro.net\/velopro\/uncategorized\/tour-de-burgos-lultime-et-le-general-pour-ivan-r-sosa\/","title":{"rendered":"Tour de Burgos : l&rsquo;ultime et le g\u00e9n\u00e9ral pour Ivan R. Sosa"},"content":{"rendered":"<p>Fin en apoth\u00e9ose pour cette 40e \u00e9dition du Tour de Burgos (2.HC), avec l&rsquo;\u00e9tape reine entre Salas de los Infantes et Lagunas de Neila ! 141 kilom\u00e8tres \u00e9taient \u00e0 parcourir avec 3 difficult\u00e9s r\u00e9pertori\u00e9es en 3\u00e8me cat\u00e9gorie, l&rsquo;Alto San Cuerno (au kilom\u00e8tre 58), l&rsquo;Alto del Cerro (au kilom\u00e8tre 82), l&rsquo;Alto del Collado de Vilviestre (au kilom\u00e8tre 118), sans compter la mythique arriv\u00e9e au sommet des Lagunas de Neila (hors cat\u00e9gorie &#8211; 12 kilom\u00e8tres d&rsquo;ascension &#8211; altitude 1800m), pr\u00e9sentant une ascension abrupte (passage \u00e0 18%), avec un dernier kilom\u00e8tre \u00e0 11%. D&rsquo;autant qu&rsquo;au d\u00e9part de l&rsquo;\u00e9tape ce midi les \u00e9carts au classement g\u00e9n\u00e9ral \u00e9taient minimes, seulement 2&Prime; de retard pour Ivan R. Sosa (Androni Giocattoli) sur Miguel Angel Lopez (Astana) et huit autres coureurs \u00e0 moins de 1&rsquo;40.<\/p>\n<p>Peu apr\u00e8s le d\u00e9part, 13 hommes parviennent \u00e0 s&rsquo;\u00e9chapper. Ce groupe ne creusera toutefois pas (30&Prime; au maximum) et sera vite repris. Une nouvelle \u00e9chapp\u00e9e de 11 hommes  se constitue avec<br \/>\nDiego Rosa (Sky), Jaime Castrillo et Jose Joaquin Rojas (Movistar), Benjamin King  et Johann Van Zyl (Dimension Data), Angel Madrazo et Lucas De Rossi (Delko Provence), Perrig Quemeneur (Direct Emergie), Pablo Torres (Burgos BH), Nicola Bagioli (Nippo Vini Fantini) ainsi que Garikoitz Bravo (Euskadi Murias). L&rsquo;\u00e9cart montera jusqu&rsquo;\u00e0 2&prime;.<\/p>\n<p>A la faveur du ravitaillement Vasil Kiryienka (Sky) acc\u00e9l\u00e8re et creuse, imm\u00e9diatement suivi de plusieurs coureurs de l&rsquo;\u00e9quipe Androni Giocattoli dont Ivan R. Sosa. Bien s\u00fbr le peloton ne laisse pas filer et revient, mais l&rsquo;alerte a \u00e9t\u00e9 chaude. Les choses rentr\u00e9es dans l&rsquo;ordre, c&rsquo;est l&rsquo;\u00e9quipe Caja Rural, puis l&rsquo;\u00e9quipe Androni Giocattoli qui emm\u00e8nent le peloton. On aborde l&rsquo;ascension de l&rsquo;Alto del Collado de Vilviestre, derni\u00e8re difficult\u00e9 du jour avant l&rsquo;ascension finale. <\/p>\n<p>Au pied de l&rsquo;ascension finale, l&rsquo;\u00e9cart avec les \u00e9chapp\u00e9s est inf\u00e9rieur \u00e0 la minute (39&Prime;). En t\u00eate de course Diego Rosa acc\u00e9l\u00e8re, il est accompagn\u00e9 de Benjamin King et d&rsquo;Angel Madrazo, mais paradoxalement ne parvient pas \u00e0 rester dans la roue des deux hommes, qui s&rsquo;isolent en t\u00eate. <\/p>\n<p>Dimension Data roule en t\u00eate de peloton. Miguel Angel Lopez (Astana) semble d\u00e9j\u00e0 esseul\u00e9. Le peloton perd des unit\u00e9s. Ca bouge beaucoup en t\u00eate de peloton avec J\u00e9r\u00e9my Maison (Fortuneo Samsic) \u00e0 l&rsquo;initiative d&rsquo;une acc\u00e9l\u00e9ration qui emm\u00e8ne 7 hommes dont Igor Anton (Dimension Data), Lluis Mas et Sergio Pardilla (Caja Rural). <\/p>\n<p>M.-A. Lopez peut b\u00e9n\u00e9ficier \u00e0 nouveau de Pello Bilbao (Astana) qui vient de rentrer et qui emm\u00e8ne le peloton. A l&rsquo;avant, Benjamin King attend ses co\u00e9quipiers pr\u00e9sents dans le groupe juste derri\u00e8re. Le groupe constitu\u00e9 de Anton, Pardilla, Henao (Sky), Zaccanti (Nippo Vini Fantini) et Fernandez (Delko Provence) rejoint Madrazo \u00e0 4 kilom\u00e8tres de l&rsquo;arriv\u00e9e.<\/p>\n<p>A trois kilom\u00e8tres, le groupe de t\u00eate a 40&Prime; d&rsquo;avance sur le peloton. Pardilla acc\u00e9l\u00e8re et prend quelques longueurs. M.-A. Lopez est oblig\u00e9 d&#8217;emmener le peloton. Attaque de De La Cruz, suivi par Kudus ! Lopez ne parvient pas \u00e0 suivre ! L&rsquo;\u00e9cart est minime, De La Cruz acc\u00e9l\u00e8re \u00e0 nouveau et creuse. Il revient sur Anton et le d\u00e9passe. Lopez est derri\u00e8re avec Sosa. <\/p>\n<p>A 300 m\u00e8tres, Sosa acc\u00e9l\u00e8re, passe De La Cruz et cr\u00e9e un \u00e9cart ! Lopez suit \u00e0 distance. Sosa poursuit seul en t\u00eate. Il gagne l&rsquo;\u00e9tape ET le g\u00e9n\u00e9ral !<\/p>\n<p>Classement des dix premiers de la 5\u00e8me \u00e9tape :<br \/>\n1 \u2013 Ivan R. Sosa (ANS) 3h26\u201937\u201d<br \/>\n2 &#8211; Miguel Angel Lopez (AST) + 19&Prime;<br \/>\n3 \u2013 Sergio Pardilla (CJR) + 21&Prime;<br \/>\n4 \u2013 David De La Cruz (SKY) + 21&Prime;<br \/>\n5 \u2013 Igor Anton (DDD) + 32\u2033<br \/>\n6 \u2013 Sebastian Henao (SKY) + 45&Prime;<br \/>\n7 \u2013 Tao Geoghegan (SKY) + 45\u2033<br \/>\n8 \u2013 Kenny Elissonde (SKY) + 47&Prime;<br \/>\n9 \u2013 Filippo Zaccanti (NIP) + 52&Prime;<br \/>\n10 \u2013 Louis Meintjes (DDD) + 59&Prime;<\/p>\n<p>Classement g\u00e9n\u00e9ral final :<br \/>\n1 \u2013 Ivan R. Sosa (ANS) 19h00&rsquo;37\u00a0\u00bb<br \/>\n2 \u2013 Miguel Angel Lopez (AST) + 17&Prime;<br \/>\n3 \u2013 David De La Cruz (SKY) + 53&Prime;\u2033<br \/>\n4 \u2013 Igor Anton (DDD) + 1&rsquo;04\u2033<br \/>\n5 \u2013 Tao Geoghegan (SKY) + 1&rsquo;25\u2033<br \/>\n6 \u2013 Sergio Pardilla (CJR) + 1\u201927&Prime;<br \/>\n7 \u2013 Merhawi Kudus (DDD) + 1&rsquo;41\u2033<br \/>\n8 \u2013 Sebastian Henao (SKY) + 2&rsquo;23\u00a0\u00bb<br \/>\n9 \u2013 Louis Meintjes (DDD) + 2\u201933&Prime;<br \/>\n10 \u2013 Kenny Elissonde (SKY) + 2&rsquo;57\u00a0\u00bb<\/p>\n","protected":false},"excerpt":{"rendered":"<p>Fin en apoth\u00e9ose pour cette 40e \u00e9dition du Tour de Burgos (2.HC), avec l&rsquo;\u00e9tape reine entre Salas de los Infantes et Lagunas de Neila ! 141 kilom\u00e8tres \u00e9taient \u00e0 parcourir avec 3 difficult\u00e9s r\u00e9pertori\u00e9es en 3\u00e8me cat\u00e9gorie, l&rsquo;Alto San Cuerno (au kilom\u00e8tre 58), l&rsquo;Alto del Cerro (au kilom\u00e8tre 82), l&rsquo;Alto del Collado de Vilviestre (au &hellip;<\/p>\n","protected":false},"author":7,"featured_media":85411,"comment_status":"open","ping_status":"open","sticky":false,"template":"","format":"standard","meta":{"footnotes":""},"categories":[11,14,15,138,1],"tags":[],"class_list":["post-85372","post","type-post","status-publish","format-standard","has-post-thumbnail","hentry","category-news-niveau-2","category-resultats","category-route","category-vuelta-a-burgos","category-uncategorized"],"_links":{"self":[{"href":"https:\/\/cyclingpro.net\/velopro\/wp-json\/wp\/v2\/posts\/85372","targetHints":{"allow":["GET"]}}],"collection":[{"href":"https:\/\/cyclingpro.net\/velopro\/wp-json\/wp\/v2\/posts"}],"about":[{"href":"https:\/\/cyclingpro.net\/velopro\/wp-json\/wp\/v2\/types\/post"}],"author":[{"embeddable":true,"href":"https:\/\/cyclingpro.net\/velopro\/wp-json\/wp\/v2\/users\/7"}],"replies":[{"embeddable":true,"href":"https:\/\/cyclingpro.net\/velopro\/wp-json\/wp\/v2\/comments?post=85372"}],"version-history":[{"count":0,"href":"https:\/\/cyclingpro.net\/velopro\/wp-json\/wp\/v2\/posts\/85372\/revisions"}],"wp:featuredmedia":[{"embeddable":true,"href":"https:\/\/cyclingpro.net\/velopro\/wp-json\/wp\/v2\/media\/85411"}],"wp:attachment":[{"href":"https:\/\/cyclingpro.net\/velopro\/wp-json\/wp\/v2\/media?parent=85372"}],"wp:term":[{"taxonomy":"category","embeddable":true,"href":"https:\/\/cyclingpro.net\/velopro\/wp-json\/wp\/v2\/categories?post=85372"},{"taxonomy":"post_tag","embeddable":true,"href":"https:\/\/cyclingpro.net\/velopro\/wp-json\/wp\/v2\/tags?post=85372"}],"curies":[{"name":"wp","href":"https:\/\/api.w.org\/{rel}","templated":true}]}}