{"id":85079,"date":"2018-08-10T14:28:35","date_gmt":"2018-08-10T12:28:35","guid":{"rendered":"https:\/\/cyclingpro.net\/velopro\/?p=85079"},"modified":"2018-08-10T14:28:35","modified_gmt":"2018-08-10T12:28:35","slug":"binckbank-tour-jamais-deux-sans-trois-pour-tim-wellens","status":"publish","type":"post","link":"https:\/\/cyclingpro.net\/velopro\/course\/binckbanktour\/binckbank-tour-jamais-deux-sans-trois-pour-tim-wellens\/","title":{"rendered":"BinckBank Tour : Jamais deux sans trois pour Tim Wellens ?"},"content":{"rendered":"<p style=\"text-align: justify;\">Vainqueur de l&rsquo;\u00e9preuve en 2014 et 2015, Tim Wellens sera la t\u00eate d&rsquo;affiche de la Lotto Soudal sur le BinckBank Tour (2.UWT), du 13 au 19 ao\u00fbt. Tout r\u00e9cent vainqueur du Tour de Wallonie, le coureur de 27 ans regrettait cependant l&rsquo;absence d&rsquo;\u00e9tape dans les Ardennes belges, son terrain de jeu favori. Avec lui, Victor Campenaerts, <a href=\"https:\/\/cyclingpro.net\/velopro\/course\/championnat-deurope-course\/championnat-deurope-clm-victor-campenaerts-conserve-sa-couronne-de-justesse\/\">qui a remport\u00e9 mercredi le championnat d&rsquo;Europe du contre-la-montre pour la deuxi\u00e8me ann\u00e9e cons\u00e9cutive<\/a>, pourrait se hisser au rang des candidats \u00e0 la victoire finale. Le contre-la-montre de la deuxi\u00e8me \u00e9tape devrait \u00e0 ce titre \u00eatre d\u00e9cisif, et l&rsquo;absence d&rsquo;\u00e9tapes vraiment difficiles pourrait offrir le classement g\u00e9n\u00e9ral de l&rsquo;\u00e9dition 2018 \u00e0 un pur rouleur.<\/p>\n<p>Les sprints seront l&rsquo;affaire de Jasper De Buyst et Jens Debusschere. Ce dernier a retrouv\u00e9 de bonnes sensations <a href=\"https:\/\/cyclingpro.net\/velopro\/course\/tour-de-wallonie\/tour-de-wallonie-jens-debusschere-au-sprint-tim-wellens-simpose-grace-aux-bonifications\/\">en gagnant la derni\u00e8re \u00e9tape du Tour de Wallonie le 1er ao\u00fbt dernier<\/a>. Frederik Frison, Nikolas Maes et R\u00e9my Mertz compl\u00e8tent la s\u00e9lection et devront se mettre au service de l&rsquo;\u00e9quipe.<\/p>\n<blockquote class=\"twitter-tweet\" data-lang=\"fr\">\n<p dir=\"ltr\" lang=\"en\">TIM WELLENS AND FREDERIK WILLEMS LOOK AHEAD TO THE BINCKBANK TOUR &#x1f1f3;&#x1f1f1;&#x1f1e7;&#x1f1ea; <a href=\"https:\/\/twitter.com\/hashtag\/BinckBankTour?src=hash&amp;ref_src=twsrc%5Etfw\">#BinckBankTour<\/a><\/p>\n<p>&#x1f4ac; Tim Wellens: \u201cMy goal is to claim the overall victory once more, though it will not be easy this time&#8230;\u00a0\u00bb<\/p>\n<p>&#x1f4dd;<a href=\"https:\/\/t.co\/o1hqXodaMc\">https:\/\/t.co\/o1hqXodaMc<\/a> <a href=\"https:\/\/t.co\/yDJ706Gai6\">pic.twitter.com\/yDJ706Gai6<\/a><\/p>\n<p>\u2014 Lotto Soudal (@Lotto_Soudal) <a href=\"https:\/\/twitter.com\/Lotto_Soudal\/status\/1027857839837143042?ref_src=twsrc%5Etfw\">10 ao\u00fbt 2018<\/a><\/p><\/blockquote>\n<p><script async src=\"https:\/\/platform.twitter.com\/widgets.js\" charset=\"utf-8\"><\/script><\/p>\n<p>&nbsp;<\/p>\n","protected":false},"excerpt":{"rendered":"<p>Vainqueur de l&rsquo;\u00e9preuve en 2014 et 2015, Tim Wellens sera la t\u00eate d&rsquo;affiche de la Lotto Soudal sur le BinckBank Tour (2.UWT), du 13 au 19 ao\u00fbt. Tout r\u00e9cent vainqueur du Tour de Wallonie, le coureur de 27 ans regrettait cependant l&rsquo;absence d&rsquo;\u00e9tape dans les Ardennes belges, son terrain de jeu favori. Avec lui, Victor &hellip;<\/p>\n","protected":false},"author":15,"featured_media":65153,"comment_status":"open","ping_status":"open","sticky":false,"template":"","format":"standard","meta":{"footnotes":""},"categories":[11,147,26,25,15,19],"tags":[],"class_list":["post-85079","post","type-post","status-publish","format-standard","has-post-thumbnail","hentry","category-news-niveau-2","category-binckbanktour","category-compositions","category-news","category-route","category-worldtour"],"_links":{"self":[{"href":"https:\/\/cyclingpro.net\/velopro\/wp-json\/wp\/v2\/posts\/85079","targetHints":{"allow":["GET"]}}],"collection":[{"href":"https:\/\/cyclingpro.net\/velopro\/wp-json\/wp\/v2\/posts"}],"about":[{"href":"https:\/\/cyclingpro.net\/velopro\/wp-json\/wp\/v2\/types\/post"}],"author":[{"embeddable":true,"href":"https:\/\/cyclingpro.net\/velopro\/wp-json\/wp\/v2\/users\/15"}],"replies":[{"embeddable":true,"href":"https:\/\/cyclingpro.net\/velopro\/wp-json\/wp\/v2\/comments?post=85079"}],"version-history":[{"count":0,"href":"https:\/\/cyclingpro.net\/velopro\/wp-json\/wp\/v2\/posts\/85079\/revisions"}],"wp:featuredmedia":[{"embeddable":true,"href":"https:\/\/cyclingpro.net\/velopro\/wp-json\/wp\/v2\/media\/65153"}],"wp:attachment":[{"href":"https:\/\/cyclingpro.net\/velopro\/wp-json\/wp\/v2\/media?parent=85079"}],"wp:term":[{"taxonomy":"category","embeddable":true,"href":"https:\/\/cyclingpro.net\/velopro\/wp-json\/wp\/v2\/categories?post=85079"},{"taxonomy":"post_tag","embeddable":true,"href":"https:\/\/cyclingpro.net\/velopro\/wp-json\/wp\/v2\/tags?post=85079"}],"curies":[{"name":"wp","href":"https:\/\/api.w.org\/{rel}","templated":true}]}}