{"id":85077,"date":"2018-08-10T15:10:41","date_gmt":"2018-08-10T13:10:41","guid":{"rendered":"https:\/\/cyclingpro.net\/velopro\/?p=85077"},"modified":"2018-08-10T19:39:20","modified_gmt":"2018-08-10T17:39:20","slug":"tour-de-pologne-la-derniere-etape-en-direct-commente","status":"publish","type":"post","link":"https:\/\/cyclingpro.net\/velopro\/course\/tour-de-pologne\/tour-de-pologne-la-derniere-etape-en-direct-commente\/","title":{"rendered":"Tour de Pologne : La derni\u00e8re \u00e9tape en direct comment\u00e9"},"content":{"rendered":"<p><strong>19h15 &#8211; Fin du live\u00a0<\/strong><br \/>\nG\u00e9n\u00e9ral final de ce Tour de Pologne :<br \/>\n1. Michal Kwiatkowski<br \/>\n2. Simon Yates<br \/>\n3. Thibaut Pinot<br \/>\nTous les d\u00e9tails sont \u00e0 retrouver d\u00e8s maintenant sur notre site VeloPro.fr.<\/p>\n<p><strong>19h10 &#8211;\u00a0<\/strong><br \/>\nOomen prend la quatri\u00e8me place devant Bennett et Kwiatkowski. Le groupe maillot jaune a termin\u00e9 \u00e0 12 secondes : Kwiatkowski est donc le vainqueur du Tour de Pologne 2018.<\/p>\n<p><strong>19h09 &#8211;\u00a0<\/strong><br \/>\nPinot prend la deuxi\u00e8me place devant Formolo.<\/p>\n<p><strong>19h08 &#8211;<\/strong><br \/>\nVictoire de Yates !<\/p>\n<p><strong>19h08 &#8211;\u00a0<\/strong><br \/>\nAttaque de Sam Oomen dans le groupe maillot jaune.<\/p>\n<p><strong>19h07 &#8211;\u00a0<\/strong><br \/>\nLes 500 derniers m\u00e8tres pour Yates&#8230;<\/p>\n<p><strong>19h07 &#8211;\u00a0<\/strong><br \/>\nLe groupe maillot jaune passe \u00e0 son tour sous l&rsquo;arche indiquant le dernier kilom\u00e8tre.<\/p>\n<p><strong>19h07 &#8211; 1km<\/strong><br \/>\nFlamme rouge pour Simon Yates !<\/p>\n<p><strong>19h06 &#8211;\u00a0<\/strong><br \/>\nEncore une attaque de Bennett ! Kwiatkowski veille au grain.<\/p>\n<p><strong>19h05 &#8211; 2km<\/strong><br \/>\nYates passe sous l&rsquo;arche indiquant les 2 derniers kilom\u00e8tres, il a encore une trentaine de secondes d&rsquo;avance !<\/p>\n<p><strong>19h04 &#8211;\u00a0<\/strong><br \/>\nGeorge Bennett attaque \u00e0 nouveau ! Kwiatkowski saute dans sa roue&#8230;<\/p>\n<p><strong>19h03 &#8211;\u00a0<\/strong><br \/>\nAru ne parvient pas \u00e0 creuser l&rsquo;\u00e9cart, Enrico Gasparotto (Bahrain-Merida) tente de contre-attaquer mais c&rsquo;est Kwiatkowski en personne qui roule \u00e0 sa poursuite.<\/p>\n<p><strong>19h03 &#8211;\u00a0<\/strong><br \/>\nAttaque de Fabio Aru (UAE) dans le groupe maillot jaune.<\/p>\n<p><strong>19h02 &#8211; 3km<\/strong><br \/>\n30&Prime; d&rsquo;avance pour Yates \u00e0 3 kilom\u00e8tres du but !<\/p>\n<p><strong>19h01 &#8211;\u00a0<\/strong><br \/>\nChute dans le groupe maillot jaune : un coureur d&rsquo;Astana est tomb\u00e9.<\/p>\n<p><strong>19h &#8211; 4km<\/strong><br \/>\nSimon Yates est neuvi\u00e8me du g\u00e9n\u00e9ral \u00e0 39&Prime; du maillot jaune. Va-t-il r\u00e9ussir \u00e0 renverser la course?<\/p>\n<p><strong>18h59 &#8211; 5km<\/strong><br \/>\nSimon Yates regarde derri\u00e8re lui au passage de l&rsquo;arche indiquant les 5 derniers kilom\u00e8tres. Il a encore de l&rsquo;avance sur le groupe maillot jaune.<\/p>\n<p><strong>18h57 &#8211; 8km<\/strong><br \/>\nSimon Yates est \u00e0 fond dans une portion descendante : il augmente son avance \u00e0 40&Prime;.<\/p>\n<p><strong>18h56 &#8211; 9km<\/strong><br \/>\nSimon Yates a pris une trentaine de secondes d&rsquo;avance sur le groupe maillot jaune toujours emmen\u00e9 par la Sky !<\/p>\n<p><strong>18h54 &#8211;\u00a0<\/strong><br \/>\nLutsenko est repris par le groupe maillot jaune. Conti a aussi \u00e9t\u00e9 rattrap\u00e9. Il n&rsquo;y a plus que Simon Yates \u00e0 l&rsquo;avant.<\/p>\n<p><strong>18h53 &#8211;\u00a0<\/strong><br \/>\nLe groupe maillot jaune est compos\u00e9 d&rsquo;une vingtaine de coureurs.<\/p>\n<p><strong>18h52 &#8211; 10km<\/strong><br \/>\nIl pleut actuellement sur la ligne d&rsquo;arriv\u00e9e.<\/p>\n<p><strong>18h52 &#8211;\u00a0<\/strong><br \/>\nSimon Yates est seul en t\u00eate d\u00e9sormais.<\/p>\n<p><strong>18h51 &#8211; 11km<\/strong><br \/>\nBeaucoup de coureurs sont revenus dans le groupe maillot jaune. La Sky dicte l&rsquo;allure.<\/p>\n<p><strong>18h50 &#8211;\u00a0<\/strong><br \/>\nL&rsquo;Italien profite du fait que les favoris se regardent. Simon Yates et Lutsenko partent \u00e0 sa poursuite.<\/p>\n<p><strong>18h49 &#8211;\u00a0<\/strong><br \/>\nConti est reparti dans la descente, il a pris un l\u00e9ger avantage sur le groupe maillot jaune emmen\u00e9 par Henao.<\/p>\n<p><strong>18h49 &#8211; 13km<\/strong><br \/>\nPassage au sommet de la derni\u00e8re difficult\u00e9 :<br \/>\n1. Bennett<br \/>\n2. Henao<br \/>\n3. Kwiatkowski<br \/>\n4. Lutsenko<br \/>\n5. Pinot<\/p>\n<p><strong>18h47 &#8211;\u00a0<\/strong><br \/>\nNouvelle attaque de Bennett ! Ils ne sont plus qu&rsquo;une dizaine dans le groupe maillot jaune. Il n&rsquo;y a plus de coureurs \u00e9chapp\u00e9s.<\/p>\n<p><strong>18h47 &#8211;\u00a0<\/strong><br \/>\nConti est repris par George Bennett dans la roue duquel est install\u00e9 Michal Kwiatkowski.<\/p>\n<p><strong>18h46 &#8211;\u00a0<\/strong><br \/>\nIl n&rsquo;y a plus de coureurs entre Conti et le peloton. L&rsquo;Italien va \u00eatre repris par un groupe de favoris !<\/p>\n<p><strong>18h46 &#8211; 13km<\/strong><br \/>\nLe peloton reprend les poursuivants et en profite pour s&rsquo;attaquer. Le peloton casse dans la mont\u00e9e.<\/p>\n<p><strong>18h45 &#8211;\u00a0<\/strong><br \/>\nConti attaque seul la derni\u00e8re ascension r\u00e9pertori\u00e9e du jour. Le peloton a les poursuivants en ligne de mire.<\/p>\n<p><strong>18h44 &#8211; 14km<\/strong><br \/>\nLe groupe De Plus est repris par le peloton.<\/p>\n<p><strong>18h42 &#8211; 15km<\/strong><br \/>\nSituation de la course : Conti seul en t\u00eate devant un groupe compos\u00e9 de Ch\u00e9rel, Bakelants, Lutsenko, Restrepo, Rui Costa, Herrada, Konrad, Shalunov et Verona. Un autre groupe de poursuite est intercal\u00e9 avec De Plus, Felline, Wyss et Paterski. Vient ensuite le peloton emmen\u00e9 par LottoNL-Jumbo.<\/p>\n<p><strong>18h40 &#8211;\u00a0<\/strong><br \/>\nLe groupe de Laurens De Plus reprend Paterski, qui est intercal\u00e9 depuis un moment.<\/p>\n<p><strong>18h39 &#8211; 16km<\/strong><br \/>\nL&rsquo;entente est mauvaise chez les poursuivants : Conti en profite pour gonfler son avance.<\/p>\n<p><strong>18h38 &#8211; 17km<\/strong><br \/>\nConti a une dizaine de secondes d&rsquo;avance sur ses anciens compagnons d&rsquo;\u00e9chapp\u00e9e.<\/p>\n<p><strong>18h37 &#8211;\u00a0<\/strong><br \/>\nLe peloton s&rsquo;\u00e9tire sur la route non goudronn\u00e9e sous l&rsquo;impulsion de la LottoNL-Jumbo. Michal Kwiatkowski (Sky) est vigilant : il est bien plac\u00e9 \u00e0 l&rsquo;avant.<\/p>\n<p><strong>18h37 &#8211;\u00a0<\/strong><br \/>\nConti tente d&rsquo;attaquer le groupe de t\u00eate.<\/p>\n<p><strong>18h36 &#8211; 18km<\/strong><br \/>\nA l&rsquo;arri\u00e8re, LottoNL-Jumbo fait le forcing en t\u00eate de peloton.<\/p>\n<p><strong>18h35 &#8211; 19km<\/strong><br \/>\nSituation de la course : Dix hommes en t\u00eate, Paterski \u00e0 20&Prime;, le trio intercal\u00e9 \u00e0 40&Prime;, le peloton \u00e0 1&rsquo;05\u00a0\u00bb.<\/p>\n<p><strong>18h33 &#8211;\u00a0<\/strong><br \/>\nFelline, Wyss et De Plus sont toujours intercal\u00e9s \u00e0 40&Prime; de la t\u00eate, le peloton d\u00e9sormais \u00e0 1&rsquo;05\u00a0\u00bb.<\/p>\n<p><strong>18h33 &#8211; 20km<\/strong><br \/>\nLes hommes de t\u00eate vont emprunter \u00e0 nouveau la portion non goudronn\u00e9e longue d&rsquo;un kilom\u00e8tre.<\/p>\n<p><strong>18h32 &#8211;\u00a0<\/strong><br \/>\nPaterski est toujours intercal\u00e9 \u00e0 20&Prime;, le peloton est \u00e0 55&Prime;.<\/p>\n<p><strong>18h32 &#8211; 21km<\/strong><br \/>\nRui Costa est aussi rentr\u00e9 : ils sont d\u00e9sormais dix en t\u00eate.<\/p>\n<p><strong>18h31 &#8211;\u00a0<\/strong><br \/>\nJonction en t\u00eate ! Conti, Restrepo et Shalunov ont recoll\u00e9 au groupe de six.<\/p>\n<p><strong>18h30 &#8211; 23km<\/strong><br \/>\nChute d&rsquo;Andrey Zeits (Astana) dans le peloton.<\/p>\n<p><strong>18h28 &#8211;\u00a0<\/strong><br \/>\nPatrik Konrad est le nouveau leader virtuel du classement de la montagne. S&rsquo;il rallie l&rsquo;arriv\u00e9e, il aura gagn\u00e9 ce classement.<\/p>\n<p><strong>18h27 &#8211; 25km<\/strong><br \/>\nUn groupe de trois coureurs compos\u00e9 de De Plus, Felline et Wyss passe le sommet \u00e0 son tour.<\/p>\n<p><strong>18h27 &#8211; 26km<\/strong><br \/>\nPassage au sommet de la 5e difficult\u00e9 du jour :<br \/>\n1. Konrad 10pts<br \/>\n2. Ch\u00e9rel 7pts<br \/>\n3. Herrada 5pts<br \/>\n4. Verona 3pts<br \/>\n5. Lutsenko 2pts<\/p>\n<p><strong>18h26 &#8211; 27km<\/strong><br \/>\nChute d&rsquo;Edvald Boasson Hagen dans le peloton.<\/p>\n<p><strong>18h24 &#8211; 28km<\/strong><br \/>\nIls sont d\u00e9sormais six en t\u00eate : Ch\u00e9rel, Bakelants et Lutsenko ont \u00e9t\u00e9 repris par Herrada, Konrad et Verona.<\/p>\n<p><strong>18h22 &#8211;\u00a0<\/strong><br \/>\nArcas est repris par Felline et De Plus. D&rsquo;autres coureurs tentent leur chance \u00e0 l&rsquo;avant du peloton.<\/p>\n<p><strong>18h21 &#8211;\u00a0<\/strong><br \/>\nCh\u00e9rel et Lutsenko sont repris par Bakelants. Les survivants de l&rsquo;\u00e9chapp\u00e9e ne sont pas loin.<\/p>\n<p><strong>18h21 &#8211; 29km\u00a0<\/strong><br \/>\nLaurens De Plus (Quick-Step) et Fabio Felline (Trek) ont attaqu\u00e9 le peloton.<\/p>\n<p><strong>18h20 &#8211;\u00a0<\/strong><br \/>\nWyss est distanc\u00e9 \u00e0 20&Prime; de la t\u00eate, Arcas \u00e0 30&Prime;, Leezer et Kreuziger \u00e0 40&Prime;.<\/p>\n<p><strong>18h19 &#8211;\u00a0<\/strong><br \/>\nArcas est distanc\u00e9 du reste de l&rsquo;\u00e9chapp\u00e9e. Lutsenko et Ch\u00e9rel ont eux distanc\u00e9s Conti !<\/p>\n<p><strong>18h17 &#8211;\u00a0<\/strong><br \/>\nLeezer et Kreuziger sont eux distanc\u00e9s du reste de l&rsquo;\u00e9chapp\u00e9e.<\/p>\n<p><strong>18h17 &#8211; 30km<\/strong><br \/>\nIls sont trois \u00e0 l&rsquo;avant : Ch\u00e9rel, Lutsenko et Conti.<\/p>\n<p><strong>18h16 &#8211;\u00a0<\/strong><br \/>\nLes \u00e9chapp\u00e9s s&rsquo;attaquent : Conti est notamment impliqu\u00e9 !<\/p>\n<p><strong>18h15 &#8211;\u00a0<\/strong><br \/>\nLes hommes de t\u00eate attaquent la deuxi\u00e8me difficult\u00e9 du circuit. Le peloton s&rsquo;est rapproch\u00e9 \u00e0 1&rsquo;15\u00a0\u00bb.<\/p>\n<p><strong>18h13 &#8211; 32km<\/strong><br \/>\nBonifazio se rapproche \u00e0 1&rsquo;10\u00a0\u00bb, le peloton \u00e0 1&rsquo;40\u00a0\u00bb.<\/p>\n<p><strong>18h10 &#8211;\u00a0<\/strong><br \/>\nPassage du sprint<br \/>\n1. Bakelants 3pts, 3s<br \/>\n2. Ch\u00e9rel 2pts, 2s<br \/>\n3. Lutsenko 1pt, 1s<\/p>\n<p><strong>18h09 &#8211;\u00a0<\/strong><br \/>\nL&rsquo;\u00e9cart est remont\u00e9 \u00e0 1&rsquo;45\u00a0\u00bb. Bonifazio est lui \u00e0 1&rsquo;25\u00a0\u00bb de la t\u00eate.<\/p>\n<p><strong>18h08 &#8211;\u00a0<\/strong><br \/>\nLes hommes de t\u00eate vont bient\u00f4t se disputer le seul sprint interm\u00e9diaire du jour.<\/p>\n<p><strong>18h07 &#8211; 35km<\/strong><br \/>\nAttaque de Niccolo Bonifazio (Bahrain-Merida) au peloton.<\/p>\n<p><strong>18h06 &#8211;\u00a0<\/strong><br \/>\nLe ravitaillement est aujourd&rsquo;hui autoris\u00e9 jusqu&rsquo;au sommet de la derni\u00e8re difficult\u00e9.<\/p>\n<p><strong>18h04 &#8211;\u00a0<\/strong><br \/>\n1&rsquo;20\u00a0\u00bb.<\/p>\n<p><strong>18h02 &#8211; 38km<\/strong><br \/>\nFr\u00f6hlinger est repris par le peloton. 1&rsquo;15\u00a0\u00bb d&rsquo;\u00e9cart d\u00e9sormais.<\/p>\n<p><strong>18h &#8211;\u00a0<\/strong><br \/>\nCette fois, il attend le peloton. L&rsquo;\u00e9chapp\u00e9e va donc continuer \u00e0 15.<\/p>\n<p><strong>17h59 &#8211;\u00a0<\/strong><br \/>\nFr\u00f6hlinger est encore en difficult\u00e9 \u00e0 l&rsquo;avant. Le peloton se rapproche \u00e0 1&rsquo;20\u00a0\u00bb.<\/p>\n<p><strong>17h56 &#8211; 43km<\/strong><br \/>\n1&rsquo;35\u00a0\u00bb.<\/p>\n<p><strong>17h55 &#8211;\u00a0<\/strong><br \/>\n1&rsquo;45\u00a0\u00bb.<\/p>\n<p><strong>17h53 &#8211;\u00a0<\/strong><br \/>\nLes hommes de t\u00eate traversent la zone de ravitaillement.<\/p>\n<p><strong>17h47 &#8211; 50km<\/strong><br \/>\n2&prime; d&rsquo;\u00e9cart.<\/p>\n<p><strong>17h44 &#8211; 51km<\/strong><br \/>\nC&rsquo;est toujours la Sky qui emm\u00e8ne le peloton.<\/p>\n<p><strong>17h42 &#8211;\u00a0<\/strong><br \/>\nPassage au sommet de\u00a0S\u0301ciana Harna\u015b :<br \/>\n1. Konrad 10pts<br \/>\n2. Herrada 7pts<br \/>\n3. Lutsenko 5pts<br \/>\n4. Restrepo 3pts<br \/>\n5. Kreuziger 2pts<\/p>\n<p><strong>17h40 &#8211;\u00a0<\/strong><br \/>\nLe peloton passe au sommet de la 4e difficult\u00e9 avec 2&rsquo;30\u00a0\u00bb de retard sur la t\u00eate.<\/p>\n<p><strong>17h39 &#8211;\u00a0<\/strong><br \/>\nFr\u00f6hlinger fait aussi son retour au sein de l&rsquo;\u00e9chapp\u00e9e.<\/p>\n<p><strong>17h38 &#8211; 57km\u00a0<\/strong><br \/>\nLes hommes de t\u00eate passent au sommet avec 2&rsquo;25\u00a0\u00bb d&rsquo;avance selon l&rsquo;\u00e9cart GPS.<\/p>\n<p><strong>17h37 &#8211;\u00a0<\/strong><br \/>\nLes coureurs re\u00e7oivent \u00e0 nouveau quelques gouttes de pluie.<\/p>\n<p><strong>17h36 &#8211;\u00a0<\/strong><br \/>\nLeezer parvient encore \u00e0 recoller \u00e0 l&rsquo;\u00e9chapp\u00e9e !<\/p>\n<p><strong>17h36 &#8211;\u00a0<\/strong><br \/>\nSilvan Dillier est de retour dans le peloton qui pointe \u00e0 2&rsquo;10\u00a0\u00bb de la t\u00eate.<\/p>\n<p><strong>17h34 &#8211;\u00a0<\/strong><br \/>\nD\u00e9j\u00e0 distanc\u00e9s tout \u00e0 l&rsquo;heure avant de recoller, Fr\u00f6hlinger et Leezer sont \u00e0 nouveau en difficult\u00e9.<\/p>\n<p><strong>17h31 &#8211;\u00a0<\/strong><br \/>\nLes hommes de t\u00eate attaquent de nouveau la mont\u00e9e de\u00a0S\u0301ciana Harna\u015b. Ils ont 2&rsquo;05\u00a0\u00bb d&rsquo;avance sur le peloton.<\/p>\n<p><strong>17h28 &#8211;\u00a0<\/strong><br \/>\nL&rsquo;\u00e9cart continue de fluctuer entre 2&prime; et 2&rsquo;20\u00a0\u00bb : 2&rsquo;10\u00a0\u00bb d\u00e9sormais.<\/p>\n<p><strong>17h25 &#8211;\u00a0<\/strong><br \/>\n2&rsquo;15\u00a0\u00bb au dernier \u00e9cart mesur\u00e9.<br \/>\nDans le peloton, Silvan Dillier se porte \u00e0 hauteur de sa voiture apr\u00e8s \u00eatre tomb\u00e9.<\/p>\n<p><strong>17h21 &#8211;\u00a0<\/strong><br \/>\nNouvel abandon \u00e0 d\u00e9plorer : Ivan Garcia Cortina (Bahrain-Merida) quitte la course.<\/p>\n<p><strong>17h21 &#8211;\u00a0<\/strong><br \/>\n2&prime; d\u00e9sormais.<\/p>\n<p><strong>17h20 &#8211;\u00a0<\/strong><br \/>\n2&rsquo;10\u00a0\u00bb d&rsquo;\u00e9cart au passage du peloton sur la ligne.<\/p>\n<p><strong>17h19 &#8211; 68km<\/strong><br \/>\nLes hommes de t\u00eate passent une premi\u00e8re fois sur la ligne. Ils vont maintenant affronter de nouveau les trois ascensions d\u00e9j\u00e0 grimp\u00e9es.<\/p>\n<p><strong>17h17 &#8211;\u00a0<\/strong><br \/>\nL&rsquo;\u00e9chapp\u00e9e est \u00e0 moins d&rsquo;un kilom\u00e8tre du premier passage sur la ligne d&rsquo;arriv\u00e9e.<\/p>\n<p><strong>17h12 &#8211;\u00a0<\/strong><br \/>\nLe peloton est d\u00e9sormais emmen\u00e9 par l&rsquo;\u00e9quipe Sky. L&rsquo;\u00e9cart descend \u00e0 deux minutes.<\/p>\n<p><strong>17h12 &#8211;\u00a0<\/strong><br \/>\nLes hommes de t\u00eate sont dans l&rsquo;ascension, non r\u00e9pertori\u00e9e, qui m\u00e8ne \u00e0 la ligne d&rsquo;arriv\u00e9e. Une fois cette derni\u00e8re pass\u00e9e, les coureurs referont le parcours d\u00e9j\u00e0 emprunt\u00e9 une seconde fois avant de se disputer la victoire de cette derni\u00e8re \u00e9tape.<\/p>\n<p><strong>17h11 &#8211;\u00a0<\/strong><br \/>\nLa pluie s&rsquo;arr\u00eate de tomber, mais le mal est fait : les routes sont mouill\u00e9es d\u00e9sormais.<\/p>\n<p><strong>17h10 &#8211;\u00a0<\/strong><br \/>\nChute de Silvan Dillier (AG2R).<\/p>\n<p><strong>17h09 &#8211; 72km<\/strong><br \/>\nLa tendance de l&rsquo;\u00e9cart est \u00e0 la l\u00e9g\u00e8re baisse : 2&rsquo;10\u00a0\u00bb.<\/p>\n<p><strong>17h06 &#8211;\u00a0<\/strong><br \/>\n2&rsquo;15\u00a0\u00bb.<\/p>\n<p><strong>17h04 &#8211;\u00a0<\/strong><br \/>\n2&rsquo;20\u00a0\u00bb au dernier \u00e9cart alors que la pluie continue de s&rsquo;abattre sur les coureurs.<\/p>\n<p><strong>17h02 &#8211;\u00a0<\/strong><br \/>\nAu passage du sommet, l&rsquo;\u00e9cart entre la t\u00eate et le peloton est repass\u00e9 au dessus des deux minutes : 2&rsquo;25\u00a0\u00bb. Fr\u00f6hlinger et Leezer sont revenus dans le groupe de t\u00eate.<\/p>\n<p><strong>17h01 &#8211;\u00a0<\/strong><br \/>\nApr\u00e8s \u00eatre pass\u00e9 en deuxi\u00e8me position au sommet, Lutsenko appelle sa voiture.<\/p>\n<p><strong>17h &#8211;\u00a0<\/strong><br \/>\nUne pluie soutenue fait son apparition sur la course.<\/p>\n<p><strong>16h57 &#8211;\u00a0<\/strong><br \/>\nPassage au sommet de\u00a0S\u0301ciana Bukovina (1\u00e8re cat.)<br \/>\n1. Konrad 10pts<br \/>\n2. Lutsenko 7pts<br \/>\n3. Verona 5pts<br \/>\n4. Conti 3pts<br \/>\n5. Paterski 2pts<\/p>\n<p><strong>16h56 &#8211; 81km<\/strong><br \/>\nLes deux hommes sont pass\u00e9s au sommet avec respectivement 35&Prime; et 30&Prime; de retard sur la t\u00eate de course.<\/p>\n<p><strong>16h54 &#8211;\u00a0<\/strong><br \/>\nFr\u00f6hlinger et Leezer sont distanc\u00e9s par l&rsquo;\u00e9chapp\u00e9e \u00e0 quelques encablures du sommet.<\/p>\n<p><strong>16h53 &#8211;\u00a0<\/strong><br \/>\n1&rsquo;40\u00a0\u00bb d&rsquo;\u00e9cart \u00e0 un kilom\u00e8tre du sommet.<\/p>\n<p><strong>16h50 &#8211;\u00a0<\/strong><br \/>\nL&rsquo;\u00e9chapp\u00e9e arrive au pied de la troisi\u00e8me ascension S\u0301ciana Bukovina, avec 1&rsquo;20\u00a0\u00bb sur le peloton qui a repris Grega Bole.<\/p>\n<p><strong>16h45 &#8211;<\/strong><br \/>\nLe vent semble se calmer d\u00e9sormais.<\/p>\n<p><strong>16h44 &#8211;\u00a0<\/strong><br \/>\nGrega Bole est le seul coureur intercal\u00e9 entre la t\u00eate de course et le peloton.<\/p>\n<p><strong>16h44 &#8211;\u00a0<\/strong><br \/>\nLe peloton a r\u00e9duit l&rsquo;avance de l&rsquo;\u00e9chapp\u00e9e dans la deuxi\u00e8me ascension : plus que 1&rsquo;20\u00a0\u00bb d&rsquo;\u00e9cart.<\/p>\n<p><strong>16h43 &#8211;\u00a0<\/strong><br \/>\nLe peloton reprend Nizzolo en entrant sur cette portion longue d&rsquo;un peu plus d&rsquo;un kilom\u00e8tre.<\/p>\n<p><strong>16h42 &#8211;\u00a0<\/strong><br \/>\nLes coureurs \u00e9voluent maintenant sur un passage o\u00f9 la route est difficile, cela s&rsquo;apparente \u00e0 une route non goudronn\u00e9e qui ne figurait pas au programme.<\/p>\n<p><strong>16h41 &#8211;\u00a0<\/strong><br \/>\nPassage au sommet de\u00a0Sierockie :<br \/>\n1. Konrad 10pts<br \/>\n2. Ch\u00e9rel 7pts<br \/>\n3. Kreuziger 5pts<br \/>\n4. Herrada 3pts<br \/>\n5. Lutsenko 1pt<\/p>\n<p><strong>16h40 &#8211;\u00a0<\/strong><br \/>\nGrega Bole est distanc\u00e9 \u00e0 son tour : plus que 16 coureurs en t\u00eate.<\/p>\n<p><strong>16h38 &#8211;\u00a0<\/strong><br \/>\nNizzolo est \u00e0 une minute de la t\u00eate, le peloton est \u00e0 1&rsquo;50\u00a0\u00bb. Padun a \u00e9t\u00e9 repris par le peloton : ils ne sont donc plus que 17 au sein de l&rsquo;\u00e9chapp\u00e9e.<\/p>\n<p><strong>16h36 &#8211;\u00a0<\/strong><br \/>\nMark Padun a subi une crevaison et est distanc\u00e9 de l&rsquo;\u00e9chapp\u00e9e. Il va \u00eatre repris par le peloton.<\/p>\n<p><strong>16h34 &#8211; 92km<\/strong><br \/>\nLe peloton pointe \u00e0 deux minutes de la t\u00eate.<\/p>\n<p><strong>16h33 &#8211;\u00a0<\/strong><br \/>\nL&rsquo;\u00e9chapp\u00e9e vient de passer le sommet. Le vent fait son apparition sur la course.<\/p>\n<p><strong>16h33 &#8211;<\/strong><br \/>\nNizzolo pointe d\u00e9j\u00e0 \u00e0 30 secondes de l&rsquo;\u00e9chapp\u00e9e.<\/p>\n<p><strong>16h31 &#8211;\u00a0<\/strong><br \/>\nIl s&rsquo;agit d&rsquo;une ascension longue et assez irr\u00e9guli\u00e8re dans ses pourcentages.<\/p>\n<p><strong>16h30 &#8211;\u00a0<\/strong><br \/>\nGiacomo Nizzolo se fait distancer de l&rsquo;\u00e9chapp\u00e9e dans la mont\u00e9e.<\/p>\n<p><strong>16h25 &#8211;\u00a0<\/strong><br \/>\nRadioTour annonce la pr\u00e9sence de Danilo Wyss au sein de l&rsquo;\u00e9chapp\u00e9e. Ils seraient donc 19 en t\u00eate avec Danilo Wyss (BMC), Carlos Verona, Roman Kreuziger (Mitchelton-Scott), Patrik Konrad (Bora), Jorge Arcas (Movistar) Grega Bole, Mark Padun (Bahrain-Merida), Alexey Lutsenko (Astana), Jan Bakelants, Micka\u00ebl Ch\u00e9rel (AG2R), Johannes Fr\u00f6hlinger (Sunweb), Tom Leezer (LottoNL-Jumbo), Giacomo Nizzolo (Trek), Valerio Conti, Rui Costa (UAE), Jhonatan Restrepo (Katusha), Jos\u00e9 Herrada (Cofidis), Evgeny Shalunov (Gazprom) et Maciej Paterski (Pologne).<\/p>\n<p><strong>16h24 &#8211;\u00a0<\/strong><br \/>\nMichal Schlegel abandonne finalement apr\u00e8s sa chute.<\/p>\n<p><strong>16h22 &#8211;\u00a0<\/strong><br \/>\nLes hommes de t\u00eate attaquent l&rsquo;ascension de\u00a0Sierockie (960m. d\u2019altitude), 7km \u00e0 4,6% (max : 12,5%, 1\u00e8re cat\u00e9gorie).<\/p>\n<p><strong>16h21 &#8211;\u00a0<\/strong><br \/>\n<span style=\"text-decoration: underline;\">Composition corrig\u00e9e :<\/span>\u00a0Carlos Verona, Roman Kreuziger (Mitchelton-Scott), Patrik Konrad (Bora), Jorge Arcas (Movistar) Grega Bole, Mark Padun (Bahrain-Merida), Alexey Lutsenko (Astana), Jan Bakelants, Micka\u00ebl Ch\u00e9rel (AG2R), Johannes Fr\u00f6hlinger (Sunweb), Tom Leezer (LottoNL-Jumbo), Giacomo Nizzolo (Trek), Valerio Conti, Rui Costa (UAE), Jhonatan Restrepo (Katusha), Jos\u00e9 Herrada (Cofidis), Evgeny Shalunov (Gazprom) et Maciej Paterski (Pologne).<\/p>\n<p><strong>16h20 &#8211;\u00a0<\/strong><br \/>\nNouvelle correction de la composition de l&rsquo;\u00e9chapp\u00e9e apport\u00e9e par RadioTour : le 51 Jorge Arcas (Movistar) remplace le 151 William Bonnet (Groupama-FDJ).<\/p>\n<p><strong>16h19 &#8211; 99km<\/strong><br \/>\nLe Tch\u00e8que a mis du temps \u00e0 se relever, mais il devrait pouvoir repartir.<\/p>\n<p><strong>16h18 &#8211;\u00a0<\/strong><br \/>\nIl s&rsquo;agit de Michal Schlegel, un temps intercal\u00e9 \u00e0 la poursuite de l&rsquo;\u00e9chapp\u00e9e.<\/p>\n<p><strong>16h17 &#8211;\u00a0<\/strong><br \/>\nJustement, un coureur de la CCC qui \u00e9tait en deuxi\u00e8me position du peloton est tomb\u00e9.<\/p>\n<p><strong>16h15 &#8211;\u00a0<\/strong><br \/>\nN&rsquo;ayant pas de repr\u00e9sentant \u00e0 l&rsquo;avant, c&rsquo;est l&rsquo;\u00e9quipe CCC qui emm\u00e8ne le peloton.<\/p>\n<p><strong>16h13 &#8211;\u00a0<\/strong><br \/>\nL\u00e9g\u00e8re baisse de l&rsquo;\u00e9cart : 2&rsquo;30\u00a0\u00bb.<\/p>\n<p><strong>16h11 &#8211;\u00a0<\/strong><br \/>\nJan Bakelants est le coureur le mieux class\u00e9 de l&rsquo;\u00e9chapp\u00e9e. Le Belge d&rsquo;AG2R est 20e \u00e0 1&rsquo;10\u00a0\u00bb juste devant Alexey Lutsenko, 21e \u00e0 1&rsquo;11\u00a0\u00bb.<\/p>\n<p><strong>16h08 &#8211;\u00a0<\/strong><br \/>\n2&rsquo;45\u00a0\u00bb d&rsquo;\u00e9cart entre la t\u00eate de course et le peloton. Il n&rsquo;y a plus de coureur intercal\u00e9.<\/p>\n<p><strong>16h08 &#8211;\u00a0<\/strong><br \/>\nLes trois poursuivants (Modolo, Schlegel et Owsian) sont finalement repris par le peloton.<\/p>\n<p><strong>16h07 &#8211;\u00a0<\/strong><br \/>\nSituation de la course : l&rsquo;\u00e9chapp\u00e9e de 18 coureurs a 2&prime; d&rsquo;avance sur un groupe de trois poursuivants et 2&rsquo;40\u00a0\u00bb sur le peloton.<\/p>\n<p><strong>16h06 &#8211;\u00a0<\/strong><br \/>\nDeux abandons \u00e0 signaler : Lars Boom et Danny van Poppel (LottoNL-Jumbo) quittent la course.<\/p>\n<p><strong>16h04 &#8211;\u00a0<\/strong><br \/>\nA chaque fois, nous vous donnons les compositions annonc\u00e9es par RadioTour en direct sur la course. La situation \u00e9tant assez confuse en ce d\u00e9but d&rsquo;\u00e9tape, des erreurs sont encore possibles.<\/p>\n<p><strong>16h03 &#8211;\u00a0<\/strong><br \/>\nNouvelle correction dans l&rsquo;\u00e9chapp\u00e9e : chez Astana, il s&rsquo;agit d&rsquo;Alexey Lutsenko et non de Sergei Chernetski comme initialement annonc\u00e9.<br \/>\n<span style=\"text-decoration: underline;\">Composition corrig\u00e9e :<\/span>\u00a0Carlos Verona, Roman Kreuziger (Mitchelton-Scott), Patrik Konrad (Bora), Grega Bole, Mark Padun (Bahrain-Merida), Alexey Lutsenko (Astana), Jan Bakelants, Micka\u00ebl Ch\u00e9rel (AG2R), Johannes Fr\u00f6hlinger (Sunweb), Tom Leezer (LottoNL-Jumbo), Giacomo Nizzolo (Trek), Valerio Conti, Rui Costa (UAE), William Bonnet (Groupama-FDJ), Jhonatan Restrepo (Katusha), Jos\u00e9 Herrada (Cofidis), Evgeny Shalunov (Gazprom) et Maciej Paterski (Pologne).<\/p>\n<p><strong>16h01 &#8211;\u00a0<\/strong><br \/>\nGroupe de poursuite \u00e0 1&rsquo;50\u00a0\u00bb : Sacha Modolo (EF-Drapac), Michal Schlegel et Lukasz Owsian (CCC).<\/p>\n<p><strong>15h59 &#8211;\u00a0<\/strong><br \/>\nLes deux poursuivants sont rejoints par Sacha Modolo (EF-Drapac). A trois d\u00e9sormais, ils pointent \u00e0 1&rsquo;50\u00a0\u00bb de la t\u00eate. Le peloton est lui \u00e0 2&rsquo;45\u00a0\u00bb.<\/p>\n<p><strong>15h58 &#8211;\u00a0<\/strong><br \/>\nMichal Schlegel est rejoint en poursuite par son co\u00e9quipier Lukasz Owsian, le meilleur grimpeur de ce Tour de Pologne.<\/p>\n<p><strong>15h57 &#8211;\u00a0<\/strong><br \/>\nSchlegel est toujours intercal\u00e9 \u00e0 la poursuite du groupe de t\u00eate.<\/p>\n<p><strong>15h56 &#8211;\u00a0<\/strong><br \/>\nVerona et Konrad \u00e9taient d\u00e9j\u00e0 dans l&rsquo;\u00e9chapp\u00e9e hier.<\/p>\n<p><strong>15h55 &#8211;\u00a0<\/strong><br \/>\nPassage au sommet de la premi\u00e8re difficult\u00e9 du jour,\u00a0S\u0301ciana Harna\u015b (1\u00e8re cat.)<br \/>\n1. Paterski 10pts<br \/>\n2. Konrad 7pts<br \/>\n3. Bole 5pts<br \/>\n4. Padun 3pts<br \/>\n5. Kreuziger 2pts<\/p>\n<p><strong>15h54 &#8211;\u00a0<\/strong><br \/>\nCorrection de l&rsquo;\u00e9chapp\u00e9e : le deuxi\u00e8me coureur de la Mitchelton est Roman Kreuziger et non Matteo Trentin.<br \/>\n<span style=\"text-decoration: underline;\">Composition corrig\u00e9e :<\/span>\u00a0Carlos Verona, Roman Kreuziger (Mitchelton-Scott), Patrik Konrad (Bora), Grega Bole, Mark Padun (Bahrain-Merida), Alexey Lutsenko (Astana), Jan Bakelants, Micka\u00ebl Ch\u00e9rel (AG2R), Johannes Fr\u00f6hlinger (Sunweb), Tom Leezer (LottoNL-Jumbo), Giacomo Nizzolo (Trek), Valerio Conti, Rui Costa (UAE), William Bonnet (Groupama-FDJ), Jhonatan Restrepo (Katusha), Jos\u00e9 Herrada (Cofidis), Evgeny Shalunov (Gazprom) et Maciej Paterski (Pologne).<\/p>\n<p><strong>15h52 &#8211; 115km<\/strong><br \/>\nMichal Schlegel (CCC) est parti seul \u00e0 la poursuite du groupe du t\u00eate. Il est intercal\u00e9 \u00e0 46&Prime;.<\/p>\n<p><strong>15h50 &#8211;\u00a0<\/strong><br \/>\nLes 18 prennent de l&rsquo;avance : 2&rsquo;50\u00a0\u00bb.<\/p>\n<p><strong>15h46 &#8211;\u00a0<\/strong><br \/>\nComposition de l&rsquo;\u00e9chapp\u00e9e : Carlos Verona, Matteo Trentin (Mitchelton-Scott), Patrik Konrad (Bora), Grega Bole, Mark Padun (Bahrain-Merida), Sergei Chernetski (Astana), Jan Bakelants, Micka\u00ebl Ch\u00e9rel (AG2R), Johannes Fr\u00f6hlinger (Sunweb), Tom Leezer (LottoNL-Jumbo), Giacomo Nizzolo (Trek), Valerio Conti, Rui Costa (UAE), William Bonnet (Groupama-FDJ), Jhonatan Restrepo (Katusha), Jos\u00e9 Herrada (Cofidis), Evgeny Shalunov (Gazprom) et Maciej Paterski (Pologne).<\/p>\n<p><strong>15h45 &#8211;\u00a0<\/strong><br \/>\nL&rsquo;\u00e9chapp\u00e9e : 25 26 36 62 67 73 81 83 92 105 136 144 145 151 166 182 206 213.<\/p>\n<p><strong>15h44 &#8211;\u00a0<\/strong><br \/>\nUn 18e coureur a rejoint la t\u00eate : l&rsquo;imposante \u00e9chapp\u00e9e a d\u00e9j\u00e0 1&rsquo;35\u00a0\u00bb d&rsquo;avance sur le peloton.<\/p>\n<p><strong>15h43 &#8211;<\/strong><br \/>\nLes quinze hommes de t\u00eate ont \u00e9t\u00e9 rejoints par deux coureurs ; ils sont 17 \u00e0 tenter de prendre le large.<\/p>\n<p><strong>15h41 &#8211;\u00a0<\/strong><br \/>\nUn groupe de 15 coureurs s&rsquo;est maintenant d\u00e9gag\u00e9 !<\/p>\n<p><strong>15h37 &#8211;\u00a0<\/strong><br \/>\nProbl\u00e8me pour Lukasz Owsian (CCC) le leader du classement de la montagne.<\/p>\n<p><strong>15h34 &#8211;\u00a0<\/strong><br \/>\nLe d\u00e9part de cette derni\u00e8re \u00e9tape est en descente : en fait, les coureurs descendent la derni\u00e8re ascension de la veille.<\/p>\n<p><strong>15h34 &#8211;\u00a0<\/strong><br \/>\nAttaque d&rsquo;un coureur qui a creus\u00e9 un petit \u00e9cart.<\/p>\n<p><strong>15h31 &#8211; 136km \u00e0 parcourir<\/strong><br \/>\nIls sont 146 coureurs au d\u00e9part : Michael Albasini et Bernhard Eisel sont non partants.<\/p>\n<p><strong>15h30 &#8211; D\u00e9part r\u00e9el<\/strong><br \/>\nC&rsquo;est parti pour cette derni\u00e8re \u00e9tape !<\/p>\n<p><strong>15h29 &#8211;\u00a0<\/strong><br \/>\nL&rsquo;itin\u00e9raire d\u00e9fil\u00e9 n&rsquo;est long que de 700 m\u00e8tres, mais est en mont\u00e9e.<\/p>\n<p><strong>15h29 &#8211;\u00a0<\/strong><br \/>\nCrevaison de Fabio Aru.<\/p>\n<p><strong>15h27 &#8211; D\u00e9part fictif<\/strong><br \/>\nLes coureurs s&rsquo;\u00e9lancent dans le court itin\u00e9raire d\u00e9fil\u00e9 du jour.<\/p>\n<p><strong>15h10 &#8211; Avant course\u00a0<\/strong><br \/>\nTroisi\u00e8me du g\u00e9n\u00e9ral, George Bennett (LottoNL-Jumbo) a tent\u00e9 de renverser la course hier en attaquant \u00e0 plusieurs reprises dans la derni\u00e8re bosse. <a href=\"https:\/\/cyclingpro.net\/velopro\/course\/tour-de-pologne\/george-bennett-je-vais-forcement-essayer-quelque-chose\/\">Ce vendredi, il lui reste une derni\u00e8re chance de refaire son retard (lire ici)<\/a>.<\/p>\n<p><strong>15h &#8211; Avant course<\/strong><br \/>\nBonjour et bienvenue pour suivre la derni\u00e8re \u00e9tape du Tour de Pologne en direct comment\u00e9. Une derni\u00e8re bataille pour le classement g\u00e9n\u00e9ral est attendue aujourd&rsquo;hui : d&rsquo;ici au d\u00e9part fictif pr\u00e9vu \u00e0 15h27, <a href=\"https:\/\/cyclingpro.net\/velopro\/course\/tour-de-pologne\/tour-de-pologne-la-bataille-finale\/\">vous pouvez retrouver la pr\u00e9sentation d\u00e9taill\u00e9e de l&rsquo;\u00e9tape en cliquant ici<\/a>.<\/p>\n","protected":false},"excerpt":{"rendered":"<p>19h15 &#8211; Fin du live\u00a0 G\u00e9n\u00e9ral final de ce Tour de Pologne : 1. Michal Kwiatkowski 2. Simon Yates 3. Thibaut Pinot Tous les d\u00e9tails sont \u00e0 retrouver d\u00e8s maintenant sur notre site VeloPro.fr. 19h10 &#8211;\u00a0 Oomen prend la quatri\u00e8me place devant Bennett et Kwiatkowski. Le groupe maillot jaune a termin\u00e9 \u00e0 12 secondes : &hellip;<\/p>\n","protected":false},"author":15,"featured_media":10295,"comment_status":"open","ping_status":"open","sticky":false,"template":"","format":"standard","meta":{"footnotes":""},"categories":[17,9,15,133,19],"tags":[],"class_list":["post-85077","post","type-post","status-publish","format-standard","has-post-thumbnail","hentry","category-une","category-course-en-direct","category-route","category-tour-de-pologne","category-worldtour"],"_links":{"self":[{"href":"https:\/\/cyclingpro.net\/velopro\/wp-json\/wp\/v2\/posts\/85077","targetHints":{"allow":["GET"]}}],"collection":[{"href":"https:\/\/cyclingpro.net\/velopro\/wp-json\/wp\/v2\/posts"}],"about":[{"href":"https:\/\/cyclingpro.net\/velopro\/wp-json\/wp\/v2\/types\/post"}],"author":[{"embeddable":true,"href":"https:\/\/cyclingpro.net\/velopro\/wp-json\/wp\/v2\/users\/15"}],"replies":[{"embeddable":true,"href":"https:\/\/cyclingpro.net\/velopro\/wp-json\/wp\/v2\/comments?post=85077"}],"version-history":[{"count":0,"href":"https:\/\/cyclingpro.net\/velopro\/wp-json\/wp\/v2\/posts\/85077\/revisions"}],"wp:featuredmedia":[{"embeddable":true,"href":"https:\/\/cyclingpro.net\/velopro\/wp-json\/wp\/v2\/media\/10295"}],"wp:attachment":[{"href":"https:\/\/cyclingpro.net\/velopro\/wp-json\/wp\/v2\/media?parent=85077"}],"wp:term":[{"taxonomy":"category","embeddable":true,"href":"https:\/\/cyclingpro.net\/velopro\/wp-json\/wp\/v2\/categories?post=85077"},{"taxonomy":"post_tag","embeddable":true,"href":"https:\/\/cyclingpro.net\/velopro\/wp-json\/wp\/v2\/tags?post=85077"}],"curies":[{"name":"wp","href":"https:\/\/api.w.org\/{rel}","templated":true}]}}