{"id":85059,"date":"2018-08-10T12:29:26","date_gmt":"2018-08-10T10:29:26","guid":{"rendered":"https:\/\/cyclingpro.net\/velopro\/?p=85059"},"modified":"2018-08-10T12:31:02","modified_gmt":"2018-08-10T10:31:02","slug":"george-bennett-je-vais-forcement-essayer-quelque-chose","status":"publish","type":"post","link":"https:\/\/cyclingpro.net\/velopro\/course\/tour-de-pologne\/george-bennett-je-vais-forcement-essayer-quelque-chose\/","title":{"rendered":"George Bennett : \u00ab Je vais forc\u00e9ment tenter ma chance \u00bb"},"content":{"rendered":"<p style=\"text-align: justify;\"><em>En pr\u00e9paration du dernier grand tour de la saison, George Bennett a tent\u00e9 de faire basculer la course ce jeudi, dans le final de la sixi\u00e8me \u00e9tape du Tour de Pologne. Apr\u00e8s une attaque qui l&rsquo;a vu passer seul en t\u00eate au sommet de la derni\u00e8re bosse, il s&rsquo;est \u00e9cras\u00e9 sur le plat et a \u00e9t\u00e9 repris. Le N\u00e9o-Z\u00e9landais a finalement franchi la ligne en septi\u00e8me position et pointe \u00e0 la troisi\u00e8me place du g\u00e9n\u00e9ral alors qu&rsquo;il n&rsquo;a pas couru depuis le Tour d&rsquo;Italie.\u00a0<\/em><\/p>\n<p style=\"text-align: justify;\">En fin d&rsquo;\u00e9tape, la LottoNL-Jumbo est venue durcir la course pour permettre \u00e0 son leader de tenter une offensive. Celui-ci s&rsquo;est ex\u00e9cut\u00e9, quand bien m\u00eame il ne sentait pas encore au top. \u00ab <em>C&rsquo;\u00e9tait une course dure, comme les autres jours. Je ne me sentais pas si bien, mais j&rsquo;\u00e9tais plus ou moins oblig\u00e9 d&rsquo;y aller<\/em>, a expliqu\u00e9 George Bennett ce jeudi soir, \u00e0 l&rsquo;arriv\u00e9e de la sixi\u00e8me \u00e9tape. <em>L&rsquo;\u00e9quipe a durci la course au pied de la derni\u00e8re difficult\u00e9 comme nous l&rsquo;avions envisag\u00e9 dans le bus, m\u00eame si nous n&rsquo;avions pas vraiment donn\u00e9 le feu vert pendant la course. Au final, je suis d\u00e9\u00e7u d&rsquo;avoir \u00e9t\u00e9 repris apr\u00e8s la bosse.<\/em> \u00bb<\/p>\n<p><strong><a href=\"https:\/\/cyclingpro.net\/velopro\/course\/tour-de-pologne\/tour-de-pologne-la-bataille-finale\/\">Lire aussi &gt;\u00a0Tour de Pologne : La bataille finale<\/a><\/strong><\/p>\n<p style=\"text-align: justify;\">Troisi\u00e8me de la quatri\u00e8me \u00e9tape au punch, septi\u00e8me hier apr\u00e8s avoir tent\u00e9 sa chance en solitaire, George Bennett semble en forme, malgr\u00e9 plus de deux mois sans courir \u00e0 l&rsquo;issue du Tour d&rsquo;Italie, qu&rsquo;il a boucl\u00e9 \u00e0 la 8e place du g\u00e9n\u00e9ral. \u00ab <em>C&rsquo;est le v\u00e9lo, vous n&rsquo;avez pas forc\u00e9ment besoin de courir pour \u00eatre bon. J&rsquo;ai \u00e9t\u00e9 en altitude pendant cinq semaines, on s&rsquo;est entra\u00een\u00e9 tr\u00e8s dur pour la Vuelta<\/em>, a-t-il d\u00e9crit. <em>J&rsquo;esp\u00e8re ne pas \u00eatre trop bon trop t\u00f4t, mais pour l&rsquo;instant c&rsquo;est bon pour la confiance en vue de la Vuelta.<\/em> \u00bb<\/p>\n<p style=\"text-align: justify;\">A l&rsquo;aube de la derni\u00e8re \u00e9tape, Bennett est troisi\u00e8me du g\u00e9n\u00e9ral \u00e0 seulement 24 secondes du maillot jaune Michal Kwiatkowski (Sky). De quoi esp\u00e9rer renverser la course sur une ultime tentative ce vendredi ? \u00ab <em>Je dois \u00eatre n\u00e9gatif : je ne pense pas que \u00e7a soit vraiment mon genre de courses. Moi, je suis bon dans les longues ascensions. Ces bosses courtes et pentues sont un tr\u00e8s bon entra\u00eenement pour la Vuelta, mais je pense que prendre le maillot \u00e0 Michal ou Teuns&#8230; je pr\u00e9f\u00e9rerais avoir cent autres coureurs devant moi que ces deux-l\u00e0,<\/em> a-t-il conclu avec le sourire. <em>Je vais forc\u00e9ment tenter ma chance, m\u00eame si je ne suis pas tr\u00e8s optimiste, mais je suis l\u00e0 pour prendre du plaisir. J&rsquo;esp\u00e8re faire une bonne \u00e9tape, ensuite je rentre \u00e0 la maison et je retourne en altitude pour m&rsquo;entra\u00eener encore un peu plus.<\/em> \u00bb<\/p>\n<p><span class=\"qkvwNu5uBtzgVgGj5AyYWWY2rQ1ioSTbdXaPUTxq4eHhc0EXU7ZJfZKrI3dxvCDsAMlp2Klwh6FLmN9JFe7bR38niBI1mLOsG9\"><iframe loading=\"lazy\" title=\"George Bennett - post-race interview - Stage 6 - Tour de Pologne 2018\" width=\"500\" height=\"281\" src=\"https:\/\/www.youtube.com\/embed\/XUycBwov-4A?feature=oembed\" frameborder=\"0\" allow=\"accelerometer; autoplay; clipboard-write; encrypted-media; gyroscope; picture-in-picture; web-share\" referrerpolicy=\"strict-origin-when-cross-origin\" allowfullscreen><\/iframe><\/span><\/p>\n","protected":false},"excerpt":{"rendered":"<p>En pr\u00e9paration du dernier grand tour de la saison, George Bennett a tent\u00e9 de faire basculer la course ce jeudi, dans le final de la sixi\u00e8me \u00e9tape du Tour de Pologne. Apr\u00e8s une attaque qui l&rsquo;a vu passer seul en t\u00eate au sommet de la derni\u00e8re bosse, il s&rsquo;est \u00e9cras\u00e9 sur le plat et a &hellip;<\/p>\n","protected":false},"author":15,"featured_media":85061,"comment_status":"open","ping_status":"open","sticky":false,"template":"","format":"standard","meta":{"footnotes":""},"categories":[17,8,15,133,18,19],"tags":[],"class_list":["post-85059","post","type-post","status-publish","format-standard","has-post-thumbnail","hentry","category-une","category-interviews","category-route","category-tour-de-pologne","category-videos","category-worldtour"],"_links":{"self":[{"href":"https:\/\/cyclingpro.net\/velopro\/wp-json\/wp\/v2\/posts\/85059","targetHints":{"allow":["GET"]}}],"collection":[{"href":"https:\/\/cyclingpro.net\/velopro\/wp-json\/wp\/v2\/posts"}],"about":[{"href":"https:\/\/cyclingpro.net\/velopro\/wp-json\/wp\/v2\/types\/post"}],"author":[{"embeddable":true,"href":"https:\/\/cyclingpro.net\/velopro\/wp-json\/wp\/v2\/users\/15"}],"replies":[{"embeddable":true,"href":"https:\/\/cyclingpro.net\/velopro\/wp-json\/wp\/v2\/comments?post=85059"}],"version-history":[{"count":0,"href":"https:\/\/cyclingpro.net\/velopro\/wp-json\/wp\/v2\/posts\/85059\/revisions"}],"wp:featuredmedia":[{"embeddable":true,"href":"https:\/\/cyclingpro.net\/velopro\/wp-json\/wp\/v2\/media\/85061"}],"wp:attachment":[{"href":"https:\/\/cyclingpro.net\/velopro\/wp-json\/wp\/v2\/media?parent=85059"}],"wp:term":[{"taxonomy":"category","embeddable":true,"href":"https:\/\/cyclingpro.net\/velopro\/wp-json\/wp\/v2\/categories?post=85059"},{"taxonomy":"post_tag","embeddable":true,"href":"https:\/\/cyclingpro.net\/velopro\/wp-json\/wp\/v2\/tags?post=85059"}],"curies":[{"name":"wp","href":"https:\/\/api.w.org\/{rel}","templated":true}]}}