{"id":85012,"date":"2018-08-10T09:03:55","date_gmt":"2018-08-10T07:03:55","guid":{"rendered":"https:\/\/cyclingpro.net\/velopro\/?p=85012"},"modified":"2018-08-10T09:32:42","modified_gmt":"2018-08-10T07:32:42","slug":"tour-de-pologne-la-bataille-finale","status":"publish","type":"post","link":"https:\/\/cyclingpro.net\/velopro\/course\/tour-de-pologne\/tour-de-pologne-la-bataille-finale\/","title":{"rendered":"Tour de Pologne : La bataille finale"},"content":{"rendered":"<p><strong>75e Tour de Pologne (2.UWT), du samedi 4 au vendredi 10 ao\u00fbt<br \/>\n<\/strong>Vendredi 10 ao\u00fbt : 7e \u00e9tape,\u00a0Bukovina Resort &gt;\u00a0Bukovina Tatrza\u0144ska, 136,6km<\/p>\n<p><strong>Infos :<\/strong><\/p>\n<p>Dernier jour de ce Tour de Pologne et \u00e9tape reine autour de Bukovina, comme l&rsquo;an pass\u00e9 quand Rafa\u0142 Majka avait \u00e9chou\u00e9 \u00e0 2\u00a0\u00bb au classement g\u00e9n\u00e9ral final de Dylan Teuns. \u00c0 quelques d\u00e9tails pr\u00e8s l&rsquo;\u00e9tape est identique \u00e0 celle de 2017 . Le parcours se compose d&rsquo;une boucle de 68,3 kilom\u00e8tres \u00e0 effectuer \u00e0 deux reprises et comprenant quatre ascensions. Seules trois d&rsquo;entre elles sont r\u00e9pertori\u00e9es, toutes en premi\u00e8re cat\u00e9gorie. La seule qui ne l&rsquo;est pas est celle qui m\u00e8ne \u00e0 l&rsquo;arriv\u00e9e. L&rsquo;accumulation sera donc l&rsquo;une des principales difficult\u00e9s de cette \u00e9tape avec plus de 2800 m\u00e8tres de d\u00e9nivel\u00e9 positif sur seulement 136,6 kilom\u00e8tres de course. L&rsquo;autre difficult\u00e9, ce sera l&rsquo;encha\u00eenement final avec ces trois mont\u00e9es dans les 30 derniers kilom\u00e8tres. Le\u00a0Sierockie (7km \u00e0 4,6%) culminera \u00e0 26,4 kilom\u00e8tres de l&rsquo;arriv\u00e9e et sera rapidement suivi par le S\u0301ciana Bukovina (5,5km \u00e0 5,6%) et son passage \u00e0 22%. Au sommet il restera encore 13,1 kilom\u00e8tres pour rejoindre l&rsquo;arriv\u00e9e mais il n&rsquo;y aura absolument aucun r\u00e9pit. D&rsquo;une, si le sommet est suivi d&rsquo;une petite descente il y a ensuite un beau palier montant qui ram\u00e8nera les coureurs presque aussi haut que lorsqu&rsquo;il \u00e9tait au passage du grand prix de la montagne. De deux, une fois la descente termin\u00e9e, il ne restera plus que 5 kilom\u00e8tres jusqu&rsquo;\u00e0 l&rsquo;arriv\u00e9e mais 5 kilom\u00e8tres en mont\u00e9e ! Avec un pourcentage moyen de pr\u00e8s de 4,5% et des passages \u00e0 plus de 10%. Un enchainement final favorable aux strat\u00e9gies offensives.<\/p>\n<p><a href=\"https:\/\/cyclingpro.net\/velopro\/course\/tour-de-pologne\/tour-de-pologne-presentation-de-ledition-2018\/\">Lire \u00e9galement : Pr\u00e9sentation compl\u00e8te de l\u2019\u00e9dition 2018<\/a><\/p>\n<p><span style=\"text-decoration: underline;\">D\u00e9tails techniques :<\/span><br \/>\nD\u00e9part fictif : 15h27<br \/>\nD\u00e9part r\u00e9el : vers 15h30, apr\u00e8s un itin\u00e9raire d\u00e9fil\u00e9 de 0,7km<br \/>\nRavitaillement : km89,6 \u2013 Trybsz (dans le 2e tour du circuit)<br \/>\nParcours :\u00a0L\u2019\u00e9tape se compose de deux tours d&rsquo;un circuit de 68,3 kilom\u00e8tres chacun (1 passage sur la ligne + l&rsquo;arriv\u00e9e). En revanche le d\u00e9part n&rsquo;est pas donn\u00e9 de la ligne d&rsquo;arriv\u00e9e mais juste \u00e0 c\u00f4t\u00e9 et les coureurs s&rsquo;ins\u00e8rent sur le parcours 100 m\u00e8tres apr\u00e8s la ligne d&rsquo;arriv\u00e9e. Le d\u00e9part r\u00e9el est donn\u00e9 100 m\u00e8tres avant l&rsquo;insertion, de mani\u00e8re \u00e0 ce que les deux boucles donnent exactement 68,3 kilom\u00e8tres.<br \/>\nSuivi : La course sera \u00e0 suivre en direct comment\u00e9, d\u00e8s le d\u00e9part fictif, sur\u00a0<a href=\"http:\/\/www.velopro.fr\/\">VeloPro.fr<\/a><\/p>\n<p><span style=\"text-decoration: underline;\">Classement de la montagne :<\/span><br \/>\n1e tour :<br \/>\nkm10,7 \u2013 S\u0301ciana Harna\u015b (968m. d\u2019altitude), 2km \u00e0 6,5% (max : 17,7%) (1e cat\u00e9gorie)<br \/>\n<em>Attribue : 10pts, 7pts, 5pts, 3pts, 2pts aux cinq premiers.<\/em><em><br \/>\n<\/em>km41,9 \u2013 Sierockie (960m. d\u2019altitude), 7km \u00e0 4,6% (max : 12,5%) (1e cat\u00e9gorie)<em><br \/>\nAttribue : 10pts, 7pts, 5pts, 3pts, 2pts aux cinq premiers.<br \/>\n<\/em>km55,2 \u2013 S\u0301ciana Bukovina (987m. d\u2019altitude), 5,5km \u00e0 5,6% (max : 22%) (1e cat\u00e9gorie)<br \/>\n<em>Attribue : 10pts, 7pts, 5pts, 3pts, 2pts aux cinq premiers.<br \/>\n<\/em>2e tour :<br \/>\nkm79 \u2013 S\u0301ciana Harna\u015b (968m. d\u2019altitude), 2km \u00e0 6,5% (max : 17,7%) (1e cat\u00e9gorie)<br \/>\n<em>Attribue : 10pts, 7pts, 5pts, 3pts, 2pts aux cinq premiers.<\/em><em><br \/>\n<\/em>km110,2 \u2013 Sierockie (960m. d\u2019altitude), 7km \u00e0 4,6% (max : 12,5%) (1e cat\u00e9gorie)<em><br \/>\nAttribue : 10pts, 7pts, 5pts, 3pts, 2pts aux cinq premiers.<br \/>\n<\/em>km123,5 \u2013 S\u0301ciana Bukovina (987m. d\u2019altitude), 5,5km \u00e0 5,6% (max : 22%) (1e cat\u00e9gorie)<br \/>\n<em>Attribue : 10pts, 7pts, 5pts, 3pts, 2pts aux cinq premiers.<\/em><\/p>\n<p><span style=\"text-decoration: underline;\">Classement par points :<\/span><em><br \/>\n<\/em>Sont attribu\u00e9s : 2<em>0pts, 19pts, 18pts, 17pts, 16pts, 15pts, 14pts, 13pts, 12pts, 11pts, 10pts, 9pts, 8pts, 7pts, 6pts, 5pts, 4pts, 3pts, 2pts, 1pt\u00a0<\/em>aux vingt premiers de l\u2019\u00e9tape.<\/p>\n<p><span style=\"text-decoration: underline;\">Classement du plus combatif \u2013 sprints interm\u00e9diaires :<\/span><br \/>\nkm102,6 \u2013 Szaflary (dans le 2e tour de circuit)<br \/>\n<em>Attribue : 3pts, 2pts, 1pt aux trois premiers.<\/em><\/p>\n<p><span style=\"text-decoration: underline;\">Bonifications :<\/span><br \/>\nkm102,6 \u2013 Szaflary (dans le 2e tour de circuit)<br \/>\n<em>Attribue : 3 secondes, 2 secondes et 1 seconde aux trois premiers.\u00a0<\/em><em>\u00a0<\/em><em><br \/>\n<\/em>Sont attribu\u00e9es : 10 secondes, 6 secondes et 4 secondes de bonification aux trois premiers de l\u2019\u00e9tape.<\/p>\n<p><strong>Carte et profil :<\/strong><\/p>\n<div id='gallery-1' class='gallery galleryid-85012 gallery-columns-1 gallery-size-full'><figure class='gallery-item'>\n\t\t\t<div class='gallery-icon landscape'>\n\t\t\t\t<a href='https:\/\/cyclingpro.net\/velopro\/wp-content\/uploads\/2018\/08\/tourdepologne2018-stage7-map-1.jpg'><img loading=\"lazy\" decoding=\"async\" width=\"1024\" height=\"776\" src=\"https:\/\/cyclingpro.net\/velopro\/wp-content\/uploads\/2018\/08\/tourdepologne2018-stage7-map-1.jpg\" class=\"attachment-full size-full\" alt=\"\" srcset=\"https:\/\/cyclingpro.net\/velopro\/wp-content\/uploads\/2018\/08\/tourdepologne2018-stage7-map-1.jpg 1024w, https:\/\/cyclingpro.net\/velopro\/wp-content\/uploads\/2018\/08\/tourdepologne2018-stage7-map-1-300x227.jpg 300w, https:\/\/cyclingpro.net\/velopro\/wp-content\/uploads\/2018\/08\/tourdepologne2018-stage7-map-1-768x582.jpg 768w\" sizes=\"auto, (max-width: 1024px) 100vw, 1024px\" \/><\/a>\n\t\t\t<\/div><\/figure><figure class='gallery-item'>\n\t\t\t<div class='gallery-icon landscape'>\n\t\t\t\t<a href='https:\/\/cyclingpro.net\/velopro\/wp-content\/uploads\/2018\/08\/e_7_5.jpg'><img loading=\"lazy\" decoding=\"async\" width=\"1000\" height=\"717\" src=\"https:\/\/cyclingpro.net\/velopro\/wp-content\/uploads\/2018\/08\/e_7_5.jpg\" class=\"attachment-full size-full\" alt=\"\" srcset=\"https:\/\/cyclingpro.net\/velopro\/wp-content\/uploads\/2018\/08\/e_7_5.jpg 1000w, https:\/\/cyclingpro.net\/velopro\/wp-content\/uploads\/2018\/08\/e_7_5-300x215.jpg 300w, https:\/\/cyclingpro.net\/velopro\/wp-content\/uploads\/2018\/08\/e_7_5-768x551.jpg 768w\" sizes=\"auto, (max-width: 1000px) 100vw, 1000px\" \/><\/a>\n\t\t\t<\/div><\/figure><figure class='gallery-item'>\n\t\t\t<div class='gallery-icon landscape'>\n\t\t\t\t<a href='https:\/\/cyclingpro.net\/velopro\/wp-content\/uploads\/2018\/08\/tourdepologne2018-stage7-profilspecial1.png'><img loading=\"lazy\" decoding=\"async\" width=\"1050\" height=\"761\" src=\"https:\/\/cyclingpro.net\/velopro\/wp-content\/uploads\/2018\/08\/tourdepologne2018-stage7-profilspecial1.png\" class=\"attachment-full size-full\" alt=\"\" srcset=\"https:\/\/cyclingpro.net\/velopro\/wp-content\/uploads\/2018\/08\/tourdepologne2018-stage7-profilspecial1.png 1050w, https:\/\/cyclingpro.net\/velopro\/wp-content\/uploads\/2018\/08\/tourdepologne2018-stage7-profilspecial1-300x217.png 300w, https:\/\/cyclingpro.net\/velopro\/wp-content\/uploads\/2018\/08\/tourdepologne2018-stage7-profilspecial1-768x556.png 768w, https:\/\/cyclingpro.net\/velopro\/wp-content\/uploads\/2018\/08\/tourdepologne2018-stage7-profilspecial1-1024x742.png 1024w\" sizes=\"auto, (max-width: 1050px) 100vw, 1050px\" \/><\/a>\n\t\t\t<\/div><\/figure><figure class='gallery-item'>\n\t\t\t<div class='gallery-icon landscape'>\n\t\t\t\t<a href='https:\/\/cyclingpro.net\/velopro\/wp-content\/uploads\/2018\/08\/tourdepologne2018-stage7-profilspecial2.png'><img loading=\"lazy\" decoding=\"async\" width=\"1050\" height=\"680\" src=\"https:\/\/cyclingpro.net\/velopro\/wp-content\/uploads\/2018\/08\/tourdepologne2018-stage7-profilspecial2.png\" class=\"attachment-full size-full\" alt=\"\" srcset=\"https:\/\/cyclingpro.net\/velopro\/wp-content\/uploads\/2018\/08\/tourdepologne2018-stage7-profilspecial2.png 1050w, https:\/\/cyclingpro.net\/velopro\/wp-content\/uploads\/2018\/08\/tourdepologne2018-stage7-profilspecial2-300x194.png 300w, https:\/\/cyclingpro.net\/velopro\/wp-content\/uploads\/2018\/08\/tourdepologne2018-stage7-profilspecial2-768x498.png 768w, https:\/\/cyclingpro.net\/velopro\/wp-content\/uploads\/2018\/08\/tourdepologne2018-stage7-profilspecial2-1024x664.png 1024w\" sizes=\"auto, (max-width: 1050px) 100vw, 1050px\" \/><\/a>\n\t\t\t<\/div><\/figure><figure class='gallery-item'>\n\t\t\t<div class='gallery-icon landscape'>\n\t\t\t\t<a href='https:\/\/cyclingpro.net\/velopro\/wp-content\/uploads\/2018\/08\/tourdepologne2018-stage7-profilspecial3.png'><img loading=\"lazy\" decoding=\"async\" width=\"2110\" height=\"1570\" src=\"https:\/\/cyclingpro.net\/velopro\/wp-content\/uploads\/2018\/08\/tourdepologne2018-stage7-profilspecial3.png\" class=\"attachment-full size-full\" alt=\"\" srcset=\"https:\/\/cyclingpro.net\/velopro\/wp-content\/uploads\/2018\/08\/tourdepologne2018-stage7-profilspecial3.png 2110w, https:\/\/cyclingpro.net\/velopro\/wp-content\/uploads\/2018\/08\/tourdepologne2018-stage7-profilspecial3-300x223.png 300w, https:\/\/cyclingpro.net\/velopro\/wp-content\/uploads\/2018\/08\/tourdepologne2018-stage7-profilspecial3-768x571.png 768w, https:\/\/cyclingpro.net\/velopro\/wp-content\/uploads\/2018\/08\/tourdepologne2018-stage7-profilspecial3-1024x762.png 1024w\" sizes=\"auto, (max-width: 2110px) 100vw, 2110px\" \/><\/a>\n\t\t\t<\/div><\/figure><figure class='gallery-item'>\n\t\t\t<div class='gallery-icon landscape'>\n\t\t\t\t<a href='https:\/\/cyclingpro.net\/velopro\/wp-content\/uploads\/2018\/08\/tourdepologne2018-stage7-profillastkm.png'><img loading=\"lazy\" decoding=\"async\" width=\"1050\" height=\"863\" src=\"https:\/\/cyclingpro.net\/velopro\/wp-content\/uploads\/2018\/08\/tourdepologne2018-stage7-profillastkm.png\" class=\"attachment-full size-full\" alt=\"\" srcset=\"https:\/\/cyclingpro.net\/velopro\/wp-content\/uploads\/2018\/08\/tourdepologne2018-stage7-profillastkm.png 1050w, https:\/\/cyclingpro.net\/velopro\/wp-content\/uploads\/2018\/08\/tourdepologne2018-stage7-profillastkm-300x246.png 300w, https:\/\/cyclingpro.net\/velopro\/wp-content\/uploads\/2018\/08\/tourdepologne2018-stage7-profillastkm-768x631.png 768w, https:\/\/cyclingpro.net\/velopro\/wp-content\/uploads\/2018\/08\/tourdepologne2018-stage7-profillastkm-1024x841.png 1024w\" sizes=\"auto, (max-width: 1050px) 100vw, 1050px\" \/><\/a>\n\t\t\t<\/div><\/figure><figure class='gallery-item'>\n\t\t\t<div class='gallery-icon landscape'>\n\t\t\t\t<a href='https:\/\/cyclingpro.net\/velopro\/wp-content\/uploads\/2018\/08\/tourdepologne2018-stage7-maplastkm.png'><img loading=\"lazy\" decoding=\"async\" width=\"1050\" height=\"1011\" src=\"https:\/\/cyclingpro.net\/velopro\/wp-content\/uploads\/2018\/08\/tourdepologne2018-stage7-maplastkm.png\" class=\"attachment-full size-full\" alt=\"\" srcset=\"https:\/\/cyclingpro.net\/velopro\/wp-content\/uploads\/2018\/08\/tourdepologne2018-stage7-maplastkm.png 1050w, https:\/\/cyclingpro.net\/velopro\/wp-content\/uploads\/2018\/08\/tourdepologne2018-stage7-maplastkm-300x289.png 300w, https:\/\/cyclingpro.net\/velopro\/wp-content\/uploads\/2018\/08\/tourdepologne2018-stage7-maplastkm-768x740.png 768w, https:\/\/cyclingpro.net\/velopro\/wp-content\/uploads\/2018\/08\/tourdepologne2018-stage7-maplastkm-1024x986.png 1024w\" sizes=\"auto, (max-width: 1050px) 100vw, 1050px\" \/><\/a>\n\t\t\t<\/div><\/figure>\n\t\t<\/div>\n\n<p><strong>Itin\u00e9raire horaire :<\/strong><br \/>\n<a href=\"https:\/\/cyclingpro.net\/velopro\/wp-content\/uploads\/2018\/08\/tourdepologne2018-stage7-itinerary.jpg\"><img loading=\"lazy\" decoding=\"async\" class=\"aligncenter wp-image-85014 size-full\" src=\"https:\/\/cyclingpro.net\/velopro\/wp-content\/uploads\/2018\/08\/tourdepologne2018-stage7-itinerary.jpg\" alt=\"\" width=\"510\" height=\"1024\" srcset=\"https:\/\/cyclingpro.net\/velopro\/wp-content\/uploads\/2018\/08\/tourdepologne2018-stage7-itinerary.jpg 510w, https:\/\/cyclingpro.net\/velopro\/wp-content\/uploads\/2018\/08\/tourdepologne2018-stage7-itinerary-149x300.jpg 149w, https:\/\/cyclingpro.net\/velopro\/wp-content\/uploads\/2018\/08\/tourdepologne2018-stage7-itinerary-768x1541.jpg 768w\" sizes=\"auto, (max-width: 510px) 100vw, 510px\" \/><\/a><\/p>\n<p><strong>Rappel du top10 au classement g\u00e9n\u00e9ral :<\/strong><br \/>\n1. Micha\u0142 Kwiatkowski (Team Sky) en 17h30\u201926<br \/>\n2. Dylan Teuns (BMC) \u00e0 0\u201916<br \/>\n3. George Bennett (LottoNL \u2013 Jumbo) \u00e0 0\u201924<br \/>\n4. Emanuel Buchmann (Bora \u2013 Hansgrohe) \u00e0 0&rsquo;25<br \/>\n5. Sergei Chernetski (Astana) \u00e0 0\u201928<br \/>\n6. Thibaut Pinot (Groupama \u2013 FDJ)<br \/>\n7. Georg Preidler (Groupama &#8211; FDJ) \u00e0 0&rsquo;29<br \/>\n8. Laurens De Plus (Quick Step) \u00e0 0&rsquo;31<br \/>\n9. Simon Yates (Mitchelton &#8211; Scott) \u00e0 0&rsquo;39<br \/>\n10.\u00a0Sam Oomen (Sunweb) \u00e0 0\u201942<\/p>\n<p>Leader du classement par points (maillot blanc) : Pascal Ackermann (Bora \u2013 Hansgrohe)<br \/>\nLeader du classement de la montagne (maillot magenta) :\u00a0\u0141ukasz Owsian (CCC \u2013 Sprandi \u2013 Polkowice)<br \/>\nLeader du classement de la combativit\u00e9 \u2013 classement des sprints interm\u00e9diaires (maillot bleu) : Jenthe Biermans (Katusha \u2013 Alpecin)<br \/>\nLeader du classement par \u00e9quipes : Astana<\/p>\n","protected":false},"excerpt":{"rendered":"<p>75e Tour de Pologne (2.UWT), du samedi 4 au vendredi 10 ao\u00fbt Vendredi 10 ao\u00fbt : 7e \u00e9tape,\u00a0Bukovina Resort &gt;\u00a0Bukovina Tatrza\u0144ska, 136,6km Infos : Dernier jour de ce Tour de Pologne et \u00e9tape reine autour de Bukovina, comme l&rsquo;an pass\u00e9 quand Rafa\u0142 Majka avait \u00e9chou\u00e9 \u00e0 2\u00a0\u00bb au classement g\u00e9n\u00e9ral final de Dylan Teuns. \u00c0 &hellip;<\/p>\n","protected":false},"author":4,"featured_media":85024,"comment_status":"open","ping_status":"open","sticky":false,"template":"","format":"standard","meta":{"footnotes":""},"categories":[27,17,15,133],"tags":[],"class_list":["post-85012","post","type-post","status-publish","format-standard","has-post-thumbnail","hentry","category-gros-bloc","category-une","category-route","category-tour-de-pologne"],"_links":{"self":[{"href":"https:\/\/cyclingpro.net\/velopro\/wp-json\/wp\/v2\/posts\/85012","targetHints":{"allow":["GET"]}}],"collection":[{"href":"https:\/\/cyclingpro.net\/velopro\/wp-json\/wp\/v2\/posts"}],"about":[{"href":"https:\/\/cyclingpro.net\/velopro\/wp-json\/wp\/v2\/types\/post"}],"author":[{"embeddable":true,"href":"https:\/\/cyclingpro.net\/velopro\/wp-json\/wp\/v2\/users\/4"}],"replies":[{"embeddable":true,"href":"https:\/\/cyclingpro.net\/velopro\/wp-json\/wp\/v2\/comments?post=85012"}],"version-history":[{"count":0,"href":"https:\/\/cyclingpro.net\/velopro\/wp-json\/wp\/v2\/posts\/85012\/revisions"}],"wp:featuredmedia":[{"embeddable":true,"href":"https:\/\/cyclingpro.net\/velopro\/wp-json\/wp\/v2\/media\/85024"}],"wp:attachment":[{"href":"https:\/\/cyclingpro.net\/velopro\/wp-json\/wp\/v2\/media?parent=85012"}],"wp:term":[{"taxonomy":"category","embeddable":true,"href":"https:\/\/cyclingpro.net\/velopro\/wp-json\/wp\/v2\/categories?post=85012"},{"taxonomy":"post_tag","embeddable":true,"href":"https:\/\/cyclingpro.net\/velopro\/wp-json\/wp\/v2\/tags?post=85012"}],"curies":[{"name":"wp","href":"https:\/\/api.w.org\/{rel}","templated":true}]}}