{"id":84574,"date":"2018-08-08T06:47:13","date_gmt":"2018-08-08T04:47:13","guid":{"rendered":"https:\/\/cyclingpro.net\/velopro\/?p=84574"},"modified":"2018-08-08T09:34:33","modified_gmt":"2018-08-08T07:34:33","slug":"tour-de-pologne-nouvelle-arrivee-explosive","status":"publish","type":"post","link":"https:\/\/cyclingpro.net\/velopro\/course\/tour-de-pologne\/tour-de-pologne-nouvelle-arrivee-explosive\/","title":{"rendered":"Tour de Pologne : Nouvelle arriv\u00e9e explosive"},"content":{"rendered":"<p><strong>75e Tour de Pologne (2.UWT), du samedi 4 au vendredi 10 ao\u00fbt<br \/>\n<\/strong>Mercredi 8 ao\u00fbt : 5e \u00e9tape,\u00a0Wieliczka (Kopalnia Soli) \u203a Bielsko-Bia\u0142a, 152km<\/p>\n<p><strong>Infos :<\/strong><\/p>\n<p>Au d\u00e9part des\u00a0Mines de sel de Wieliczka, les coureurs vont avoir le droit \u00e0 une v\u00e9ritable \u00e9tape en dents de scie. Il n&rsquo;y aura pas de tr\u00e8s grosses ascensions mais un parcours court et presque jamais plat, qui comprend \u00e9galement deux c\u00f4tes de deuxi\u00e8me cat\u00e9gorie et la mont\u00e9e du\u00a0Prze\u0142e\u0328cz Przegibek, premi\u00e8re cat\u00e9gorie, dont le sommet culmine \u00e0 moins de 10 kilom\u00e8tres de l&rsquo;entr\u00e9e sur le circuit final (3&#215;7,2km). Sur ce dernier, les coureurs devront passer la ligne d&rsquo;arriv\u00e9e \u00e0 quatre reprises, sachant que les 2 derniers kilom\u00e8tres pr\u00e9sentent un pourcentage moyen de 4,1%, le tout quasiment en ligne droite. On est loin des pourcentages du mur de\u00a0Szczyrk, o\u00f9 Micha\u0142 Kwiatkowski (Team Sky) s&rsquo;est impos\u00e9 hier et a pris le maillot jaune de leader du classement g\u00e9n\u00e9ral, mais ce sera une nouvelle arriv\u00e9e explosive et un exercice assez particulier. Pour ceux qui ont l&rsquo;explosivit\u00e9 mais qui ne seront pas forc\u00e9ment les plus \u00e0 l&rsquo;aise sur les parcours beaucoup plus difficiles des deux derni\u00e8res \u00e9tapes, c&rsquo;est l&rsquo;occasion d&rsquo;essayer d&rsquo;aller chercher une belle victoire et peut-\u00eatre de faire de petits \u00e9carts au g\u00e9n\u00e9ral. Pour les autres il faudra s&rsquo;accrocher. Ce devrait aussi \u00eatre une arriv\u00e9e favorable \u00e0\u00a0Kwiatkowski qui peut ainsi esp\u00e9rer creuser un peu plus les \u00e9carts au g\u00e9n\u00e9ral avant ces deux derni\u00e8res \u00e9tapes, qui lui sont sans doute moins favorables.<\/p>\n<p><a href=\"https:\/\/cyclingpro.net\/velopro\/course\/tour-de-pologne\/tour-de-pologne-presentation-de-ledition-2018\/\">Lire \u00e9galement : Pr\u00e9sentation compl\u00e8te de l\u2019\u00e9dition 2018<\/a><\/p>\n<p><span style=\"text-decoration: underline;\">D\u00e9tails techniques :<\/span><br \/>\nD\u00e9part fictif : 12h50<br \/>\nD\u00e9part r\u00e9el : vers 12h55, apr\u00e8s un itin\u00e9raire d\u00e9fil\u00e9 de 2,2km<br \/>\nRavitaillement : km85,4 \u2013 Jeles\u0301nia<br \/>\nFinal : 3 tours d\u2019un circuit de 7,2km (3 passages sur la ligne + l\u2019arriv\u00e9e)<br \/>\nSuivi : La course sera \u00e0 suivre en direct comment\u00e9, d\u00e8s le d\u00e9part fictif, sur\u00a0<a href=\"http:\/\/www.velopro.fr\/\">VeloPro.fr<\/a><\/p>\n<p><span style=\"text-decoration: underline;\">Classement de la montagne :<\/span><br \/>\nkm78,2 \u2013 Hucisko (589m. d\u2019altitude) (2e cat\u00e9gorie)<br \/>\n<em>Attribue : 5pts, 3pts, 2pts, 1pt aux quatre premiers.<br \/>\n<\/em>km94,6 \u2013 Rychwa\u0142d (516m. d\u2019altitude) (2e cat\u00e9gorie)<em><br \/>\nAttribue : 5pts, 3pts, 2pts, 1pt aux quatre premiers.<br \/>\n<\/em>km118,8 \u2013 Prze\u0142e\u0328cz Przegibek (661m. d\u2019altitude), 6,6km \u00e0 4,9% (max : 11,9%) (1e cat\u00e9gorie)<em><br \/>\nAttribue : 10pts, 7pts, 5pts, 3pts, 2pts aux cinq premiers.<\/em><em><br \/>\n<\/em><\/p>\n<p><span style=\"text-decoration: underline;\">Classement par points :<\/span><em><br \/>\n<\/em>Sont attribu\u00e9s : 2<em>0pts, 19pts, 18pts, 17pts, 16pts, 15pts, 14pts, 13pts, 12pts, 11pts, 10pts, 9pts, 8pts, 7pts, 6pts, 5pts, 4pts, 3pts, 2pts, 1pt\u00a0<\/em>aux vingt premiers de l\u2019\u00e9tape.<\/p>\n<p><span style=\"text-decoration: underline;\">Classement du plus combatif \u2013 sprints interm\u00e9diaires :<\/span><br \/>\nkm112 \u2013 Mie\u0328dzybrodzie Bialskie<br \/>\n<em>Attribue : 3pts, 2pts, 1pt aux trois premiers.<br \/>\n<\/em>km126 \u2013 Bielsko-Bia\u0142a (2,2km avant l&rsquo;entr\u00e9e sur le circuit)<br \/>\n<em>Attribue : 3pts, 2pts, 1pt aux trois premiers.<\/em><\/p>\n<p><span style=\"text-decoration: underline;\">Bonifications :<\/span><br \/>\nkm112 \u2013 Mie\u0328dzybrodzie Bialskie<br \/>\n<em>Attribue : 3 secondes, 2 secondes et 1 seconde aux trois premiers.\u00a0<\/em><br \/>\nkm126 \u2013 Bielsko-Bia\u0142a (2,2km avant l&rsquo;entr\u00e9e sur le circuit)<br \/>\n<em>Attribue : 3 secondes, 2 secondes et 1 seconde aux trois premiers.\u00a0<\/em><em>\u00a0<\/em><em><br \/>\n<\/em>Sont attribu\u00e9s : 10 secondes, 6 secondes et 4 secondes de bonification aux trois premiers de l\u2019\u00e9tape.<\/p>\n<p><strong>Carte et profil :<\/strong><\/p>\n<div id='gallery-1' class='gallery galleryid-84574 gallery-columns-1 gallery-size-full'><figure class='gallery-item'>\n\t\t\t<div class='gallery-icon portrait'>\n\t\t\t\t<a href='https:\/\/cyclingpro.net\/velopro\/wp-content\/uploads\/2018\/08\/e_5_1.jpg'><img loading=\"lazy\" decoding=\"async\" width=\"797\" height=\"1024\" src=\"https:\/\/cyclingpro.net\/velopro\/wp-content\/uploads\/2018\/08\/e_5_1.jpg\" class=\"attachment-full size-full\" alt=\"\" srcset=\"https:\/\/cyclingpro.net\/velopro\/wp-content\/uploads\/2018\/08\/e_5_1.jpg 797w, https:\/\/cyclingpro.net\/velopro\/wp-content\/uploads\/2018\/08\/e_5_1-233x300.jpg 233w, https:\/\/cyclingpro.net\/velopro\/wp-content\/uploads\/2018\/08\/e_5_1-768x987.jpg 768w\" sizes=\"auto, (max-width: 797px) 100vw, 797px\" \/><\/a>\n\t\t\t<\/div><\/figure><figure class='gallery-item'>\n\t\t\t<div class='gallery-icon landscape'>\n\t\t\t\t<a href='https:\/\/cyclingpro.net\/velopro\/wp-content\/uploads\/2018\/08\/e_5_5.jpg'><img loading=\"lazy\" decoding=\"async\" width=\"1000\" height=\"818\" src=\"https:\/\/cyclingpro.net\/velopro\/wp-content\/uploads\/2018\/08\/e_5_5.jpg\" class=\"attachment-full size-full\" alt=\"\" srcset=\"https:\/\/cyclingpro.net\/velopro\/wp-content\/uploads\/2018\/08\/e_5_5.jpg 1000w, https:\/\/cyclingpro.net\/velopro\/wp-content\/uploads\/2018\/08\/e_5_5-300x245.jpg 300w, https:\/\/cyclingpro.net\/velopro\/wp-content\/uploads\/2018\/08\/e_5_5-768x628.jpg 768w\" sizes=\"auto, (max-width: 1000px) 100vw, 1000px\" \/><\/a>\n\t\t\t<\/div><\/figure><figure class='gallery-item'>\n\t\t\t<div class='gallery-icon landscape'>\n\t\t\t\t<a href='https:\/\/cyclingpro.net\/velopro\/wp-content\/uploads\/2018\/08\/tourdepologne2018-stage5-profilspecial.png'><img loading=\"lazy\" decoding=\"async\" width=\"1050\" height=\"761\" src=\"https:\/\/cyclingpro.net\/velopro\/wp-content\/uploads\/2018\/08\/tourdepologne2018-stage5-profilspecial.png\" class=\"attachment-full size-full\" alt=\"\" srcset=\"https:\/\/cyclingpro.net\/velopro\/wp-content\/uploads\/2018\/08\/tourdepologne2018-stage5-profilspecial.png 1050w, https:\/\/cyclingpro.net\/velopro\/wp-content\/uploads\/2018\/08\/tourdepologne2018-stage5-profilspecial-300x217.png 300w, https:\/\/cyclingpro.net\/velopro\/wp-content\/uploads\/2018\/08\/tourdepologne2018-stage5-profilspecial-768x557.png 768w, https:\/\/cyclingpro.net\/velopro\/wp-content\/uploads\/2018\/08\/tourdepologne2018-stage5-profilspecial-1024x742.png 1024w\" sizes=\"auto, (max-width: 1050px) 100vw, 1050px\" \/><\/a>\n\t\t\t<\/div><\/figure><figure class='gallery-item'>\n\t\t\t<div class='gallery-icon landscape'>\n\t\t\t\t<a href='https:\/\/cyclingpro.net\/velopro\/wp-content\/uploads\/2018\/08\/tourdepologne2018-stage5-profillastkm.png'><img loading=\"lazy\" decoding=\"async\" width=\"1050\" height=\"769\" src=\"https:\/\/cyclingpro.net\/velopro\/wp-content\/uploads\/2018\/08\/tourdepologne2018-stage5-profillastkm.png\" class=\"attachment-full size-full\" alt=\"\" srcset=\"https:\/\/cyclingpro.net\/velopro\/wp-content\/uploads\/2018\/08\/tourdepologne2018-stage5-profillastkm.png 1050w, https:\/\/cyclingpro.net\/velopro\/wp-content\/uploads\/2018\/08\/tourdepologne2018-stage5-profillastkm-300x220.png 300w, https:\/\/cyclingpro.net\/velopro\/wp-content\/uploads\/2018\/08\/tourdepologne2018-stage5-profillastkm-768x563.png 768w, https:\/\/cyclingpro.net\/velopro\/wp-content\/uploads\/2018\/08\/tourdepologne2018-stage5-profillastkm-1024x750.png 1024w\" sizes=\"auto, (max-width: 1050px) 100vw, 1050px\" \/><\/a>\n\t\t\t<\/div><\/figure><figure class='gallery-item'>\n\t\t\t<div class='gallery-icon portrait'>\n\t\t\t\t<a href='https:\/\/cyclingpro.net\/velopro\/wp-content\/uploads\/2018\/08\/tourdepologne2018-stage5-maplastkm.png'><img loading=\"lazy\" decoding=\"async\" width=\"754\" height=\"1024\" src=\"https:\/\/cyclingpro.net\/velopro\/wp-content\/uploads\/2018\/08\/tourdepologne2018-stage5-maplastkm.png\" class=\"attachment-full size-full\" alt=\"\" srcset=\"https:\/\/cyclingpro.net\/velopro\/wp-content\/uploads\/2018\/08\/tourdepologne2018-stage5-maplastkm.png 754w, https:\/\/cyclingpro.net\/velopro\/wp-content\/uploads\/2018\/08\/tourdepologne2018-stage5-maplastkm-221x300.png 221w, https:\/\/cyclingpro.net\/velopro\/wp-content\/uploads\/2018\/08\/tourdepologne2018-stage5-maplastkm-768x1044.png 768w\" sizes=\"auto, (max-width: 754px) 100vw, 754px\" \/><\/a>\n\t\t\t<\/div><\/figure>\n\t\t<\/div>\n\n<p><strong>Itin\u00e9raire horaire :<\/strong><br \/>\n<a href=\"https:\/\/cyclingpro.net\/velopro\/wp-content\/uploads\/2018\/08\/tourdepologne2018-stage5-itinerary.jpg\"><img loading=\"lazy\" decoding=\"async\" class=\"aligncenter wp-image-84578 size-full\" src=\"https:\/\/cyclingpro.net\/velopro\/wp-content\/uploads\/2018\/08\/tourdepologne2018-stage5-itinerary.jpg\" alt=\"\" width=\"577\" height=\"1024\" srcset=\"https:\/\/cyclingpro.net\/velopro\/wp-content\/uploads\/2018\/08\/tourdepologne2018-stage5-itinerary.jpg 577w, https:\/\/cyclingpro.net\/velopro\/wp-content\/uploads\/2018\/08\/tourdepologne2018-stage5-itinerary-169x300.jpg 169w, https:\/\/cyclingpro.net\/velopro\/wp-content\/uploads\/2018\/08\/tourdepologne2018-stage5-itinerary-768x1362.jpg 768w\" sizes=\"auto, (max-width: 577px) 100vw, 577px\" \/><\/a><\/p>\n<p><strong>Rappel du top10 au classement g\u00e9n\u00e9ral :<br \/>\n<\/strong>1. Micha\u0142 Kwiatkowski (Team Sky) en 13h51&rsquo;22<br \/>\n2. Dylan Teuns (BMC) \u00e0 0&rsquo;08<br \/>\n3. George Bennett (LottoNL &#8211; Jumbo) \u00e0 0&rsquo;10<br \/>\n4. Sergei Chernetski (Astana) \u00e0 0&rsquo;14<br \/>\n5. Thibaut Pinot (Groupama &#8211; FDK)<br \/>\n6. Daniel Moreno (EF Education First &#8211; Drapac p\/b Cannondale)<br \/>\n7. Sam Oomen (Sunweb) \u00e0 0&rsquo;17<br \/>\n8. Enrico Gasparotto (Bahrain &#8211; Merida)<br \/>\n9. Emanuel Buchmann (Bora &#8211; Hansgrohe)<br \/>\n10. Fabio Aru (UAE &#8211; Team Emirates)<\/p>\n<p><em>Leader du classement par points (maillot blanc) :<\/em>\u00a0\u00c1lvaro Hodeg (Quick Step)<br \/>\n<em>Leader du classement de la montagne (maillot magenta) :<\/em> Jan Tratnik (CCC \u2013 Sprandi \u2013 Polkowice)<br \/>\n<em>Leader du classement de la combativit\u00e9 \u2013 classement des sprints interm\u00e9diaires (maillot bleu) :<\/em>\u00a0Jenthe Biermans (Katusha \u2013 Alpecin)<br \/>\n<em>Leader du classement par \u00e9quipes :<\/em>\u00a0BMC<\/p>\n","protected":false},"excerpt":{"rendered":"<p>75e Tour de Pologne (2.UWT), du samedi 4 au vendredi 10 ao\u00fbt Mercredi 8 ao\u00fbt : 5e \u00e9tape,\u00a0Wieliczka (Kopalnia Soli) \u203a Bielsko-Bia\u0142a, 152km Infos : Au d\u00e9part des\u00a0Mines de sel de Wieliczka, les coureurs vont avoir le droit \u00e0 une v\u00e9ritable \u00e9tape en dents de scie. Il n&rsquo;y aura pas de tr\u00e8s grosses ascensions mais &hellip;<\/p>\n","protected":false},"author":4,"featured_media":84581,"comment_status":"open","ping_status":"open","sticky":false,"template":"","format":"standard","meta":{"footnotes":""},"categories":[27,17,15,133],"tags":[],"class_list":["post-84574","post","type-post","status-publish","format-standard","has-post-thumbnail","hentry","category-gros-bloc","category-une","category-route","category-tour-de-pologne"],"_links":{"self":[{"href":"https:\/\/cyclingpro.net\/velopro\/wp-json\/wp\/v2\/posts\/84574","targetHints":{"allow":["GET"]}}],"collection":[{"href":"https:\/\/cyclingpro.net\/velopro\/wp-json\/wp\/v2\/posts"}],"about":[{"href":"https:\/\/cyclingpro.net\/velopro\/wp-json\/wp\/v2\/types\/post"}],"author":[{"embeddable":true,"href":"https:\/\/cyclingpro.net\/velopro\/wp-json\/wp\/v2\/users\/4"}],"replies":[{"embeddable":true,"href":"https:\/\/cyclingpro.net\/velopro\/wp-json\/wp\/v2\/comments?post=84574"}],"version-history":[{"count":0,"href":"https:\/\/cyclingpro.net\/velopro\/wp-json\/wp\/v2\/posts\/84574\/revisions"}],"wp:featuredmedia":[{"embeddable":true,"href":"https:\/\/cyclingpro.net\/velopro\/wp-json\/wp\/v2\/media\/84581"}],"wp:attachment":[{"href":"https:\/\/cyclingpro.net\/velopro\/wp-json\/wp\/v2\/media?parent=84574"}],"wp:term":[{"taxonomy":"category","embeddable":true,"href":"https:\/\/cyclingpro.net\/velopro\/wp-json\/wp\/v2\/categories?post=84574"},{"taxonomy":"post_tag","embeddable":true,"href":"https:\/\/cyclingpro.net\/velopro\/wp-json\/wp\/v2\/tags?post=84574"}],"curies":[{"name":"wp","href":"https:\/\/api.w.org\/{rel}","templated":true}]}}