{"id":84381,"date":"2018-08-07T06:58:18","date_gmt":"2018-08-07T04:58:18","guid":{"rendered":"https:\/\/cyclingpro.net\/velopro\/?p=84381"},"modified":"2018-08-07T07:02:51","modified_gmt":"2018-08-07T05:02:51","slug":"tour-de-pologne-changement-de-registre","status":"publish","type":"post","link":"https:\/\/cyclingpro.net\/velopro\/course\/tour-de-pologne\/tour-de-pologne-changement-de-registre\/","title":{"rendered":"Tour de Pologne : Changement de registre"},"content":{"rendered":"<p><strong>75e Tour de Pologne (2.UWT), du samedi 4 au vendredi 10 ao\u00fbt<br \/>\n<\/strong>Mardi 7 ao\u00fbt : 4e \u00e9tape, Jaworzno \u203a Szczyrk, 179km<\/p>\n<p><strong>Infos :<\/strong><\/p>\n<p>Apr\u00e8s trois arriv\u00e9es successives au sprint le Tour de Pologne change de visage et entre dans sa phase d\u00e9cisive pour le classement g\u00e9n\u00e9ral avec les quatre prochaines \u00e9tapes. M\u00eame s&rsquo;il ne s&rsquo;agit bien \u00e9videmment pas de haute montagne, le programme reste copieux et le spectacle ne devrait pas manquer. L&rsquo;\u00e9tape de\u00a0Szczyrk ouvre le bal. C&rsquo;est l\u00e0 que l&rsquo;an pass\u00e9 Dylan Teuns s&rsquo;\u00e9tait impos\u00e9 et avait en partie construit sa victoire finale au classement g\u00e9n\u00e9ral. L&rsquo;\u00e9tape part de\u00a0Jaworzno, toujours dans la banlieue de Katowice mais descend droit au sud. La premi\u00e8re difficult\u00e9 d\u00e9bute aux alentours du kilom\u00e8tre 100, juste apr\u00e8s \u00eatre pass\u00e9s au pied de la mont\u00e9e finale de\u00a0Szczyrk, avec la mont\u00e9e du Salmopol (10km \u00e0 4,2%) puis les coureurs continuent direction sud pour aller chercher une boucle de 19,4 kilom\u00e8tres \u00e0 effectuer \u00e0 deux reprises et comprenant l&rsquo;ascension de\u00a0Zameczek (5km \u00e0 5,7%) \u00e0 effectuer deux fois donc. \u00c0 la sortie de la boucle les coureurs reprennent la m\u00eame route qu&rsquo;avant, en repartant au nord, direction\u00a0Szczyrk, et repassent donc par\u00a0le Salmopol, mais dans l&rsquo;autre sens cette fois-ci, soit une mont\u00e9e de\u00a07,6km \u00e0 5,5%, dont le sommet se situe \u00e0 10,8 kilom\u00e8tres de l&rsquo;arriv\u00e9e. Celle-ci est une affaire de sp\u00e9cialistes. Une mont\u00e9e d&rsquo;un kilom\u00e8tre avec notamment un passage \u00e0 15,2% o\u00f9 les grimpeurs et les puncheurs sont \u00e0 l&rsquo;honneur.<\/p>\n<p><a href=\"https:\/\/cyclingpro.net\/velopro\/course\/tour-de-pologne\/tour-de-pologne-presentation-de-ledition-2018\/\">Lire \u00e9galement : Pr\u00e9sentation compl\u00e8te de l\u2019\u00e9dition 2018<\/a><\/p>\n<p><span style=\"text-decoration: underline;\">D\u00e9tails techniques :<\/span><br \/>\nD\u00e9part fictif : 12h<br \/>\nD\u00e9part r\u00e9el : vers 12h10, apr\u00e8s un itin\u00e9raire d\u00e9fil\u00e9 de 5,2km<br \/>\nRavitaillement : km93 \u2013\u00a0Rybaczkowice\/Buczkowice<br \/>\nSuivi : La course sera \u00e0 suivre en direct comment\u00e9, d\u00e8s le d\u00e9part fictif, sur\u00a0<a href=\"http:\/\/www.velopro.fr\/\">VeloPro.fr<\/a><\/p>\n<p><span style=\"text-decoration: underline;\">Classement de la montagne :<\/span><br \/>\nkm109,5 \u2013 Prze\u0142e\u0328cz Salmopolska (Salmopolu w Szczyrku) (929m. d&rsquo;altitude), 10km \u00e0 4,2% (max : 14,3%) (1e cat\u00e9gorie)<br \/>\n<em>Attribue : 10pts, 7pts, 5pts, 3pts, 2pts aux cinq premiers.<br \/>\n<\/em>km124,1 \u2013 Zameczek (1e passage) (771m. d&rsquo;altitude), 5km \u00e0 5,7% (max : 15,1%) (1e cat\u00e9gorie)<em><br \/>\nAttribue : 10pts, 7pts, 5pts, 3pts, 2pts aux cinq premiers.<br \/>\n<\/em>km144 \u2013 Zameczek (2e passage) (771m. d&rsquo;altitude), 5km \u00e0 5,7% (max : 15,1%) (1e cat\u00e9gorie)<em><br \/>\nAttribue : 10pts, 7pts, 5pts, 3pts, 2pts aux cinq premiers.<br \/>\n<\/em>km167,9 \u2013 Prze\u0142e\u0328cz Salmopolska (Salmopolu w Szczyrku) (929m. d&rsquo;altitude), 7,6km \u00e0 5,5% (max : 11,8%) (1e cat\u00e9gorie) &#8211; sens oppos\u00e9 du premier passage\u00a0<em><br \/>\n<\/em><em>Attribue : 10pts, 7pts, 5pts, 3pts, 2pts aux cinq premiers.<br \/>\n<\/em><\/p>\n<p><span style=\"text-decoration: underline;\">Classement par points :<\/span><em><br \/>\n<\/em>Sont attribu\u00e9s : 2<em>0pts, 19pts, 18pts, 17pts, 16pts, 15pts, 14pts, 13pts, 12pts, 11pts, 10pts, 9pts, 8pts, 7pts, 6pts, 5pts, 4pts, 3pts, 2pts, 1pt\u00a0<\/em>aux vingt premiers de l\u2019\u00e9tape.<\/p>\n<p><span style=\"text-decoration: underline;\">Classement du plus combatif \u2013 sprints interm\u00e9diaires :<\/span><br \/>\nkm10,6 \u2013 Mys\u0142owice<br \/>\n<em>Attribue : 3pts, 2pts, 1pt aux trois premiers.<br \/>\n<\/em>km19,9 \u2013 Che\u0142m S\u0301la\u0328ski<br \/>\n<em>Attribue : 3pts, 2pts, 1pt aux trois premiers.<br \/>\n<\/em>km49,6 \u2013 Wilamowice (Rynek)<em><br \/>\nAttribue : 3pts, 2pts, 1pt aux trois premiers.<\/em><\/p>\n<p><span style=\"text-decoration: underline;\">Bonifications :<\/span><br \/>\nkm10,6 \u2013 Mys\u0142owice<br \/>\n<em>Attribue : 3 secondes, 2 secondes et 1 seconde aux trois premiers.\u00a0<\/em><br \/>\nkm19,9 \u2013 Che\u0142m S\u0301la\u0328ski<br \/>\n<em>Attribue : 3 secondes, 2 secondes et 1 seconde aux trois premiers.\u00a0<\/em><br \/>\nkm49,6 \u2013 Wilamowice (Rynek)<br \/>\n<em>Attribue : 3 secondes, 2 secondes et 1 seconde aux trois premiers.\u00a0<\/em><em><br \/>\n<\/em>Sont attribu\u00e9s : 10 secondes, 6 secondes et 4 secondes de bonification aux trois premiers de l\u2019\u00e9tape.<\/p>\n<p><strong>Carte et profil :<\/strong><\/p>\n<div id='gallery-1' class='gallery galleryid-84381 gallery-columns-1 gallery-size-full'><figure class='gallery-item'>\n\t\t\t<div class='gallery-icon portrait'>\n\t\t\t\t<a href='https:\/\/cyclingpro.net\/velopro\/wp-content\/uploads\/2018\/08\/e_4_1.jpg'><img loading=\"lazy\" decoding=\"async\" width=\"785\" height=\"1024\" src=\"https:\/\/cyclingpro.net\/velopro\/wp-content\/uploads\/2018\/08\/e_4_1.jpg\" class=\"attachment-full size-full\" alt=\"\" srcset=\"https:\/\/cyclingpro.net\/velopro\/wp-content\/uploads\/2018\/08\/e_4_1.jpg 785w, https:\/\/cyclingpro.net\/velopro\/wp-content\/uploads\/2018\/08\/e_4_1-230x300.jpg 230w, https:\/\/cyclingpro.net\/velopro\/wp-content\/uploads\/2018\/08\/e_4_1-768x1002.jpg 768w\" sizes=\"auto, (max-width: 785px) 100vw, 785px\" \/><\/a>\n\t\t\t<\/div><\/figure><figure class='gallery-item'>\n\t\t\t<div class='gallery-icon landscape'>\n\t\t\t\t<a href='https:\/\/cyclingpro.net\/velopro\/wp-content\/uploads\/2018\/08\/e_4_5.jpg'><img loading=\"lazy\" decoding=\"async\" width=\"1000\" height=\"688\" src=\"https:\/\/cyclingpro.net\/velopro\/wp-content\/uploads\/2018\/08\/e_4_5.jpg\" class=\"attachment-full size-full\" alt=\"\" srcset=\"https:\/\/cyclingpro.net\/velopro\/wp-content\/uploads\/2018\/08\/e_4_5.jpg 1000w, https:\/\/cyclingpro.net\/velopro\/wp-content\/uploads\/2018\/08\/e_4_5-300x206.jpg 300w, https:\/\/cyclingpro.net\/velopro\/wp-content\/uploads\/2018\/08\/e_4_5-768x528.jpg 768w, https:\/\/cyclingpro.net\/velopro\/wp-content\/uploads\/2018\/08\/e_4_5-110x75.jpg 110w\" sizes=\"auto, (max-width: 1000px) 100vw, 1000px\" \/><\/a>\n\t\t\t<\/div><\/figure><figure class='gallery-item'>\n\t\t\t<div class='gallery-icon landscape'>\n\t\t\t\t<a href='https:\/\/cyclingpro.net\/velopro\/wp-content\/uploads\/2018\/08\/tourdepologne2018-stage4-profilspecial1.png'><img loading=\"lazy\" decoding=\"async\" width=\"1050\" height=\"677\" src=\"https:\/\/cyclingpro.net\/velopro\/wp-content\/uploads\/2018\/08\/tourdepologne2018-stage4-profilspecial1.png\" class=\"attachment-full size-full\" alt=\"\" srcset=\"https:\/\/cyclingpro.net\/velopro\/wp-content\/uploads\/2018\/08\/tourdepologne2018-stage4-profilspecial1.png 1050w, https:\/\/cyclingpro.net\/velopro\/wp-content\/uploads\/2018\/08\/tourdepologne2018-stage4-profilspecial1-300x194.png 300w, https:\/\/cyclingpro.net\/velopro\/wp-content\/uploads\/2018\/08\/tourdepologne2018-stage4-profilspecial1-768x496.png 768w, https:\/\/cyclingpro.net\/velopro\/wp-content\/uploads\/2018\/08\/tourdepologne2018-stage4-profilspecial1-1024x661.png 1024w\" sizes=\"auto, (max-width: 1050px) 100vw, 1050px\" \/><\/a>\n\t\t\t<\/div><\/figure><figure class='gallery-item'>\n\t\t\t<div class='gallery-icon landscape'>\n\t\t\t\t<a href='https:\/\/cyclingpro.net\/velopro\/wp-content\/uploads\/2018\/08\/tourdepologne2018-stage4-profilspecial2.png'><img loading=\"lazy\" decoding=\"async\" width=\"1050\" height=\"683\" src=\"https:\/\/cyclingpro.net\/velopro\/wp-content\/uploads\/2018\/08\/tourdepologne2018-stage4-profilspecial2.png\" class=\"attachment-full size-full\" alt=\"\" srcset=\"https:\/\/cyclingpro.net\/velopro\/wp-content\/uploads\/2018\/08\/tourdepologne2018-stage4-profilspecial2.png 1050w, https:\/\/cyclingpro.net\/velopro\/wp-content\/uploads\/2018\/08\/tourdepologne2018-stage4-profilspecial2-300x195.png 300w, https:\/\/cyclingpro.net\/velopro\/wp-content\/uploads\/2018\/08\/tourdepologne2018-stage4-profilspecial2-768x500.png 768w, https:\/\/cyclingpro.net\/velopro\/wp-content\/uploads\/2018\/08\/tourdepologne2018-stage4-profilspecial2-1024x666.png 1024w\" sizes=\"auto, (max-width: 1050px) 100vw, 1050px\" \/><\/a>\n\t\t\t<\/div><\/figure><figure class='gallery-item'>\n\t\t\t<div class='gallery-icon landscape'>\n\t\t\t\t<a href='https:\/\/cyclingpro.net\/velopro\/wp-content\/uploads\/2018\/08\/tourdepologne2018-stage4-profilspecial3.png'><img loading=\"lazy\" decoding=\"async\" width=\"1050\" height=\"694\" src=\"https:\/\/cyclingpro.net\/velopro\/wp-content\/uploads\/2018\/08\/tourdepologne2018-stage4-profilspecial3.png\" class=\"attachment-full size-full\" alt=\"\" srcset=\"https:\/\/cyclingpro.net\/velopro\/wp-content\/uploads\/2018\/08\/tourdepologne2018-stage4-profilspecial3.png 1050w, https:\/\/cyclingpro.net\/velopro\/wp-content\/uploads\/2018\/08\/tourdepologne2018-stage4-profilspecial3-300x198.png 300w, https:\/\/cyclingpro.net\/velopro\/wp-content\/uploads\/2018\/08\/tourdepologne2018-stage4-profilspecial3-768x508.png 768w, https:\/\/cyclingpro.net\/velopro\/wp-content\/uploads\/2018\/08\/tourdepologne2018-stage4-profilspecial3-1024x677.png 1024w, https:\/\/cyclingpro.net\/velopro\/wp-content\/uploads\/2018\/08\/tourdepologne2018-stage4-profilspecial3-310x205.png 310w\" sizes=\"auto, (max-width: 1050px) 100vw, 1050px\" \/><\/a>\n\t\t\t<\/div><\/figure><figure class='gallery-item'>\n\t\t\t<div class='gallery-icon landscape'>\n\t\t\t\t<a href='https:\/\/cyclingpro.net\/velopro\/wp-content\/uploads\/2018\/08\/tourdepologne2018-stage4-profilspecial4.png'><img loading=\"lazy\" decoding=\"async\" width=\"1050\" height=\"679\" src=\"https:\/\/cyclingpro.net\/velopro\/wp-content\/uploads\/2018\/08\/tourdepologne2018-stage4-profilspecial4.png\" class=\"attachment-full size-full\" alt=\"\" srcset=\"https:\/\/cyclingpro.net\/velopro\/wp-content\/uploads\/2018\/08\/tourdepologne2018-stage4-profilspecial4.png 1050w, https:\/\/cyclingpro.net\/velopro\/wp-content\/uploads\/2018\/08\/tourdepologne2018-stage4-profilspecial4-300x194.png 300w, https:\/\/cyclingpro.net\/velopro\/wp-content\/uploads\/2018\/08\/tourdepologne2018-stage4-profilspecial4-768x496.png 768w, https:\/\/cyclingpro.net\/velopro\/wp-content\/uploads\/2018\/08\/tourdepologne2018-stage4-profilspecial4-1024x662.png 1024w\" sizes=\"auto, (max-width: 1050px) 100vw, 1050px\" \/><\/a>\n\t\t\t<\/div><\/figure><figure class='gallery-item'>\n\t\t\t<div class='gallery-icon landscape'>\n\t\t\t\t<a href='https:\/\/cyclingpro.net\/velopro\/wp-content\/uploads\/2018\/08\/tourdepologne2018-stage4-profillastkm.png'><img loading=\"lazy\" decoding=\"async\" width=\"1050\" height=\"770\" src=\"https:\/\/cyclingpro.net\/velopro\/wp-content\/uploads\/2018\/08\/tourdepologne2018-stage4-profillastkm.png\" class=\"attachment-full size-full\" alt=\"\" srcset=\"https:\/\/cyclingpro.net\/velopro\/wp-content\/uploads\/2018\/08\/tourdepologne2018-stage4-profillastkm.png 1050w, https:\/\/cyclingpro.net\/velopro\/wp-content\/uploads\/2018\/08\/tourdepologne2018-stage4-profillastkm-300x220.png 300w, https:\/\/cyclingpro.net\/velopro\/wp-content\/uploads\/2018\/08\/tourdepologne2018-stage4-profillastkm-768x563.png 768w, https:\/\/cyclingpro.net\/velopro\/wp-content\/uploads\/2018\/08\/tourdepologne2018-stage4-profillastkm-1024x751.png 1024w\" sizes=\"auto, (max-width: 1050px) 100vw, 1050px\" \/><\/a>\n\t\t\t<\/div><\/figure><figure class='gallery-item'>\n\t\t\t<div class='gallery-icon portrait'>\n\t\t\t\t<a href='https:\/\/cyclingpro.net\/velopro\/wp-content\/uploads\/2018\/08\/tourdepologne2018-stage4-maplastkm.png'><img loading=\"lazy\" decoding=\"async\" width=\"990\" height=\"1024\" src=\"https:\/\/cyclingpro.net\/velopro\/wp-content\/uploads\/2018\/08\/tourdepologne2018-stage4-maplastkm.png\" class=\"attachment-full size-full\" alt=\"\" srcset=\"https:\/\/cyclingpro.net\/velopro\/wp-content\/uploads\/2018\/08\/tourdepologne2018-stage4-maplastkm.png 990w, https:\/\/cyclingpro.net\/velopro\/wp-content\/uploads\/2018\/08\/tourdepologne2018-stage4-maplastkm-290x300.png 290w, https:\/\/cyclingpro.net\/velopro\/wp-content\/uploads\/2018\/08\/tourdepologne2018-stage4-maplastkm-768x795.png 768w\" sizes=\"auto, (max-width: 990px) 100vw, 990px\" \/><\/a>\n\t\t\t<\/div><\/figure>\n\t\t<\/div>\n\n<p><strong>Itin\u00e9raire horaire :<\/strong><br \/>\n<a href=\"https:\/\/cyclingpro.net\/velopro\/wp-content\/uploads\/2018\/08\/tourdepologne2018-stage4-itinerary.jpg\"><img loading=\"lazy\" decoding=\"async\" class=\"aligncenter size-full wp-image-84388\" src=\"https:\/\/cyclingpro.net\/velopro\/wp-content\/uploads\/2018\/08\/tourdepologne2018-stage4-itinerary.jpg\" alt=\"\" width=\"1000\" height=\"1801\" srcset=\"https:\/\/cyclingpro.net\/velopro\/wp-content\/uploads\/2018\/08\/tourdepologne2018-stage4-itinerary.jpg 569w, https:\/\/cyclingpro.net\/velopro\/wp-content\/uploads\/2018\/08\/tourdepologne2018-stage4-itinerary-167x300.jpg 167w, https:\/\/cyclingpro.net\/velopro\/wp-content\/uploads\/2018\/08\/tourdepologne2018-stage4-itinerary-768x1383.jpg 768w\" sizes=\"auto, (max-width: 1000px) 100vw, 1000px\" \/><\/a><\/p>\n<p><strong>Rappel du top10 au classement g\u00e9n\u00e9ral :<br \/>\n<\/strong>1. \u00c1lvaro Hodeg (Quick Step) en 9h25\u201927\u201d<br \/>\n2. Pascal Ackermann (Bora &#8211; Hansgrohe) \u00e0 2\u2033<br \/>\n3. Andr\u00e9 Greipel (Lotto &#8211; Soudal) \u00e0 15\u2033<br \/>\n4.\u00a0Giacomo Nizzolo (Trek &#8211; Segafredo) \u00e0 18\u2033<br \/>\n5.\u00a0Matteo Trentin (Mitchelton &#8211; Scott) m.t.<br \/>\n6. Michal Kwiatkowski (Team Sky) \u00e0 21\u2033<br \/>\n7. Mike Teunissen (Sunweb) \u00e0 22\u2033<br \/>\n8. Simone Consonni (UAE &#8211; Team Emirates) \u00e0 m.t.<br \/>\n9. Cl\u00e9ment Venturini (AG2R La Mondiale) \u00e0 m.t.<br \/>\n10. Danny van Poppel (LottoNL &#8211; Jumbo) m.t.<\/p>\n<p><em>Leader du classement par points (maillot blanc) :<\/em> \u00c1lvaro Hodeg (Quick Step) \u2013 maillot port\u00e9 par Giacomo Nizzolo (Trek &#8211; Segafredo)<br \/>\n<em>Leader du classement de la montagne (maillot magenta) :<\/em>\u00a0Michal Paluta (CCC \u2013 Sprandi \u2013 Polkowice)<br \/>\n<em>Leader du classement de la combativit\u00e9 \u2013 classement des sprints interm\u00e9diaires (maillot bleu) :<\/em>\u00a0Jenthe Biermans (Katusha \u2013 Alpecin)<br \/>\n<em>Leader du classement par \u00e9quipes :<\/em>\u00a0Trek \u2013 Segafredo<\/p>\n","protected":false},"excerpt":{"rendered":"<p>75e Tour de Pologne (2.UWT), du samedi 4 au vendredi 10 ao\u00fbt Mardi 7 ao\u00fbt : 4e \u00e9tape, Jaworzno \u203a Szczyrk, 179km Infos : Apr\u00e8s trois arriv\u00e9es successives au sprint le Tour de Pologne change de visage et entre dans sa phase d\u00e9cisive pour le classement g\u00e9n\u00e9ral avec les quatre prochaines \u00e9tapes. M\u00eame s&rsquo;il ne &hellip;<\/p>\n","protected":false},"author":4,"featured_media":33996,"comment_status":"open","ping_status":"open","sticky":false,"template":"","format":"standard","meta":{"footnotes":""},"categories":[27,17,15,133],"tags":[],"class_list":["post-84381","post","type-post","status-publish","format-standard","has-post-thumbnail","hentry","category-gros-bloc","category-une","category-route","category-tour-de-pologne"],"_links":{"self":[{"href":"https:\/\/cyclingpro.net\/velopro\/wp-json\/wp\/v2\/posts\/84381","targetHints":{"allow":["GET"]}}],"collection":[{"href":"https:\/\/cyclingpro.net\/velopro\/wp-json\/wp\/v2\/posts"}],"about":[{"href":"https:\/\/cyclingpro.net\/velopro\/wp-json\/wp\/v2\/types\/post"}],"author":[{"embeddable":true,"href":"https:\/\/cyclingpro.net\/velopro\/wp-json\/wp\/v2\/users\/4"}],"replies":[{"embeddable":true,"href":"https:\/\/cyclingpro.net\/velopro\/wp-json\/wp\/v2\/comments?post=84381"}],"version-history":[{"count":0,"href":"https:\/\/cyclingpro.net\/velopro\/wp-json\/wp\/v2\/posts\/84381\/revisions"}],"wp:featuredmedia":[{"embeddable":true,"href":"https:\/\/cyclingpro.net\/velopro\/wp-json\/wp\/v2\/media\/33996"}],"wp:attachment":[{"href":"https:\/\/cyclingpro.net\/velopro\/wp-json\/wp\/v2\/media?parent=84381"}],"wp:term":[{"taxonomy":"category","embeddable":true,"href":"https:\/\/cyclingpro.net\/velopro\/wp-json\/wp\/v2\/categories?post=84381"},{"taxonomy":"post_tag","embeddable":true,"href":"https:\/\/cyclingpro.net\/velopro\/wp-json\/wp\/v2\/tags?post=84381"}],"curies":[{"name":"wp","href":"https:\/\/api.w.org\/{rel}","templated":true}]}}