{"id":83823,"date":"2018-08-04T19:12:41","date_gmt":"2018-08-04T17:12:41","guid":{"rendered":"https:\/\/cyclingpro.net\/velopro\/?p=83823"},"modified":"2018-08-04T19:37:32","modified_gmt":"2018-08-04T17:37:32","slug":"tour-de-pologne-pascal-ackermann-domine-le-sprint-de-la-premiere-etape","status":"publish","type":"post","link":"https:\/\/cyclingpro.net\/velopro\/course\/tour-de-pologne\/tour-de-pologne-pascal-ackermann-domine-le-sprint-de-la-premiere-etape\/","title":{"rendered":"Tour de Pologne : Pascal Ackermann continue sur sa lanc\u00e9e"},"content":{"rendered":"<p style=\"text-align: justify;\"><em>Une \u00e9tape plate de 133 kilom\u00e8tres autour de Cracovie \u00e9tait au programme de la premi\u00e8re journ\u00e9e de l&rsquo;\u00e9preuve polonaise ce samedi. Le sprint massif attendu \u00e0 l&rsquo;arriv\u00e9e a bien eu lieu et a couronn\u00e9 Pascal Ackermann (Bora). Le champion d&rsquo;Allemagne portera demain le premier maillot de leader du Tour de Pologne 2018. A l&rsquo;arriv\u00e9e, il a devanc\u00e9 Alvaro Hodeg (Quick-Step) et Matteo Trentin (Mitchelton-Scott).\u00a0<\/em><\/p>\n<p style=\"text-align: justify;\">Le profil sans v\u00e9ritable relief n&rsquo;effraie pas les baroudeurs. Quatre coureurs tentent leur chance d\u00e8s le d\u00e9part r\u00e9el : Alessandro de Marchi (BMC), St\u00e9phane Rossetto (Cofidis), Michal Paluta (CCC) et Michal Podlaski (Pologne). Ils forment la premi\u00e8re \u00e9chapp\u00e9e du Tour de Pologne 2018 et prennent rapidement deux minutes d&rsquo;avance sur le peloton.<\/p>\n<p style=\"text-align: justify;\">L&rsquo;avance maximale de l&rsquo;\u00e9chapp\u00e9e est atteinte \u00e0 90 kilom\u00e8tres de l&rsquo;arriv\u00e9e : le quatuor de t\u00eate poss\u00e8de alors une marge de 3&rsquo;50\u201d sur le peloton. C&rsquo;est le moment choisi par les \u00e9quipiers de sprinteurs pour engager la poursuite. L&rsquo;\u00e9cart descend r\u00e9guli\u00e8rement et passe sous la minute \u00e0 43 kilom\u00e8tres de l&rsquo;arriv\u00e9e.<\/p>\n<p style=\"text-align: justify;\">Alors que le peloton semble en passe de reprendre les hommes de t\u00eate, St\u00e9phane Rossetto relance seul \u00e0 18 kilom\u00e8tres de l&rsquo;arriv\u00e9e. Ses anciens compagnons de fuite se rel\u00e8vent et sont repris par le peloton. Le coureur de la Cofidis poursuit son effort et rentre seul en t\u00eate sur le circuit final, \u00e0 12 kilom\u00e8tres du but. Il est finalement repris par le peloton deux kilom\u00e8tres plus tard.<\/p>\n<p style=\"text-align: justify;\">Le sprint s&rsquo;organise dans les derniers kilom\u00e8tres, la Bora \u00e9tire le peloton. Son sprinteur ne d\u00e9\u00e7oit pas et se montre le plus fort \u00e0 l&rsquo;arriv\u00e9e : Pascal Ackermann remporte la premi\u00e8re \u00e9tape du Tour de Pologne et s&#8217;empare du premier maillot de leader.\u00a0A l&rsquo;arriv\u00e9e, le champion d&rsquo;Allemagne a devanc\u00e9 Alvaro Hodeg (Quick-Step) et Matteo Trentin (Mitchelton-Scott). Il s&rsquo;agit de la troisi\u00e8me victoire cons\u00e9cutive d&rsquo;Ackermann apr\u00e8s le Championnat d&rsquo;Allemagne et la Prudential RideLondon.<\/p>\n<p><strong>Le top 10 de l&rsquo;\u00e9tape :\u00a0<\/strong><br \/>\n1. Pascal Ackermann (Bora) en 2h59&rsquo;11\u00a0\u00bb<br \/>\n2. Alvaro Hodeg (Quick-Step) \u00e0 \u00a0\u00bb<br \/>\n3. Matteo Trentin (Mitchelton-Scott) \u00e0 \u00a0\u00bb<br \/>\n4. Giacomo Nizzolo (Trek) \u00e0 \u00a0\u00bb<br \/>\n5. Danny van Poppel (LottoNL-Jumbo) \u00e0 \u00a0\u00bb<br \/>\n6. Mike Teunissen (Sunweb) \u00e0 \u00a0\u00bb<br \/>\n7. Simone Consonni (UAE) \u00e0 \u00a0\u00bb<br \/>\n8. Cl\u00e9ment Venturini (AG2R) \u00e0 \u00a0\u00bb<br \/>\n9. Maciej Paterski (Pologne) \u00e0 \u00a0\u00bb<br \/>\n10. Pawel Franczak (CCC) \u00e0 \u00a0\u00bb<\/p>\n<p><strong>Le top 10 du g\u00e9n\u00e9ral :\u00a0<\/strong><br \/>\n1. Pascal Ackermann (Bora) en 2h59&rsquo;01\u00a0\u00bb<br \/>\n2. Alvaro Hodeg (Quick-Step) \u00e0 4&Prime;<br \/>\n3. Matteo Trentin (Mitchelton-Scott) \u00e0 6&Prime;<br \/>\n4. Alessandro de Marchi (BMC) \u00e0 7&Prime;<br \/>\n5. Michal Paluta (CCC) \u00e0 8&Prime;<br \/>\n6. St\u00e9phane Rossetto (Cofidis) \u00e0 9&Prime;<br \/>\n7. Giacomo Nizzolo (Trek) \u00e0 10&Prime;<br \/>\n8. Danny van Poppel (LottoNL-Jumbo) \u00e0 \u00a0\u00bb<br \/>\n9. Mike Teunissen (Sunweb) \u00e0 \u00a0\u00bb<br \/>\n10. Simone Consonni (UAE) \u00e0 \u00ab\u00a0<\/p>\n","protected":false},"excerpt":{"rendered":"<p>Une \u00e9tape plate de 133 kilom\u00e8tres autour de Cracovie \u00e9tait au programme de la premi\u00e8re journ\u00e9e de l&rsquo;\u00e9preuve polonaise ce samedi. Le sprint massif attendu \u00e0 l&rsquo;arriv\u00e9e a bien eu lieu et a couronn\u00e9 Pascal Ackermann (Bora). Le champion d&rsquo;Allemagne portera demain le premier maillot de leader du Tour de Pologne 2018. A l&rsquo;arriv\u00e9e, il &hellip;<\/p>\n","protected":false},"author":15,"featured_media":83859,"comment_status":"open","ping_status":"open","sticky":false,"template":"","format":"standard","meta":{"footnotes":""},"categories":[17,14,15,133,19,28],"tags":[],"class_list":["post-83823","post","type-post","status-publish","format-standard","has-post-thumbnail","hentry","category-une","category-resultats","category-route","category-tour-de-pologne","category-worldtour","category-course"],"_links":{"self":[{"href":"https:\/\/cyclingpro.net\/velopro\/wp-json\/wp\/v2\/posts\/83823","targetHints":{"allow":["GET"]}}],"collection":[{"href":"https:\/\/cyclingpro.net\/velopro\/wp-json\/wp\/v2\/posts"}],"about":[{"href":"https:\/\/cyclingpro.net\/velopro\/wp-json\/wp\/v2\/types\/post"}],"author":[{"embeddable":true,"href":"https:\/\/cyclingpro.net\/velopro\/wp-json\/wp\/v2\/users\/15"}],"replies":[{"embeddable":true,"href":"https:\/\/cyclingpro.net\/velopro\/wp-json\/wp\/v2\/comments?post=83823"}],"version-history":[{"count":0,"href":"https:\/\/cyclingpro.net\/velopro\/wp-json\/wp\/v2\/posts\/83823\/revisions"}],"wp:featuredmedia":[{"embeddable":true,"href":"https:\/\/cyclingpro.net\/velopro\/wp-json\/wp\/v2\/media\/83859"}],"wp:attachment":[{"href":"https:\/\/cyclingpro.net\/velopro\/wp-json\/wp\/v2\/media?parent=83823"}],"wp:term":[{"taxonomy":"category","embeddable":true,"href":"https:\/\/cyclingpro.net\/velopro\/wp-json\/wp\/v2\/categories?post=83823"},{"taxonomy":"post_tag","embeddable":true,"href":"https:\/\/cyclingpro.net\/velopro\/wp-json\/wp\/v2\/tags?post=83823"}],"curies":[{"name":"wp","href":"https:\/\/api.w.org\/{rel}","templated":true}]}}