{"id":83815,"date":"2018-08-04T22:12:36","date_gmt":"2018-08-04T20:12:36","guid":{"rendered":"https:\/\/cyclingpro.net\/velopro\/?p=83815"},"modified":"2018-08-04T22:12:36","modified_gmt":"2018-08-04T20:12:36","slug":"clasica-san-sebastian-fracture-lombaire-pour-mikel-landa","status":"publish","type":"post","link":"https:\/\/cyclingpro.net\/velopro\/uncategorized\/clasica-san-sebastian-fracture-lombaire-pour-mikel-landa\/","title":{"rendered":"Cl\u00e1sica San Sebasti\u00e1n :  fracture lombaire pour Mikel Landa"},"content":{"rendered":"<p>Mikel Landa (Movistar) figurait parmi les coureurs les plus touch\u00e9s dans la chute massive et lourde intervenue dans les vingt derniers kilom\u00e8tres de la Cl\u00e1sica San Sebasti\u00e1n. Il n&rsquo;avait pu terminer la course et avait \u00e9t\u00e9 pris en charge par l&rsquo;ambulance.<\/p>\n<p>Les premiers tests m\u00e9dicaux ont r\u00e9v\u00e9l\u00e9 une fracture au niveau de la vert\u00e8bre lombaire L1. Mikel Landa sera \u00e0 nouveau examin\u00e9 demain pour confirmer le diagnostic et d\u00e9terminer la dur\u00e9e de son hospitalisation. Il devrait observer ensuite deux \u00e0 trois semaines de repos.<\/p>\n","protected":false},"excerpt":{"rendered":"<p>Mikel Landa (Movistar) figurait parmi les coureurs les plus touch\u00e9s dans la chute massive et lourde intervenue dans les vingt derniers kilom\u00e8tres de la Cl\u00e1sica San Sebasti\u00e1n. Il n&rsquo;avait pu terminer la course et avait \u00e9t\u00e9 pris en charge par l&rsquo;ambulance. Les premiers tests m\u00e9dicaux ont r\u00e9v\u00e9l\u00e9 une fracture au niveau de la vert\u00e8bre lombaire &hellip;<\/p>\n","protected":false},"author":7,"featured_media":62053,"comment_status":"open","ping_status":"open","sticky":false,"template":"","format":"standard","meta":{"footnotes":""},"categories":[12,144,41,15,1,19],"tags":[],"class_list":["post-83815","post","type-post","status-publish","format-standard","has-post-thumbnail","hentry","category-non-classe","category-clasica-san-sebastian","category-infirmerie","category-route","category-uncategorized","category-worldtour"],"_links":{"self":[{"href":"https:\/\/cyclingpro.net\/velopro\/wp-json\/wp\/v2\/posts\/83815","targetHints":{"allow":["GET"]}}],"collection":[{"href":"https:\/\/cyclingpro.net\/velopro\/wp-json\/wp\/v2\/posts"}],"about":[{"href":"https:\/\/cyclingpro.net\/velopro\/wp-json\/wp\/v2\/types\/post"}],"author":[{"embeddable":true,"href":"https:\/\/cyclingpro.net\/velopro\/wp-json\/wp\/v2\/users\/7"}],"replies":[{"embeddable":true,"href":"https:\/\/cyclingpro.net\/velopro\/wp-json\/wp\/v2\/comments?post=83815"}],"version-history":[{"count":0,"href":"https:\/\/cyclingpro.net\/velopro\/wp-json\/wp\/v2\/posts\/83815\/revisions"}],"wp:featuredmedia":[{"embeddable":true,"href":"https:\/\/cyclingpro.net\/velopro\/wp-json\/wp\/v2\/media\/62053"}],"wp:attachment":[{"href":"https:\/\/cyclingpro.net\/velopro\/wp-json\/wp\/v2\/media?parent=83815"}],"wp:term":[{"taxonomy":"category","embeddable":true,"href":"https:\/\/cyclingpro.net\/velopro\/wp-json\/wp\/v2\/categories?post=83815"},{"taxonomy":"post_tag","embeddable":true,"href":"https:\/\/cyclingpro.net\/velopro\/wp-json\/wp\/v2\/tags?post=83815"}],"curies":[{"name":"wp","href":"https:\/\/api.w.org\/{rel}","templated":true}]}}