{"id":83693,"date":"2018-08-04T15:40:34","date_gmt":"2018-08-04T13:40:34","guid":{"rendered":"https:\/\/cyclingpro.net\/velopro\/?p=83693"},"modified":"2018-08-04T19:22:59","modified_gmt":"2018-08-04T17:22:59","slug":"tour-de-pologne-la-premiere-etape-en-direct-commente","status":"publish","type":"post","link":"https:\/\/cyclingpro.net\/velopro\/course\/tour-de-pologne\/tour-de-pologne-la-premiere-etape-en-direct-commente\/","title":{"rendered":"Tour de Pologne : La premi\u00e8re \u00e9tape en direct comment\u00e9"},"content":{"rendered":"<p><strong>19h15 &#8211; Fin du live\u00a0<\/strong><br \/>\nMerci d&rsquo;avoir suivi ce direct comment\u00e9 : vous pouvez retrouver d\u00e8s maintenant <a href=\"https:\/\/cyclingpro.net\/velopro\/course\/tour-de-pologne\/tour-de-pologne-pascal-ackermann-domine-le-sprint-de-la-premiere-etape\/\">le r\u00e9sum\u00e9 d\u00e9taill\u00e9 de l&rsquo;\u00e9tape en cliquant ici<\/a>.<\/p>\n<p><strong>19h12 &#8211;\u00a0<\/strong><br \/>\nAlvaro Hodeg (Quick-Step) est deuxi\u00e8me. Matteo Trentin (Mitchelton-Scott) troisi\u00e8me.<\/p>\n<p><strong>19h11 &#8211; arriv\u00e9e\u00a0<\/strong><br \/>\nVictoire de Pascal Ackermann !<\/p>\n<p><strong>19h10 &#8211;\u00a0<\/strong><br \/>\nMorkov \u00e9tire le peloton&#8230;<\/p>\n<p><strong>19h09 &#8211; 1km<\/strong><br \/>\nLe peloton d\u00e9sormais emmen\u00e9 par la Quick-Step passent sous la flamme rouge.<\/p>\n<p><strong>19h09 &#8211;\u00a0<\/strong><br \/>\nLe sprint massif semble d\u00e9sormais in\u00e9vitable.<\/p>\n<p><strong>19h08 &#8211; 2 km<\/strong><br \/>\nIl s&rsquo;agissait de Silvan Dillier de l&rsquo;\u00e9quipe AG2R mais il vient d&rsquo;\u00eatre repris.<\/p>\n<p><strong>19h08 &#8211; 3km<\/strong><br \/>\nIl s&rsquo;\u00e9crase finalement et voit le peloton revenir sur lui.<\/p>\n<p><strong>19h07 &#8211;\u00a0<\/strong><br \/>\nUn coureur tente de surprendre les \u00e9quipes de sprinteurs !<\/p>\n<p><strong>19h06 &#8211; 4km<\/strong><br \/>\nDernier passage sur la ligne avant l&rsquo;arriv\u00e9e ! EF-Drapac vient en t\u00eate de peloton.<\/p>\n<p><strong>19h04 &#8211; 6km<\/strong><br \/>\nLe peloton s&rsquo;\u00e9tire sous l&rsquo;effet de l&rsquo;acc\u00e9l\u00e9ration des coureurs de la Bora.<\/p>\n<p><strong>19h03 &#8211;\u00a0<\/strong><br \/>\nPascal Ackermann (Bora) est d\u00e9j\u00e0 en troisi\u00e8me position du peloton.<\/p>\n<p><strong>19h03 &#8211; 7km<\/strong><br \/>\nLa Groupama-FDJ fait son apparition en t\u00eate de peloton.<\/p>\n<p><strong>19h01 &#8211; 8km<\/strong><br \/>\nLa Bora est \u00e9galement bien plac\u00e9e alors que les coureurs passent une deuxi\u00e8me fois sur la ligne. Encore deux tours.<\/p>\n<p><strong>19h &#8211; 9km<\/strong><br \/>\nUAE est d\u00e9sormais en t\u00eate de peloton.<\/p>\n<p><strong>18h59 &#8211; 10km<\/strong><br \/>\nRossetto est repris par le peloton emmen\u00e9 par les \u00e9quipes de sprinteurs.<\/p>\n<p><strong>18h58 &#8211; 11km<\/strong><br \/>\nL&rsquo;entr\u00e9e sur le circuit final semble fatale \u00e0 Rossetto qui voit son avance fondre \u00e0 10 secondes.<\/p>\n<p><strong>18h56 &#8211; 12km<\/strong><br \/>\nLes coureurs passent une premi\u00e8re fois sur la ligne d&rsquo;arriv\u00e9e : trois tours d&rsquo;un circuit de 4 kilom\u00e8tres vont couronner le vainqueur de la 1\u00e8re \u00e9tape.<\/p>\n<p><strong>18h56 &#8211; 13km<\/strong><br \/>\nToujours une vingtaine de secondes d&rsquo;avance pour Rossetto !<\/p>\n<p><strong>18h53 &#8211; 15km<\/strong><br \/>\nRossetto passe seul en t\u00eate sous l&rsquo;arche indiquant les 15 derniers kilom\u00e8tres. Le peloton est \u00e0 25&Prime;.<\/p>\n<p><strong>18h51 &#8211; 17km<\/strong><br \/>\nAttaque de Stephane Rossetto dans le groupe de t\u00eate.<\/p>\n<p><strong>18h49 &#8211; 19km<\/strong><br \/>\nAlessandro de Marchi est pass\u00e9 en t\u00eate du sprint interm\u00e9diaire et prend 3 secondes de bonification. Paluta prend 2 secondes, Rossetto 1 seconde.<\/p>\n<p><strong>18h46 &#8211; 21km<\/strong><br \/>\nToujours 25&Prime; d&rsquo;\u00e9cart.<\/p>\n<p><strong>18h44 &#8211; 23km<\/strong><br \/>\nLe second sprint interm\u00e9diaire du jour est situ\u00e9 juste apr\u00e8s l&rsquo;arche indiquant les 20 derniers kilom\u00e8tres. Des bonifications y seront distribu\u00e9es.<\/p>\n<p><strong>18h43 &#8211; 24km<\/strong><br \/>\n25&Prime;. L&rsquo;\u00e9chapp\u00e9e prolonge son effort mais cela semble vain.<\/p>\n<p><strong>18h41 &#8211; 25km<\/strong><br \/>\nPlus que 30&Prime; d&rsquo;avance pour les quatre hommes de t\u00eate. Le peloton est bien d\u00e9cid\u00e9 \u00e0 se disputer la victoire sur un sprint massif.<\/p>\n<p><strong>18h39 &#8211; 27km<\/strong><br \/>\n35&Prime;.<\/p>\n<p><strong>18h38 &#8211; 28km<\/strong><br \/>\nLes \u00e9quipes de sprinteurs se relaient \u00e0 l&rsquo;avant du peloton : Quick-Step, Bora, LottoNL-Jumbo et Lotto-Soudal ont chacune plac\u00e9 un coureur pour rouler.<\/p>\n<p><strong>18h33 &#8211; 32km<\/strong><br \/>\n45&Prime; d&rsquo;\u00e9cart.<\/p>\n<p><strong>18h30 &#8211; 34km<\/strong><br \/>\nMichal Paluta passe encore en t\u00eate du GPM : il portera le maillot de meilleur grimpeur demain.<\/p>\n<p><strong>18h28 &#8211; 35km<\/strong><br \/>\nLa Lotto-Soudal emm\u00e8ne toujours le peloton pour son sprinteur Andr\u00e9 Greipel.<\/p>\n<p><strong>18h27 &#8211; 36km<\/strong><br \/>\nToujours 55&Prime; d&rsquo;avance pour l&rsquo;\u00e9chapp\u00e9e.<\/p>\n<p><strong>18h25 &#8211; 38km<\/strong><br \/>\nLes quatre hommes de t\u00eate arrivent au pied de la seconde difficult\u00e9 du jour.<\/p>\n<p><strong>18h23 &#8211; 39km<\/strong><br \/>\n55&Prime; d&rsquo;\u00e9cart d\u00e9sormais.<\/p>\n<p><strong>18h20 &#8211; 41km<\/strong><br \/>\nLe peloton s&rsquo;aper\u00e7oit qu&rsquo;il revient trop fort sur l&rsquo;\u00e9chapp\u00e9e et l\u00e8ve le pied : l&rsquo;\u00e9cart remonte \u00e0 1&prime;.<\/p>\n<p><strong>18h18 &#8211; 43km<\/strong><br \/>\n45&Prime; au dernier pointage.<\/p>\n<p><strong>18h17 &#8211; 44km<\/strong><br \/>\nL&rsquo;avance de l&rsquo;\u00e9chapp\u00e9e passe sous la minute.<\/p>\n<p><strong>18h13 &#8211; 47km<\/strong><br \/>\n1&rsquo;05\u00a0\u00bb : les \u00e9quipes de sprinteurs se relaient en t\u00eate de peloton.<\/p>\n<p><strong>18h10 &#8211; 49km<\/strong><br \/>\nMoyenne en hausse apr\u00e8s deux heures de course : 41,2 km\/h.<\/p>\n<p><strong>18h09 &#8211; 50km<\/strong><br \/>\nLa Lotto-Soudal est venue s&rsquo;installer en t\u00eate de peloton.<\/p>\n<p><strong>18h07 &#8211; 51km<\/strong><br \/>\nLa tendance \u00e0 la baisse se confirme : 1&rsquo;20\u00a0\u00bb d&rsquo;\u00e9cart au dernier pointage.<\/p>\n<p><strong>18h02 &#8211; 55km<\/strong><br \/>\nPodlaski est de retour avec le groupe de t\u00eate ! Ils sont donc de nouveau quatre \u00e0 l&rsquo;avant. 1&rsquo;50\u00a0\u00bb.<\/p>\n<p><strong>17h59 &#8211;\u00a0<\/strong><br \/>\nL&rsquo;\u00e9chapp\u00e9e poursuit son chemin \u00e0 trois. Podlaski est intercal\u00e9 apr\u00e8s sa chute.<\/p>\n<p><strong>17h58 &#8211; 59km<\/strong><br \/>\nMichal Paluta passe en t\u00eate de la premi\u00e8re des deux difficult\u00e9s r\u00e9pertori\u00e9es aujourd&rsquo;hui. Il marque un point au classement de la montagne.<\/p>\n<p><strong>17h56 &#8211; 60km<\/strong><br \/>\nChute de Michal Podlaski dans l&rsquo;\u00e9chapp\u00e9e ! Il se rel\u00e8ve directement.<\/p>\n<p><strong>17h51 &#8211; 65km<\/strong><br \/>\n2&rsquo;15\u00a0\u00bb.<\/p>\n<p><strong>17h49 &#8211; 66km<\/strong><br \/>\nLa tendance \u00e0 la baisse se confirme : le peloton revient \u00e0 2&rsquo;20\u00a0\u00bb.<\/p>\n<p><strong>17h46 &#8211; 68km<\/strong><br \/>\n2&rsquo;40\u00a0\u00bb.<\/p>\n<p><strong>17h44 &#8211; 69km<\/strong><br \/>\nL&rsquo;\u00e9cart commence \u00e0 diminuer : 2&rsquo;45\u00a0\u00bb d\u00e9sormais.<\/p>\n<p><strong>17h42 &#8211; 70km<\/strong><br \/>\nSituation inchang\u00e9e : Bora et LottoNL-Jumbo se relaient en t\u00eate de peloton \u00e0 la poursuite d&rsquo;Alessandro de Marchi (BMC), St\u00e9phane Rossetto (Cofidis), Michal Paluta (CCC) et Michal Podlaski (Pologne). 3&prime; d&rsquo;\u00e9cart.<\/p>\n<p><strong>17h38 &#8211; 73km<\/strong><br \/>\nLes quatre coureurs de l&rsquo;\u00e9chapp\u00e9e passent devant la borne indiquant le km60.<\/p>\n<p><strong>17h35 &#8211; 76km<\/strong><br \/>\nLottoNL-Jumbo vient pr\u00eater main forte \u00e0 la Bora en t\u00eate de peloton. 3&prime; d&rsquo;\u00e9cart d\u00e9sormais.<\/p>\n<p><strong>17h28 &#8211;\u00a0<\/strong><br \/>\nCe sprint interm\u00e9diaire ne donnait pas de bonifications. Le second, au km114,3, distribuera en revanche 3s, 2s et 1s aux trois premiers.<\/p>\n<p><strong>17h23 &#8211;\u00a0<\/strong><br \/>\nMichal Paluta est pass\u00e9 en t\u00eate du sprint interm\u00e9diaire.<\/p>\n<p><strong>17h19 &#8211; 90km<br \/>\n<\/strong>3&rsquo;50\u00a0\u00bb au passage du premier sprint interm\u00e9diaire.<\/p>\n<p><strong>17h16 &#8211; 92km<\/strong><br \/>\nL&rsquo;\u00e9cart remonte \u00e0 3&rsquo;40\u00a0\u00bb entre la t\u00eate de course et le peloton.<\/p>\n<p><strong>17h11 &#8211; 94km<\/strong><br \/>\nLes coureurs ont parcouru 39,5 kilom\u00e8tres durant la premi\u00e8re heure de course.<\/p>\n<p><strong>16h59 &#8211; 102km<\/strong><br \/>\n3&rsquo;10\u00a0\u00bb.<\/p>\n<p><strong>16h56 &#8211; 105km<\/strong><br \/>\nC&rsquo;est principalement la Bora qui emm\u00e8ne le peloton maintenant.<\/p>\n<p><strong>16h53 &#8211; 107km<\/strong><br \/>\n3&rsquo;20\u00a0\u00bb d&rsquo;\u00e9cart d\u00e9sormais.<\/p>\n<p><strong>16h47 &#8211; 111km<\/strong><br \/>\nBora, Bahrain-Merida, Lotto-Soudal et LottoNL-Jumbo sont les formations les plus actives en t\u00eate de peloton.<\/p>\n<p><strong>16h45 &#8211; 112km<\/strong><br \/>\nTr\u00e8s l\u00e9g\u00e8re hausse de l&rsquo;\u00e9cart : 3&rsquo;37\u00a0\u00bb au dernier pointage.<\/p>\n<p><strong>16h42 &#8211; 113km<\/strong><br \/>\nLes quatre hommes de t\u00eate passent devant la borne indiquant le km20 : ils ont toujours 3&rsquo;30\u00a0\u00bb d&rsquo;avance sur le peloton.<\/p>\n<p><strong>16h36 &#8211; 116km<\/strong><br \/>\nLe peloton progresse tout en contr\u00f4le et maintient l&rsquo;\u00e9chapp\u00e9e \u00e0 3&rsquo;30\u00a0\u00bb.<\/p>\n<p><strong>16h33 &#8211; 118km<\/strong><br \/>\nLa situation est inchang\u00e9e.<\/p>\n<p><strong>16h28 &#8211; 121km<\/strong><br \/>\n3&rsquo;30\u00a0\u00bb entre la t\u00eate de course et le peloton.<\/p>\n<p><strong>16h25 &#8211;\u00a0<\/strong><br \/>\nL&rsquo;\u00e9cart est stabilis\u00e9 \u00e0 3&rsquo;20\u00a0\u00bb par le peloton.<\/p>\n<p><strong>16h21 &#8211; 126km<\/strong><br \/>\nL&rsquo;\u00e9cart est d\u00e9sormais de 3&rsquo;20\u00a0\u00bb.<\/p>\n<p><strong>16h20 &#8211;\u00a0<\/strong><br \/>\nNous avons donc la premi\u00e8re \u00e9chapp\u00e9e du Tour de Pologne 2018 :\u00a0Alessandro de Marchi (BMC), St\u00e9phane Rossetto (Cofidis), Michal Paluta (CCC) et Michal Podlaski (Pologne).<\/p>\n<p><strong>16h19 &#8211; 127km<\/strong><br \/>\nJonction en t\u00eate : Rossetto a rattrap\u00e9 l&rsquo;\u00e9chapp\u00e9e.<\/p>\n<p><strong>16h18 &#8211;\u00a0<\/strong><br \/>\nRossetto s&rsquo;est rapproch\u00e9 \u00e0 15 secondes de l&rsquo;\u00e9chapp\u00e9e.<\/p>\n<p><strong>16h18 &#8211; 128km<\/strong><br \/>\nLe peloton pointe d\u00e9j\u00e0 \u00e0 2&rsquo;20\u00a0\u00bb de la t\u00eate de course.<\/p>\n<p><strong>16h15 &#8211;\u00a0<\/strong><br \/>\nSt\u00e9phane Rossetto (Cofidis) s&rsquo;est lanc\u00e9 seul \u00e0 la poursuite du trio de t\u00eate.<\/p>\n<p><strong>16h14 &#8211; 130km<\/strong><br \/>\nLes attaquants du jour sont Alessandro de Marchi (BMC), Michal Paluta (CCC) et Michal Podlaski (Pologne).<\/p>\n<p><strong>16h13 &#8211;\u00a0<\/strong><br \/>\n3 &#8211; 196 &#8211; 214 ont creus\u00e9 un \u00e9cart.<\/p>\n<p><strong>16h13 &#8211; 131km<\/strong><br \/>\nTrois coureurs s&rsquo;\u00e9chappent.<\/p>\n<p><strong>16h11 &#8211; 133km \u00e0 parcourir<\/strong><br \/>\nIls sont 154 coureurs au d\u00e9part de cette premi\u00e8re \u00e9tape.<\/p>\n<p><strong>16h10 &#8211; D\u00e9part r\u00e9el\u00a0<\/strong><br \/>\nC&rsquo;est parti pour 133,7 kilom\u00e8tres autour de Cracovie.<\/p>\n<p><strong>16h08 &#8211;\u00a0<\/strong><br \/>\nErratum : l&rsquo;itin\u00e9raire d\u00e9fil\u00e9 est en fait long de 10,6 kilom\u00e8tres.<\/p>\n<p><strong>16h01 &#8211;\u00a0<\/strong><br \/>\nIl fait 32 degr\u00e9s, le ciel est d\u00e9gag\u00e9 : les conditions m\u00e9t\u00e9os sont bonnes pour lancer ce Tour de Pologne !<\/p>\n<p><strong>15h59 &#8211;\u00a0<\/strong><br \/>\nLe ravitaillement sera aujourd&rsquo;hui autoris\u00e9 \u00e0 partir du km15 jusqu&rsquo;\u00e0 12km de l&rsquo;arriv\u00e9e, soit le premier passage des coureurs sur la ligne.<\/p>\n<p><strong>15h57 &#8211;\u00a0<\/strong><br \/>\nLe s\u00e9lectionneur italien Davide Cassani est sur place pour suivre la course.<\/p>\n<p><strong>15h50 &#8211; D\u00e9part fictif\u00a0<\/strong><br \/>\nLes coureurs s&rsquo;\u00e9lancent pour un itin\u00e9raire d\u00e9fil\u00e9 de 9,4 kilom\u00e8tres.<\/p>\n<p><strong>15h40 &#8211; Avant course\u00a0<\/strong><br \/>\n<a href=\"https:\/\/cyclingpro.net\/velopro\/course\/tour-de-pologne\/tour-de-pologne-presentation-de-ledition-2018\/\">La pr\u00e9sentation g\u00e9n\u00e9rale de la comp\u00e9tition est \u00e0 retrouver ici<\/a>.<\/p>\n<p><strong>15h30 &#8211; Avant course\u00a0<\/strong><br \/>\nBonjour et bienvenue pour suivre la premi\u00e8re \u00e9tape du Tour de Pologne en direct comment\u00e9. D&rsquo;ici au d\u00e9part fictif pr\u00e9vu \u00e0 15h50, <a href=\"https:\/\/cyclingpro.net\/velopro\/course\/tour-de-pologne\/tour-de-pologne-demarrage-en-douceur\/\">vous pouvez retrouver la pr\u00e9sentation d\u00e9taill\u00e9e de la journ\u00e9e en cliquant ici<\/a>.<\/p>\n","protected":false},"excerpt":{"rendered":"<p>19h15 &#8211; Fin du live\u00a0 Merci d&rsquo;avoir suivi ce direct comment\u00e9 : vous pouvez retrouver d\u00e8s maintenant le r\u00e9sum\u00e9 d\u00e9taill\u00e9 de l&rsquo;\u00e9tape en cliquant ici. 19h12 &#8211;\u00a0 Alvaro Hodeg (Quick-Step) est deuxi\u00e8me. Matteo Trentin (Mitchelton-Scott) troisi\u00e8me. 19h11 &#8211; arriv\u00e9e\u00a0 Victoire de Pascal Ackermann ! 19h10 &#8211;\u00a0 Morkov \u00e9tire le peloton&#8230; 19h09 &#8211; 1km Le peloton &hellip;<\/p>\n","protected":false},"author":15,"featured_media":10295,"comment_status":"open","ping_status":"open","sticky":false,"template":"","format":"standard","meta":{"footnotes":""},"categories":[17,9,15,133,19,28],"tags":[],"class_list":["post-83693","post","type-post","status-publish","format-standard","has-post-thumbnail","hentry","category-une","category-course-en-direct","category-route","category-tour-de-pologne","category-worldtour","category-course"],"_links":{"self":[{"href":"https:\/\/cyclingpro.net\/velopro\/wp-json\/wp\/v2\/posts\/83693","targetHints":{"allow":["GET"]}}],"collection":[{"href":"https:\/\/cyclingpro.net\/velopro\/wp-json\/wp\/v2\/posts"}],"about":[{"href":"https:\/\/cyclingpro.net\/velopro\/wp-json\/wp\/v2\/types\/post"}],"author":[{"embeddable":true,"href":"https:\/\/cyclingpro.net\/velopro\/wp-json\/wp\/v2\/users\/15"}],"replies":[{"embeddable":true,"href":"https:\/\/cyclingpro.net\/velopro\/wp-json\/wp\/v2\/comments?post=83693"}],"version-history":[{"count":0,"href":"https:\/\/cyclingpro.net\/velopro\/wp-json\/wp\/v2\/posts\/83693\/revisions"}],"wp:featuredmedia":[{"embeddable":true,"href":"https:\/\/cyclingpro.net\/velopro\/wp-json\/wp\/v2\/media\/10295"}],"wp:attachment":[{"href":"https:\/\/cyclingpro.net\/velopro\/wp-json\/wp\/v2\/media?parent=83693"}],"wp:term":[{"taxonomy":"category","embeddable":true,"href":"https:\/\/cyclingpro.net\/velopro\/wp-json\/wp\/v2\/categories?post=83693"},{"taxonomy":"post_tag","embeddable":true,"href":"https:\/\/cyclingpro.net\/velopro\/wp-json\/wp\/v2\/tags?post=83693"}],"curies":[{"name":"wp","href":"https:\/\/api.w.org\/{rel}","templated":true}]}}