{"id":83625,"date":"2018-08-04T08:26:37","date_gmt":"2018-08-04T06:26:37","guid":{"rendered":"https:\/\/cyclingpro.net\/velopro\/?p=83625"},"modified":"2018-08-04T17:28:48","modified_gmt":"2018-08-04T15:28:48","slug":"tour-de-pologne-demarrage-en-douceur","status":"publish","type":"post","link":"https:\/\/cyclingpro.net\/velopro\/course\/tour-de-pologne\/tour-de-pologne-demarrage-en-douceur\/","title":{"rendered":"Tour de Pologne : D\u00e9marrage en douceur"},"content":{"rendered":"<p><strong>75e Tour de Pologne (2.UWT), du samedi 4 au vendredi 10 ao\u00fbt<br \/>\n<\/strong>Samedi 4 ao\u00fbt : 1e \u00e9tape, Cracovie \u203a Cracovie, 133.7km<\/p>\n<p><strong>Infos :<\/strong><\/p>\n<p>La premi\u00e8re \u00e9tape de ce Tour de Pologne sera quasi identique \u00e0 celle de l&rsquo;an pass\u00e9. Elle se constituera d&rsquo;une boucle d&rsquo;un peu plus de 120 kilom\u00e8tres au sud et \u00e0 l&rsquo;ouest de Cracovie puis d&rsquo;un circuit final de 4 kilom\u00e8tres \u00e0 parcourir \u00e0 3 reprises. Autant dire que les chances d&rsquo;\u00e9viter une arriv\u00e9e au sprint sont quasi nulles d&rsquo;autant que le parcours ne pr\u00e9sente quasi aucun relief. La ligne droite finale est royale avec un peu plus d&rsquo;un kilom\u00e8tre sans r\u00e9el pi\u00e8ge. L&rsquo;an pass\u00e9 Peter Sagan s&rsquo;\u00e9tait impos\u00e9. Il va falloir s&rsquo;habituer \u00e0 la sp\u00e9cificit\u00e9 de cette ann\u00e9e : des arriv\u00e9es aux alentours de 19h et plus.<\/p>\n<p><a href=\"https:\/\/cyclingpro.net\/velopro\/course\/tour-de-pologne\/tour-de-pologne-presentation-de-ledition-2018\/\">Lire \u00e9galement : Pr\u00e9sentation compl\u00e8te de l\u2019\u00e9dition 2018<\/a><\/p>\n<p><span style=\"text-decoration: underline;\">D\u00e9tails techniques :<\/span><br \/>\nD\u00e9part fictif : 15h50<br \/>\nD\u00e9part r\u00e9el : vers 16h10, apr\u00e8s un itin\u00e9raire d\u00e9fil\u00e9 de 9,4km<br \/>\nRavitaillement : km80,4 \u2013 Spytkowice<br \/>\nFinal : 3 tours d&rsquo;un circuit de 4km (3 passages sur la ligne + l&rsquo;arriv\u00e9e)<br \/>\nSuivi : La course sera \u00e0 suivre en direct comment\u00e9, d\u00e8s le d\u00e9part fictif, sur\u00a0<a href=\"http:\/\/www.velopro.fr\/\">VeloPro.fr<\/a><\/p>\n<p><span style=\"text-decoration: underline;\">Classement de la montagne :<\/span><br \/>\nkm35 \u2013 Bachowice (4e cat\u00e9gorie)<br \/>\n<em>Attribue : 1pt au premier.<br \/>\n<\/em>km71,5 \u2013 Krasz\u00f3w (4e cat\u00e9gorie)<em><br \/>\nAttribue : 1pt au premier.<br \/>\n<\/em><\/p>\n<p><span style=\"text-decoration: underline;\">Classement par points :<\/span><em><br \/>\n<\/em>Sont attribu\u00e9s : 2<em>0pts, 19pts, 18pts, 17pts, 16pts, 15pts, 14pts, 13pts, 12pts, 11pts, 10pts, 9pts, 8pts, 7pts, 6pts, 5pts, 4pts, 3pts, 2pts, 1pt\u00a0<\/em>aux vingt premiers de l\u2019\u00e9tape.<\/p>\n<p><span style=\"text-decoration: underline;\">Classement du plus combatif :<\/span><br \/>\nkm114.3 \u2013 Cracovie<br \/>\n<em>Attribue : 3pts, 2pts, 1pt aux trois premiers.<\/em><\/p>\n<p><span style=\"text-decoration: underline;\">Bonifications :<\/span><br \/>\nkm42,2 \u2013 Lanckorona<br \/>\n<em>Attribue : 3 secondes, 2 secondes et 1 seconde aux trois premiers.\u00a0<\/em><em><br \/>\n<\/em>Sont attribu\u00e9s : 10 secondes, 6 secondes et 4 secondes de bonification aux trois premiers de l\u2019\u00e9tape.<\/p>\n<p><strong>Carte et profil :<\/strong><\/p>\n<div id='gallery-1' class='gallery galleryid-83625 gallery-columns-1 gallery-size-full'><figure class='gallery-item'>\n\t\t\t<div class='gallery-icon landscape'>\n\t\t\t\t<a href='https:\/\/cyclingpro.net\/velopro\/wp-content\/uploads\/2018\/08\/tourdepologne2018-stage1-map.png'><img loading=\"lazy\" decoding=\"async\" width=\"1050\" height=\"798\" src=\"https:\/\/cyclingpro.net\/velopro\/wp-content\/uploads\/2018\/08\/tourdepologne2018-stage1-map.png\" class=\"attachment-full size-full\" alt=\"\" srcset=\"https:\/\/cyclingpro.net\/velopro\/wp-content\/uploads\/2018\/08\/tourdepologne2018-stage1-map.png 1050w, https:\/\/cyclingpro.net\/velopro\/wp-content\/uploads\/2018\/08\/tourdepologne2018-stage1-map-300x228.png 300w, https:\/\/cyclingpro.net\/velopro\/wp-content\/uploads\/2018\/08\/tourdepologne2018-stage1-map-768x584.png 768w, https:\/\/cyclingpro.net\/velopro\/wp-content\/uploads\/2018\/08\/tourdepologne2018-stage1-map-1024x778.png 1024w\" sizes=\"auto, (max-width: 1050px) 100vw, 1050px\" \/><\/a>\n\t\t\t<\/div><\/figure><figure class='gallery-item'>\n\t\t\t<div class='gallery-icon landscape'>\n\t\t\t\t<a href='https:\/\/cyclingpro.net\/velopro\/wp-content\/uploads\/2018\/08\/tourdepologne2018-stage1-profil.png'><img loading=\"lazy\" decoding=\"async\" width=\"1050\" height=\"670\" src=\"https:\/\/cyclingpro.net\/velopro\/wp-content\/uploads\/2018\/08\/tourdepologne2018-stage1-profil.png\" class=\"attachment-full size-full\" alt=\"\" srcset=\"https:\/\/cyclingpro.net\/velopro\/wp-content\/uploads\/2018\/08\/tourdepologne2018-stage1-profil.png 1050w, https:\/\/cyclingpro.net\/velopro\/wp-content\/uploads\/2018\/08\/tourdepologne2018-stage1-profil-300x191.png 300w, https:\/\/cyclingpro.net\/velopro\/wp-content\/uploads\/2018\/08\/tourdepologne2018-stage1-profil-768x490.png 768w, https:\/\/cyclingpro.net\/velopro\/wp-content\/uploads\/2018\/08\/tourdepologne2018-stage1-profil-1024x654.png 1024w\" sizes=\"auto, (max-width: 1050px) 100vw, 1050px\" \/><\/a>\n\t\t\t<\/div><\/figure><figure class='gallery-item'>\n\t\t\t<div class='gallery-icon landscape'>\n\t\t\t\t<a href='https:\/\/cyclingpro.net\/velopro\/wp-content\/uploads\/2018\/08\/tourdepologne2018-stage1-profillastkm.png'><img loading=\"lazy\" decoding=\"async\" width=\"1050\" height=\"717\" src=\"https:\/\/cyclingpro.net\/velopro\/wp-content\/uploads\/2018\/08\/tourdepologne2018-stage1-profillastkm.png\" class=\"attachment-full size-full\" alt=\"\" srcset=\"https:\/\/cyclingpro.net\/velopro\/wp-content\/uploads\/2018\/08\/tourdepologne2018-stage1-profillastkm.png 1050w, https:\/\/cyclingpro.net\/velopro\/wp-content\/uploads\/2018\/08\/tourdepologne2018-stage1-profillastkm-300x205.png 300w, https:\/\/cyclingpro.net\/velopro\/wp-content\/uploads\/2018\/08\/tourdepologne2018-stage1-profillastkm-768x525.png 768w, https:\/\/cyclingpro.net\/velopro\/wp-content\/uploads\/2018\/08\/tourdepologne2018-stage1-profillastkm-1024x700.png 1024w, https:\/\/cyclingpro.net\/velopro\/wp-content\/uploads\/2018\/08\/tourdepologne2018-stage1-profillastkm-110x75.png 110w\" sizes=\"auto, (max-width: 1050px) 100vw, 1050px\" \/><\/a>\n\t\t\t<\/div><\/figure><figure class='gallery-item'>\n\t\t\t<div class='gallery-icon portrait'>\n\t\t\t\t<a href='https:\/\/cyclingpro.net\/velopro\/wp-content\/uploads\/2018\/08\/tourdepologne2018-stage1-maplastkm.png'><img loading=\"lazy\" decoding=\"async\" width=\"720\" height=\"1024\" src=\"https:\/\/cyclingpro.net\/velopro\/wp-content\/uploads\/2018\/08\/tourdepologne2018-stage1-maplastkm.png\" class=\"attachment-full size-full\" alt=\"\" srcset=\"https:\/\/cyclingpro.net\/velopro\/wp-content\/uploads\/2018\/08\/tourdepologne2018-stage1-maplastkm.png 720w, https:\/\/cyclingpro.net\/velopro\/wp-content\/uploads\/2018\/08\/tourdepologne2018-stage1-maplastkm-211x300.png 211w, https:\/\/cyclingpro.net\/velopro\/wp-content\/uploads\/2018\/08\/tourdepologne2018-stage1-maplastkm-768x1093.png 768w\" sizes=\"auto, (max-width: 720px) 100vw, 720px\" \/><\/a>\n\t\t\t<\/div><\/figure>\n\t\t<\/div>\n\n<p><strong>Itin\u00e9raire horaire :<\/strong><\/p>\n<p><a href=\"https:\/\/cyclingpro.net\/velopro\/wp-content\/uploads\/2018\/08\/tourdepologne2018-stage1-itinerary.jpg\"><img loading=\"lazy\" decoding=\"async\" class=\"aligncenter size-full wp-image-83631\" src=\"https:\/\/cyclingpro.net\/velopro\/wp-content\/uploads\/2018\/08\/tourdepologne2018-stage1-itinerary.jpg\" alt=\"\" width=\"1000\" height=\"1848\" srcset=\"https:\/\/cyclingpro.net\/velopro\/wp-content\/uploads\/2018\/08\/tourdepologne2018-stage1-itinerary.jpg 554w, https:\/\/cyclingpro.net\/velopro\/wp-content\/uploads\/2018\/08\/tourdepologne2018-stage1-itinerary-162x300.jpg 162w, https:\/\/cyclingpro.net\/velopro\/wp-content\/uploads\/2018\/08\/tourdepologne2018-stage1-itinerary-768x1419.jpg 768w\" sizes=\"auto, (max-width: 1000px) 100vw, 1000px\" \/><\/a><\/p>\n","protected":false},"excerpt":{"rendered":"<p>75e Tour de Pologne (2.UWT), du samedi 4 au vendredi 10 ao\u00fbt Samedi 4 ao\u00fbt : 1e \u00e9tape, Cracovie \u203a Cracovie, 133.7km Infos : La premi\u00e8re \u00e9tape de ce Tour de Pologne sera quasi identique \u00e0 celle de l&rsquo;an pass\u00e9. Elle se constituera d&rsquo;une boucle d&rsquo;un peu plus de 120 kilom\u00e8tres au sud et \u00e0 &hellip;<\/p>\n","protected":false},"author":4,"featured_media":83633,"comment_status":"open","ping_status":"open","sticky":false,"template":"","format":"standard","meta":{"footnotes":""},"categories":[17,15,133],"tags":[],"class_list":["post-83625","post","type-post","status-publish","format-standard","has-post-thumbnail","hentry","category-une","category-route","category-tour-de-pologne"],"_links":{"self":[{"href":"https:\/\/cyclingpro.net\/velopro\/wp-json\/wp\/v2\/posts\/83625","targetHints":{"allow":["GET"]}}],"collection":[{"href":"https:\/\/cyclingpro.net\/velopro\/wp-json\/wp\/v2\/posts"}],"about":[{"href":"https:\/\/cyclingpro.net\/velopro\/wp-json\/wp\/v2\/types\/post"}],"author":[{"embeddable":true,"href":"https:\/\/cyclingpro.net\/velopro\/wp-json\/wp\/v2\/users\/4"}],"replies":[{"embeddable":true,"href":"https:\/\/cyclingpro.net\/velopro\/wp-json\/wp\/v2\/comments?post=83625"}],"version-history":[{"count":0,"href":"https:\/\/cyclingpro.net\/velopro\/wp-json\/wp\/v2\/posts\/83625\/revisions"}],"wp:featuredmedia":[{"embeddable":true,"href":"https:\/\/cyclingpro.net\/velopro\/wp-json\/wp\/v2\/media\/83633"}],"wp:attachment":[{"href":"https:\/\/cyclingpro.net\/velopro\/wp-json\/wp\/v2\/media?parent=83625"}],"wp:term":[{"taxonomy":"category","embeddable":true,"href":"https:\/\/cyclingpro.net\/velopro\/wp-json\/wp\/v2\/categories?post=83625"},{"taxonomy":"post_tag","embeddable":true,"href":"https:\/\/cyclingpro.net\/velopro\/wp-json\/wp\/v2\/tags?post=83625"}],"curies":[{"name":"wp","href":"https:\/\/api.w.org\/{rel}","templated":true}]}}