{"id":83554,"date":"2018-08-03T16:04:19","date_gmt":"2018-08-03T14:04:19","guid":{"rendered":"https:\/\/cyclingpro.net\/velopro\/?p=83554"},"modified":"2018-08-04T09:59:40","modified_gmt":"2018-08-04T07:59:40","slug":"tour-de-pologne-presentation-de-ledition-2018","status":"publish","type":"post","link":"https:\/\/cyclingpro.net\/velopro\/course\/tour-de-pologne\/tour-de-pologne-presentation-de-ledition-2018\/","title":{"rendered":"Tour de Pologne : Pr\u00e9sentation de l&rsquo;\u00e9dition 2018"},"content":{"rendered":"<p><strong>75e Tour de Pologne (2.UWT), du samedi 4 au vendredi 10 ao\u00fbt<\/strong><\/p>\n<p><strong>\u00c9tapes :<br \/>\n<\/strong>Samedi 4 ao\u00fbt : 1e \u00e9tape, Cracovie \u203a Cracovie, 133.7km<br \/>\nDimanche 5 ao\u00fbt : 2e \u00e9tape, Tarnowskie Gory \u203a Katowice, 156km<br \/>\nLundi 6 ao\u00fbt : 3e \u00e9tape, Stadion Slaski \u203a Zabrze, 140km<br \/>\nMardi 7 ao\u00fbt : 4e \u00e9tape, Jaworzno \u203a Szczyrk, 179km<br \/>\nMercredi 8 ao\u00fbt : 5e \u00e9tape, Kopalnia Soli \u203a Bielsko-Biala; 152km<br \/>\nJeudi 9 ao\u00fbt : 6e \u00e9tape, Zakopane \u203a Bukovina, 129km<br \/>\nVendredi 10 ao\u00fbt : 7e \u00e9tape, Bukowvina Resort \u203a Bukowina Tatrza\u0144ska, 136km<\/p>\n<p><strong>Palmar\u00e8s :<\/strong><br \/>\n2017 |\u00a0Teuns Dylan<br \/>\n2016 |\u00a0Wellens Tim<br \/>\n2015 |\u00a0Izagirre Ion<br \/>\n2014 |\u00a0Majka Rafa\u0142<br \/>\n2013 |\u00a0Weening Pieter<br \/>\n2012 |\u00a0Moser Moreno<br \/>\n2011 |\u00a0Sagan Peter<br \/>\n2010 |\u00a0Martin Daniel<br \/>\n2009 |\u00a0Ballan Alessandro<br \/>\n2008 |\u00a0Voigt Jens<\/p>\n<p style=\"text-align: justify;\"><strong>Infos :<\/strong><br \/>\nDisput\u00e9 sur sept \u00e9tapes en ligne sans contre-la-montre, le Tour de Pologne se divise cette ann\u00e9e en deux parties. La premi\u00e8re sera r\u00e9serv\u00e9e aux sprinteurs, la seconde aux concurrents qui jouent le classement g\u00e9n\u00e9ral. Les baroudeurs pourront aussi se mettre en \u00e9vidence en profitant des reliefs prononc\u00e9s \u00e0 partir de la quatri\u00e8me \u00e9tape.<\/p>\n<p style=\"text-align: justify;\">La premi\u00e8re partie contient les trois premi\u00e8res \u00e9tapes. Celles-ci ne devraient pas \u00e9chapper aux hommes rapides du peloton. Une bataille entre deux des finisseurs les plus prometteurs du peloton, Alvaro Hodeg (Quick-Step) et Pascal Ackermann (Bora), est notamment attendue. Phil Bauhaus (Sunweb), Nacer Bouhanni (Cofidis) ou encore Simone Consonni (UAE) seront l\u00e0 pour arbitrer les d\u00e9bats. A la cl\u00e9, le premier maillot jaune de l&rsquo;\u00e9preuve qui pourra donc \u00eatre conserv\u00e9 jusqu&rsquo;au d\u00e9part de la quatri\u00e8me \u00e9tape si tout se passe bien.<\/p>\n<p style=\"text-align: justify;\">En fait, la quatri\u00e8me \u00e9tape devrait \u00eatre le terrain d&rsquo;une premi\u00e8re explication entre concurrents pour le g\u00e9n\u00e9ral. Elle lancera la seconde partie de ce Tour de Pologne, qui devrait livrer une course tr\u00e8s ouverte et offensive. Il y aura peu de longues ascensions au programme, mais bien souvent des bosses explosives. La cinqui\u00e8me \u00e9tape pourrait bien voir une \u00e9chapp\u00e9e aller se jouer la gagne, tandis que les sixi\u00e8me et septi\u00e8me semblent r\u00e9serv\u00e9es pour la bataille finale des favoris.<\/p>\n<p style=\"text-align: justify;\">Vainqueur du Tour de Pologne la saison derni\u00e8re, Dylan Teuns (BMC) sera l\u00e0 pour d\u00e9fendre son titre. Dans sa qu\u00eate de doubl\u00e9, ses principaux concurrents s&rsquo;appellent Michal Kwiatkowski (Sky), Simon Yates (Mitchelton-Scott), Fabio Aru (UAE) ou encore Thibaut Pinot (Groupama-FDJ). Les trois derniers cit\u00e9s tenteront de se relancer apr\u00e8s avoir connu des d\u00e9faillances sur le Giro. Ils se pr\u00e9parent pour leur grand rendez-vous de la fin de saison : la Vuelta.<\/p>\n<p><strong>Cartes et profils :<\/strong><\/p>\n<div id='gallery-1' class='gallery galleryid-83554 gallery-columns-3 gallery-size-thumbnail'><figure class='gallery-item'>\n\t\t\t<div class='gallery-icon portrait'>\n\t\t\t\t<a href='https:\/\/cyclingpro.net\/velopro\/course\/tour-de-pologne\/tour-de-pologne-presentation-de-ledition-2018\/attachment\/e_1_1\/'><img loading=\"lazy\" decoding=\"async\" width=\"150\" height=\"150\" src=\"https:\/\/cyclingpro.net\/velopro\/wp-content\/uploads\/2018\/08\/e_1_1-150x150.jpg\" class=\"attachment-thumbnail size-thumbnail\" alt=\"\" \/><\/a>\n\t\t\t<\/div><\/figure><figure class='gallery-item'>\n\t\t\t<div class='gallery-icon landscape'>\n\t\t\t\t<a href='https:\/\/cyclingpro.net\/velopro\/course\/tour-de-pologne\/tour-de-pologne-presentation-de-ledition-2018\/attachment\/e_1_5\/'><img loading=\"lazy\" decoding=\"async\" width=\"150\" height=\"150\" src=\"https:\/\/cyclingpro.net\/velopro\/wp-content\/uploads\/2018\/08\/e_1_5-150x150.jpg\" class=\"attachment-thumbnail size-thumbnail\" alt=\"\" \/><\/a>\n\t\t\t<\/div><\/figure><figure class='gallery-item'>\n\t\t\t<div class='gallery-icon landscape'>\n\t\t\t\t<a href='https:\/\/cyclingpro.net\/velopro\/course\/tour-de-pologne\/tour-de-pologne-presentation-de-ledition-2018\/attachment\/e_2_1\/'><img loading=\"lazy\" decoding=\"async\" width=\"150\" height=\"150\" src=\"https:\/\/cyclingpro.net\/velopro\/wp-content\/uploads\/2018\/08\/e_2_1-150x150.jpg\" class=\"attachment-thumbnail size-thumbnail\" alt=\"\" srcset=\"https:\/\/cyclingpro.net\/velopro\/wp-content\/uploads\/2018\/08\/e_2_1-150x150.jpg 150w, https:\/\/cyclingpro.net\/velopro\/wp-content\/uploads\/2018\/08\/e_2_1-300x298.jpg 300w, https:\/\/cyclingpro.net\/velopro\/wp-content\/uploads\/2018\/08\/e_2_1-768x763.jpg 768w, https:\/\/cyclingpro.net\/velopro\/wp-content\/uploads\/2018\/08\/e_2_1.jpg 1000w\" sizes=\"auto, (max-width: 150px) 100vw, 150px\" \/><\/a>\n\t\t\t<\/div><\/figure><figure class='gallery-item'>\n\t\t\t<div class='gallery-icon landscape'>\n\t\t\t\t<a href='https:\/\/cyclingpro.net\/velopro\/course\/tour-de-pologne\/tour-de-pologne-presentation-de-ledition-2018\/attachment\/e_2_5\/'><img loading=\"lazy\" decoding=\"async\" width=\"150\" height=\"150\" src=\"https:\/\/cyclingpro.net\/velopro\/wp-content\/uploads\/2018\/08\/e_2_5-150x150.jpg\" class=\"attachment-thumbnail size-thumbnail\" alt=\"\" \/><\/a>\n\t\t\t<\/div><\/figure><figure class='gallery-item'>\n\t\t\t<div class='gallery-icon portrait'>\n\t\t\t\t<a href='https:\/\/cyclingpro.net\/velopro\/course\/tour-de-pologne\/tour-de-pologne-presentation-de-ledition-2018\/attachment\/e_3_1\/'><img loading=\"lazy\" decoding=\"async\" width=\"150\" height=\"150\" src=\"https:\/\/cyclingpro.net\/velopro\/wp-content\/uploads\/2018\/08\/e_3_1-150x150.jpg\" class=\"attachment-thumbnail size-thumbnail\" alt=\"\" \/><\/a>\n\t\t\t<\/div><\/figure><figure class='gallery-item'>\n\t\t\t<div class='gallery-icon landscape'>\n\t\t\t\t<a href='https:\/\/cyclingpro.net\/velopro\/course\/tour-de-pologne\/tour-de-pologne-presentation-de-ledition-2018\/attachment\/e_3_5\/'><img loading=\"lazy\" decoding=\"async\" width=\"150\" height=\"150\" src=\"https:\/\/cyclingpro.net\/velopro\/wp-content\/uploads\/2018\/08\/e_3_5-150x150.jpg\" class=\"attachment-thumbnail size-thumbnail\" alt=\"\" \/><\/a>\n\t\t\t<\/div><\/figure><figure class='gallery-item'>\n\t\t\t<div class='gallery-icon portrait'>\n\t\t\t\t<a href='https:\/\/cyclingpro.net\/velopro\/course\/tour-de-pologne\/tour-de-pologne-presentation-de-ledition-2018\/attachment\/e_4_1\/'><img loading=\"lazy\" decoding=\"async\" width=\"150\" height=\"150\" src=\"https:\/\/cyclingpro.net\/velopro\/wp-content\/uploads\/2018\/08\/e_4_1-150x150.jpg\" class=\"attachment-thumbnail size-thumbnail\" alt=\"\" \/><\/a>\n\t\t\t<\/div><\/figure><figure class='gallery-item'>\n\t\t\t<div class='gallery-icon landscape'>\n\t\t\t\t<a href='https:\/\/cyclingpro.net\/velopro\/course\/tour-de-pologne\/tour-de-pologne-presentation-de-ledition-2018\/attachment\/e_4_5\/'><img loading=\"lazy\" decoding=\"async\" width=\"150\" height=\"150\" src=\"https:\/\/cyclingpro.net\/velopro\/wp-content\/uploads\/2018\/08\/e_4_5-150x150.jpg\" class=\"attachment-thumbnail size-thumbnail\" alt=\"\" \/><\/a>\n\t\t\t<\/div><\/figure><figure class='gallery-item'>\n\t\t\t<div class='gallery-icon portrait'>\n\t\t\t\t<a href='https:\/\/cyclingpro.net\/velopro\/course\/tour-de-pologne\/tour-de-pologne-presentation-de-ledition-2018\/attachment\/e_5_1\/'><img loading=\"lazy\" decoding=\"async\" width=\"150\" height=\"150\" src=\"https:\/\/cyclingpro.net\/velopro\/wp-content\/uploads\/2018\/08\/e_5_1-150x150.jpg\" class=\"attachment-thumbnail size-thumbnail\" alt=\"\" \/><\/a>\n\t\t\t<\/div><\/figure><figure class='gallery-item'>\n\t\t\t<div class='gallery-icon landscape'>\n\t\t\t\t<a href='https:\/\/cyclingpro.net\/velopro\/course\/tour-de-pologne\/tour-de-pologne-presentation-de-ledition-2018\/attachment\/e_5_5\/'><img loading=\"lazy\" decoding=\"async\" width=\"150\" height=\"150\" src=\"https:\/\/cyclingpro.net\/velopro\/wp-content\/uploads\/2018\/08\/e_5_5-150x150.jpg\" class=\"attachment-thumbnail size-thumbnail\" alt=\"\" \/><\/a>\n\t\t\t<\/div><\/figure><figure class='gallery-item'>\n\t\t\t<div class='gallery-icon portrait'>\n\t\t\t\t<a href='https:\/\/cyclingpro.net\/velopro\/course\/tour-de-pologne\/tour-de-pologne-presentation-de-ledition-2018\/attachment\/e_6_1\/'><img loading=\"lazy\" decoding=\"async\" width=\"150\" height=\"150\" src=\"https:\/\/cyclingpro.net\/velopro\/wp-content\/uploads\/2018\/08\/e_6_1-150x150.jpg\" class=\"attachment-thumbnail size-thumbnail\" alt=\"\" \/><\/a>\n\t\t\t<\/div><\/figure><figure class='gallery-item'>\n\t\t\t<div class='gallery-icon landscape'>\n\t\t\t\t<a href='https:\/\/cyclingpro.net\/velopro\/course\/tour-de-pologne\/tour-de-pologne-presentation-de-ledition-2018\/attachment\/e_6_5\/'><img loading=\"lazy\" decoding=\"async\" width=\"150\" height=\"150\" src=\"https:\/\/cyclingpro.net\/velopro\/wp-content\/uploads\/2018\/08\/e_6_5-150x150.jpg\" class=\"attachment-thumbnail size-thumbnail\" alt=\"\" \/><\/a>\n\t\t\t<\/div><\/figure><figure class='gallery-item'>\n\t\t\t<div class='gallery-icon portrait'>\n\t\t\t\t<a href='https:\/\/cyclingpro.net\/velopro\/course\/tour-de-pologne\/tour-de-pologne-presentation-de-ledition-2018\/attachment\/e_7_1\/'><img loading=\"lazy\" decoding=\"async\" width=\"150\" height=\"150\" src=\"https:\/\/cyclingpro.net\/velopro\/wp-content\/uploads\/2018\/08\/e_7_1-150x150.jpg\" class=\"attachment-thumbnail size-thumbnail\" alt=\"\" \/><\/a>\n\t\t\t<\/div><\/figure><figure class='gallery-item'>\n\t\t\t<div class='gallery-icon landscape'>\n\t\t\t\t<a href='https:\/\/cyclingpro.net\/velopro\/course\/tour-de-pologne\/tour-de-pologne-presentation-de-ledition-2018\/attachment\/e_7_5\/'><img loading=\"lazy\" decoding=\"async\" width=\"150\" height=\"150\" src=\"https:\/\/cyclingpro.net\/velopro\/wp-content\/uploads\/2018\/08\/e_7_5-150x150.jpg\" class=\"attachment-thumbnail size-thumbnail\" alt=\"\" \/><\/a>\n\t\t\t<\/div><\/figure>\n\t\t<\/div>\n\n<p><strong>La startlist :<\/strong><\/p>\n<p><strong>BMC RACING\u00a0<\/strong><br \/>\n1 Dylan Teuns<br \/>\n2 Alberto Bettiol<br \/>\n3 Alessandro De Marchi<br \/>\n4 Rohan Dennis<br \/>\n5 Nicholas Roche<br \/>\n6 J\u00fcrgen Roelandts<br \/>\n7 Danilo Wyss<\/p>\n<p><strong>QUICK-STEP FLOORS\u00a0<\/strong><br \/>\n11 Eros Capecchi<br \/>\n12 Laurens De Plus<br \/>\n13 Dries Devenyns<br \/>\n14 Alvaro Jose Hodeg Chagui<br \/>\n15 Davide Martinelli<br \/>\n16 Michael Morkov<br \/>\n17 Fabio Sabatini<\/p>\n<p><strong>MITCHELTON \u2013 SCOTT<\/strong><br \/>\n21 Michael Albasini<br \/>\n22 Alexander Edmondson<br \/>\n23 Roman Kreuziger<br \/>\n24 Luka Mezgec<br \/>\n25 Matteo Trentin<br \/>\n26 Quintanilla Carlos Verona<br \/>\n27 Simon Yates<\/p>\n<p><strong>BORA-HANSGROHE\u00a0<\/strong><br \/>\n31 Pascal Ackermann<br \/>\n32 Cesare Benedetti<br \/>\n33 Emanuel Buchmann<br \/>\n34 Davide Formolo<br \/>\n35 Peter Kennaugh<br \/>\n36 Patrick Konrad<br \/>\n37 Michael Schwarzmann<\/p>\n<p><strong>TEAM SKY\u00a0<\/strong><br \/>\n41 Michal Golas<br \/>\n42 Sergio L. Henao Montoya<br \/>\n43 Michal Kwiatkowski<br \/>\n44 Salvatore Puccio<br \/>\n45 Pavel Sivakov<br \/>\n46 Ian Stannard<br \/>\n47 Lukasz Wisniowski<\/p>\n<p><strong>MOVISTAR TEAM\u00a0<\/strong><br \/>\n51 Jorge Arcas<br \/>\n52\u00a0Hector Carretero<br \/>\n53\u00a0Nuno Miguel Bico Alves<br \/>\n54\u00a0Richard Carapaz<br \/>\n55 Antonio Pedrero<br \/>\n56 Dayer Quintana<br \/>\n57 Eduardo Sepulveda<\/p>\n<p><strong>TEAM BAHRAIN-MERIDA\u00a0<\/strong><br \/>\n61 Valerio Agnoli<br \/>\n62 Grega Bole<br \/>\n63 Nicol\u00f2 Bonifazio<br \/>\n64 Iv\u00e0n Garcia Cortina<br \/>\n65 Enrico Gasparotto<br \/>\n66 Domen Novak<br \/>\n67 Mark Padun<\/p>\n<p><strong>ASTANA PRO TEAM\u00a0<\/strong><br \/>\n71 Zhandos Bizhigitov<br \/>\n72 Yevgeniy Gidich<br \/>\n73 Serghei Cernetskii<br \/>\n74 Alexey Lutsenko<br \/>\n75 Davide Villella<br \/>\n76 Artyom Zakharov<br \/>\n77 Andrey Zeits<\/p>\n<p><strong>AG2R LA MONDIALE\u00a0<\/strong><br \/>\n81 Jan Bakelants<br \/>\n82 Cl\u00e9ment Chevrier<br \/>\n83 Mika\u00e8l Cherel<br \/>\n84 Silvan Dillier<br \/>\n85 Ben Gastauer<br \/>\n86 Nans Peters<br \/>\n87 Cl\u00e9ment Venturini<\/p>\n<p><strong>TEAM SUNWEB\u00a0\u00a0<\/strong><br \/>\n91 Phil Bauhaus<br \/>\n92 Johannes Fr\u00f6hlinger<br \/>\n93 Lennard Hofstede<br \/>\n94 Sam Oomen<br \/>\n95 Michael Storer<br \/>\n96 Mike Teunissen<br \/>\n97 Louis Vervaeke<\/p>\n<p><strong>TEAM LOTTO NL \u2013 JUMBO\u00a0<\/strong><br \/>\n101 Enrico Battaglin<br \/>\n102 George Bennett<br \/>\n103 Lars Boom<br \/>\n104 Gijs Van Hoecke<br \/>\n105 Tom Leezer<br \/>\n106 Danny Van Poppel<br \/>\n107 Floris De Tier<\/p>\n<p><strong>LOTTO \u2013 SOUDAL\u00a0<\/strong><br \/>\n111 Sander Arm\u00e9e<br \/>\n112 Lars Bak<br \/>\n113 Andr\u00e9 Greipel<br \/>\n114 Moreno Hofland<br \/>\n115 Bjorg Lambrecht<br \/>\n116 James Shaw<br \/>\n117 Harm Vanhoucke<\/p>\n<p><strong>EF \u2013 DRAPAC P\/B CANNONDALE<\/strong><br \/>\n121 Julian Cardona<br \/>\n122 Mitch Docker<br \/>\n123 Kim Magnusson<br \/>\n124 Daniel Mclay<br \/>\n125 Sacha Modolo<br \/>\n126 Daniel Moreno<br \/>\n127 Logan Owen<\/p>\n<p><strong>TREK \u2013 SEGAFREDO\u00a0<\/strong><br \/>\n131 Fumiyuki Beppu<br \/>\n132 Gianluca Brambilla<br \/>\n133 Fabio Felline<br \/>\n134 Alex Frame<br \/>\n135 Boy Van Poppel<br \/>\n136 Giacomo Nizzolo<br \/>\n137 Jarlinson Pantano<\/p>\n<p><strong>UAE TEAM EMIRATES\u00a0<\/strong><br \/>\n141 Fabio Aru<br \/>\n142 Sven Erik Bystrom<br \/>\n143 Simone Consonni<br \/>\n144 Valerio Conti<br \/>\n145 Rui Costa<br \/>\n146 Przemyslaw Niemiec<br \/>\n147 Edward Ravasi<\/p>\n<p><strong>GROUPAMA \u2013 FDJ\u00a0<\/strong><br \/>\n151 William Bonnet<br \/>\n152 Mickael Delage<br \/>\n153 Antoine Duchesne<br \/>\n154 Thibaut Pinot<br \/>\n155 Georg Preidler<br \/>\n156 Marc Sarreau<br \/>\n157 L\u00e9o Vincent<\/p>\n<p><strong>KATUSHA ALPECIN\u00a0<\/strong><br \/>\n161 Steff Cras<br \/>\n162 Maxim Belkov<br \/>\n163 Jenthe Biermans<br \/>\n164 Reto Hollenstein<br \/>\n165 Nathan Haas<br \/>\n166 Jhonatan Restrepo<br \/>\n167 Simon Spilak<\/p>\n<p><strong>DIMENSION DATA\u00a0<\/strong><br \/>\n171 Natnael Berhane<br \/>\n172 Scott Davies<br \/>\n173 Bernhard Eisel<br \/>\n174 Edvald Boasson Hagen<br \/>\n175 Lachlan Morton<br \/>\n176 Ben O\u2019connor<br \/>\n177 Jaco Venter<\/p>\n<p><strong>COFIDIS, SOLUTIONS CREDITS\u00a0\u00a0<\/strong><br \/>\n181 Nacer Bouhanni<br \/>\n182 Jesus Herrada<br \/>\n183 Mathias Le Turnier<br \/>\n184 Luis Angel Mate<br \/>\n185 Stephane Rossetto<br \/>\n186 Daniel Teklehaimanot<br \/>\n187 Bert Van Lerberghe<\/p>\n<p><strong>CCC SPRANDI POLKOWICE\u00a0\u00a0<\/strong><br \/>\n191 Michal Schlegel<br \/>\n192 Pawel Franczak<br \/>\n193 Pawel Piotr Cieslik<br \/>\n194 Kamil Michal Gradek<br \/>\n195 Lukasz Owsian<br \/>\n196 Michal Paluta<br \/>\n197 Jan Tratnik<\/p>\n<p><strong>GAZPROM-RUSVELO\u00a0<\/strong><br \/>\n201 Sergey Firsanov<br \/>\n202 Alexander Foliforov<br \/>\n203 Artem Nych<br \/>\n204 Alexander Porsev<br \/>\n205 Ivan Rovny<br \/>\n206 Evgeny Shalunov<br \/>\n207 Sergey Shilov<\/p>\n<p><strong>POLOGNE<\/strong><br \/>\n211 Karol Domagalski<br \/>\n212 Jakub Kaczmarek<br \/>\n213 Maciej Paterski<br \/>\n214 Michal Podlaski<br \/>\n215 Marek Rutkiewicz<br \/>\n216 Adam Stachowiak<br \/>\n217 Kamil Zieli\u0144ski<\/p>\n","protected":false},"excerpt":{"rendered":"<p>75e Tour de Pologne (2.UWT), du samedi 4 au vendredi 10 ao\u00fbt \u00c9tapes : Samedi 4 ao\u00fbt : 1e \u00e9tape, Cracovie \u203a Cracovie, 133.7km Dimanche 5 ao\u00fbt : 2e \u00e9tape, Tarnowskie Gory \u203a Katowice, 156km Lundi 6 ao\u00fbt : 3e \u00e9tape, Stadion Slaski \u203a Zabrze, 140km Mardi 7 ao\u00fbt : 4e \u00e9tape, Jaworzno \u203a Szczyrk, &hellip;<\/p>\n","protected":false},"author":15,"featured_media":33909,"comment_status":"open","ping_status":"open","sticky":false,"template":"","format":"standard","meta":{"footnotes":""},"categories":[27,17,24,15,133,19],"tags":[],"class_list":["post-83554","post","type-post","status-publish","format-standard","has-post-thumbnail","hentry","category-gros-bloc","category-une","category-presentation-course","category-route","category-tour-de-pologne","category-worldtour"],"_links":{"self":[{"href":"https:\/\/cyclingpro.net\/velopro\/wp-json\/wp\/v2\/posts\/83554","targetHints":{"allow":["GET"]}}],"collection":[{"href":"https:\/\/cyclingpro.net\/velopro\/wp-json\/wp\/v2\/posts"}],"about":[{"href":"https:\/\/cyclingpro.net\/velopro\/wp-json\/wp\/v2\/types\/post"}],"author":[{"embeddable":true,"href":"https:\/\/cyclingpro.net\/velopro\/wp-json\/wp\/v2\/users\/15"}],"replies":[{"embeddable":true,"href":"https:\/\/cyclingpro.net\/velopro\/wp-json\/wp\/v2\/comments?post=83554"}],"version-history":[{"count":0,"href":"https:\/\/cyclingpro.net\/velopro\/wp-json\/wp\/v2\/posts\/83554\/revisions"}],"wp:featuredmedia":[{"embeddable":true,"href":"https:\/\/cyclingpro.net\/velopro\/wp-json\/wp\/v2\/media\/33909"}],"wp:attachment":[{"href":"https:\/\/cyclingpro.net\/velopro\/wp-json\/wp\/v2\/media?parent=83554"}],"wp:term":[{"taxonomy":"category","embeddable":true,"href":"https:\/\/cyclingpro.net\/velopro\/wp-json\/wp\/v2\/categories?post=83554"},{"taxonomy":"post_tag","embeddable":true,"href":"https:\/\/cyclingpro.net\/velopro\/wp-json\/wp\/v2\/tags?post=83554"}],"curies":[{"name":"wp","href":"https:\/\/api.w.org\/{rel}","templated":true}]}}