{"id":83243,"date":"2018-07-31T20:11:52","date_gmt":"2018-07-31T18:11:52","guid":{"rendered":"https:\/\/cyclingpro.net\/velopro\/?p=83243"},"modified":"2018-07-31T20:13:10","modified_gmt":"2018-07-31T18:13:10","slug":"trek-segafredo-annonce-son-equipe-pour-la-clasica-san-sebastian-et-larrivee-de-deux-stagiaires","status":"publish","type":"post","link":"https:\/\/cyclingpro.net\/velopro\/course\/clasica-san-sebastian\/trek-segafredo-annonce-son-equipe-pour-la-clasica-san-sebastian-et-larrivee-de-deux-stagiaires\/","title":{"rendered":"Trek-Segafredo annonce son \u00e9quipe pour la Cl\u00e1sica San Sebasti\u00e1n et l&rsquo;arriv\u00e9e de deux stagiaires"},"content":{"rendered":"<p>Vainqueur en 2016, deuxi\u00e8me en 2014, troisi\u00e8me l&rsquo;an pass\u00e9, Bauke Mollema (Trek &#8211; Segafredo) ira \u00e0 la conqu\u00eate d&rsquo;une seconde couronne, ou plut\u00f4t d&rsquo;un second b\u00e9ret basque. La\u00a0Cl\u00e1sica San Sebasti\u00e1n est une course que le N\u00e9erlandais affectionne tout particuli\u00e8rement et il y m\u00e8nera l&rsquo;\u00e9quipe Trek &#8211; Segafredo, dessin\u00e9e autour de lui. Attention toutefois \u00e0 la carte Toms Skuji\u0146\u0161 qui pourrait offrir une belle solution de rechange.<\/p>\n<p><em><span style=\"text-decoration: underline;\">Composition de l&rsquo;\u00e9quipe Trek-Segafredo pour la\u00a0Cl\u00e1sica San Sebasti\u00e1n 2018 (4 ao\u00fbt) :<\/span><\/em> Bauke Mollema, Julien Bernad, Koen de Kort, Michael Gogl, Markel Irizar, Eugenio Alafaci et\u00a0Toms Skuji\u0146\u0161.<b><\/b><\/p>\n<p>En outre, Trek &#8211; Segafredo a aussi annonc\u00e9 l&rsquo;arriv\u00e9e de deux stagiaires, tous deux en provenance de l&rsquo;\u00e9quipe r\u00e9serve, dirig\u00e9e par Alberto Contador : Polartec &#8211; Kometa. Parmi les deux coureurs en question, il y a l&rsquo;Italien Matteo Moschetti, d\u00e9j\u00e0 stagiaire l&rsquo;an pass\u00e9 et qui est l&rsquo;une des \u00e9toiles de Polartec &#8211; Kometa cette ann\u00e9e, puisqu&rsquo;il a remport\u00e9 sept des huit victoires de la formation espagnole cette ann\u00e9e. Moschetti d\u00e9barque comme stagiaire mais a d&rsquo;ores et d\u00e9j\u00e0 sign\u00e9 pour les saisons 2019 et 2020 avec l&rsquo;\u00e9quipe Trek-Segafredo. Le deuxi\u00e8me stagiaire est Luxembourgeois : Michel Ries. Un talentueux grimpeur, neuvi\u00e8me du dernier Baby Giro,<\/p>\n","protected":false},"excerpt":{"rendered":"<p>Vainqueur en 2016, deuxi\u00e8me en 2014, troisi\u00e8me l&rsquo;an pass\u00e9, Bauke Mollema (Trek &#8211; Segafredo) ira \u00e0 la conqu\u00eate d&rsquo;une seconde couronne, ou plut\u00f4t d&rsquo;un second b\u00e9ret basque. La\u00a0Cl\u00e1sica San Sebasti\u00e1n est une course que le N\u00e9erlandais affectionne tout particuli\u00e8rement et il y m\u00e8nera l&rsquo;\u00e9quipe Trek &#8211; Segafredo, dessin\u00e9e autour de lui. Attention toutefois \u00e0 la &hellip;<\/p>\n","protected":false},"author":4,"featured_media":62124,"comment_status":"open","ping_status":"open","sticky":false,"template":"","format":"standard","meta":{"footnotes":""},"categories":[11,144,26,15,10],"tags":[],"class_list":["post-83243","post","type-post","status-publish","format-standard","has-post-thumbnail","hentry","category-news-niveau-2","category-clasica-san-sebastian","category-compositions","category-route","category-mercato"],"_links":{"self":[{"href":"https:\/\/cyclingpro.net\/velopro\/wp-json\/wp\/v2\/posts\/83243","targetHints":{"allow":["GET"]}}],"collection":[{"href":"https:\/\/cyclingpro.net\/velopro\/wp-json\/wp\/v2\/posts"}],"about":[{"href":"https:\/\/cyclingpro.net\/velopro\/wp-json\/wp\/v2\/types\/post"}],"author":[{"embeddable":true,"href":"https:\/\/cyclingpro.net\/velopro\/wp-json\/wp\/v2\/users\/4"}],"replies":[{"embeddable":true,"href":"https:\/\/cyclingpro.net\/velopro\/wp-json\/wp\/v2\/comments?post=83243"}],"version-history":[{"count":0,"href":"https:\/\/cyclingpro.net\/velopro\/wp-json\/wp\/v2\/posts\/83243\/revisions"}],"wp:featuredmedia":[{"embeddable":true,"href":"https:\/\/cyclingpro.net\/velopro\/wp-json\/wp\/v2\/media\/62124"}],"wp:attachment":[{"href":"https:\/\/cyclingpro.net\/velopro\/wp-json\/wp\/v2\/media?parent=83243"}],"wp:term":[{"taxonomy":"category","embeddable":true,"href":"https:\/\/cyclingpro.net\/velopro\/wp-json\/wp\/v2\/categories?post=83243"},{"taxonomy":"post_tag","embeddable":true,"href":"https:\/\/cyclingpro.net\/velopro\/wp-json\/wp\/v2\/tags?post=83243"}],"curies":[{"name":"wp","href":"https:\/\/api.w.org\/{rel}","templated":true}]}}