{"id":83154,"date":"2018-07-30T13:48:10","date_gmt":"2018-07-30T11:48:10","guid":{"rendered":"https:\/\/cyclingpro.net\/velopro\/?p=83154"},"modified":"2018-07-31T09:17:42","modified_gmt":"2018-07-31T07:17:42","slug":"alexander-kristoff-un-reve-qui-devient-realite","status":"publish","type":"post","link":"https:\/\/cyclingpro.net\/velopro\/course\/tour-de-france\/alexander-kristoff-un-reve-qui-devient-realite\/","title":{"rendered":"Alexander Kristoff : \u00ab Un r\u00eave qui devient r\u00e9alit\u00e9 \u00bb"},"content":{"rendered":"<p style=\"text-align: justify;\"><em>De toutes les arriv\u00e9es de courses par \u00e9tapes, celle sur les Champs-\u00c9lys\u00e9es est la premi\u00e8re coch\u00e9e dans l&rsquo;agenda des hommes rapides du peloton. Le Norv\u00e9gien de 31 ans n&rsquo;y avait jamais lev\u00e9 les bras ; c&rsquo;est d\u00e9sormais chose faite ce dimanche, au terme d&rsquo;un sprint qui l&rsquo;a vu devancer John Degenkolb (Trek) et Arnaud D\u00e9mare (Groupama-FDJ).\u00a0<\/em><\/p>\n<p style=\"text-align: justify;\">Alexander Kristoff (UAE) attendait depuis quatre ans. <a href=\"https:\/\/cyclingpro.net\/velopro\/course\/tour-de-france\/tour-de-france-alexander-kristoff-simpose-sur-les-champs-elysees\/\">Ce dimanche, le sprinteur norv\u00e9gien a renou\u00e9 avec le succ\u00e8s sur le Tour de France<\/a>. Il n&rsquo;y avait plus gagn\u00e9 depuis le 17 juillet 2014. Cette ann\u00e9e-l\u00e0, le Norv\u00e9gien \u00e9tait impressionnant : il avait notamment remport\u00e9 deux \u00e9tapes, et s&rsquo;\u00e9tait class\u00e9 trois fois deuxi\u00e8me, notamment \u00e0 l&rsquo;arriv\u00e9e des Champs-\u00c9lys\u00e9es. En 2018, le champion d&rsquo;Europe est sans doute un cran en-dessous mais qu&rsquo;importe, il s&rsquo;est impos\u00e9e sur la mythique avenue parisienne pour la premi\u00e8re fois de sa carri\u00e8re. \u00ab <em>Je r\u00eave de cette victoire depuis plusieurs ann\u00e9es<\/em>, expliquait-il dimanche soir sur le podium. <em>Je m&rsquo;en suis approch\u00e9 par le pass\u00e9, mais je n&rsquo;avais jamais r\u00e9ussi \u00e0 devancer les plus rapides comme Greipel, Kittel ou Cavendish. Aujourd&rsquo;hui, ils n&rsquo;\u00e9taient pas l\u00e0, ils n&rsquo;ont pas r\u00e9sist\u00e9 \u00e0 la montagne. Donc aujourd&rsquo;hui j&rsquo;\u00e9tais le plus rapide et j&rsquo;en suis tr\u00e8s heureux. C&rsquo;est un r\u00eave qui devient r\u00e9alit\u00e9.<\/em> \u00bb<\/p>\n<p style=\"text-align: justify;\">S&rsquo;il n&rsquo;avait pas gagn\u00e9 sur le Tour jusqu&rsquo;\u00e0 l&rsquo;ultime sprint, Kristoff avait tout de m\u00eame fait montre d&rsquo;une certaine r\u00e9gularit\u00e9. Le puissant Norv\u00e9gien \u00e9tait alors entr\u00e9 six fois dans le top 10 (4e, 5e, 7e, 4e, 2e, 3e). Sur les Champs-\u00c9lys\u00e9es, l&rsquo;arriv\u00e9e en faux-plat montant sur les pav\u00e9s convenait parfaitement \u00e0 ses aptitudes et il l&rsquo;a montr\u00e9. Lorsqu&rsquo;il a d\u00e9boul\u00e9 sur la gauche de la route, l&rsquo;impression de puissance \u00e9tait la meilleure et la victoire ne semblait pas pouvoir lui \u00e9chapper.\u00a0\u00ab <em>J&rsquo;\u00e9tais un peu trop \u00e0 l&rsquo;arri\u00e8re apr\u00e8s le dernier rond-point, mais j&rsquo;\u00e9tais avec Ferrari qui m&rsquo;a ramen\u00e9 \u00e0 l&rsquo;avant. L\u00e0, j&rsquo;ai vu que Trek mettait en place un train solide et j&rsquo;ai r\u00e9ussi \u00e0 prendre leurs roues<\/em>, d\u00e9crivait-il apr\u00e8s sa victoire. <em>J&rsquo;ai bien d\u00e9marr\u00e9 pour d\u00e9passer John (Degenkolb), mais il restait encore du terrain avant la ligne. Heureusement, personne n&rsquo;a \u00e9t\u00e9 capable de se rapprocher de moi dans les 20 derniers m\u00e8tres et j&rsquo;ai su que j&rsquo;avais gagn\u00e9. Je suis juste tr\u00e8s heureux d&rsquo;avoir r\u00e9ussi.<\/em> \u00bb<\/p>\n<p style=\"text-align: justify;\">Le colosse norv\u00e9gien gagne au meilleur des moments. Apr\u00e8s une courte p\u00e9riode de repos, il va pouvoir basculer en pleine confiance sur la d\u00e9fense de son titre europ\u00e9en \u00e0 Glasgow, le 12 ao\u00fbt prochain. Pour l&rsquo;occasion, les meilleurs sprinteurs du continent seront pr\u00e9sents. Kristoff y retrouvera notamment <a href=\"https:\/\/cyclingpro.net\/velopro\/news-niveau-2\/championnats-deurope-peter-sagan-sannonce-a-glasgow\/\">le maillot vert du Tour de France Peter Sagan (Bora)<\/a>.<\/p>\n","protected":false},"excerpt":{"rendered":"<p>De toutes les arriv\u00e9es de courses par \u00e9tapes, celle sur les Champs-\u00c9lys\u00e9es est la premi\u00e8re coch\u00e9e dans l&rsquo;agenda des hommes rapides du peloton. Le Norv\u00e9gien de 31 ans n&rsquo;y avait jamais lev\u00e9 les bras ; c&rsquo;est d\u00e9sormais chose faite ce dimanche, au terme d&rsquo;un sprint qui l&rsquo;a vu devancer John Degenkolb (Trek) et Arnaud D\u00e9mare &hellip;<\/p>\n","protected":false},"author":15,"featured_media":83155,"comment_status":"open","ping_status":"open","sticky":false,"template":"","format":"standard","meta":{"footnotes":""},"categories":[11,8,14,15,39,19],"tags":[],"class_list":["post-83154","post","type-post","status-publish","format-standard","has-post-thumbnail","hentry","category-news-niveau-2","category-interviews","category-resultats","category-route","category-tour-de-france","category-worldtour"],"_links":{"self":[{"href":"https:\/\/cyclingpro.net\/velopro\/wp-json\/wp\/v2\/posts\/83154","targetHints":{"allow":["GET"]}}],"collection":[{"href":"https:\/\/cyclingpro.net\/velopro\/wp-json\/wp\/v2\/posts"}],"about":[{"href":"https:\/\/cyclingpro.net\/velopro\/wp-json\/wp\/v2\/types\/post"}],"author":[{"embeddable":true,"href":"https:\/\/cyclingpro.net\/velopro\/wp-json\/wp\/v2\/users\/15"}],"replies":[{"embeddable":true,"href":"https:\/\/cyclingpro.net\/velopro\/wp-json\/wp\/v2\/comments?post=83154"}],"version-history":[{"count":0,"href":"https:\/\/cyclingpro.net\/velopro\/wp-json\/wp\/v2\/posts\/83154\/revisions"}],"wp:featuredmedia":[{"embeddable":true,"href":"https:\/\/cyclingpro.net\/velopro\/wp-json\/wp\/v2\/media\/83155"}],"wp:attachment":[{"href":"https:\/\/cyclingpro.net\/velopro\/wp-json\/wp\/v2\/media?parent=83154"}],"wp:term":[{"taxonomy":"category","embeddable":true,"href":"https:\/\/cyclingpro.net\/velopro\/wp-json\/wp\/v2\/categories?post=83154"},{"taxonomy":"post_tag","embeddable":true,"href":"https:\/\/cyclingpro.net\/velopro\/wp-json\/wp\/v2\/tags?post=83154"}],"curies":[{"name":"wp","href":"https:\/\/api.w.org\/{rel}","templated":true}]}}