{"id":82965,"date":"2018-07-29T15:11:14","date_gmt":"2018-07-29T13:11:14","guid":{"rendered":"https:\/\/cyclingpro.net\/velopro\/?p=82965"},"modified":"2018-07-29T15:35:46","modified_gmt":"2018-07-29T13:35:46","slug":"tour-de-france-clap-de-fin-pour-sylvain-chavanel","status":"publish","type":"post","link":"https:\/\/cyclingpro.net\/velopro\/course\/tour-de-france\/tour-de-france-clap-de-fin-pour-sylvain-chavanel\/","title":{"rendered":"Tour de France : Clap de fin pour Sylvain Chavanel"},"content":{"rendered":"<p style=\"text-align: justify;\"><em>Alors qu&rsquo;il dispute actuellement son 18e Tour de France, un record, le coureur de 39 ans a annonc\u00e9 ce dimanche qu&rsquo;il prendrait sa retraite \u00e0 la fin de la saison.<\/em><\/p>\n<p style=\"text-align: justify;\">Sylvain Chavanel tire sa r\u00e9v\u00e9rence. Le coureur de l&rsquo;\u00e9quipe Direct Energie a r\u00e9v\u00e9l\u00e9 en marge de la 21e et derni\u00e8re \u00e9tape du Tour qu&rsquo;il mettrait un terme \u00e0 sa carri\u00e8re \u00e0 la fin de l&rsquo;ann\u00e9e. Une page se tourne pour celui qui a remport\u00e9 trois \u00e9tapes sur le Tour et en a port\u00e9 le maillot jaune (en 2010).\u00a0\u00ab <em>Apr\u00e8s tant d&rsquo;ann\u00e9es, il est temps de penser \u00e0 sa famille, ses enfants<\/em>, a-t-il d\u00e9clar\u00e9, encore empli d&rsquo;\u00e9motions. <em>Aujourd&rsquo;hui mes enfants sont en pleine activit\u00e9 : le premier fait du cheval, le deuxi\u00e8me qui commence \u00e0 faire du v\u00e9lo. Je vais me consacrer pleinement \u00e0 eux, et les accompagner en tant que p\u00e8re.<\/em> \u00bb<\/p>\n<p style=\"text-align: justify;\">Chavanel participera \u00e0 sa derni\u00e8re course sur route au Tour de Vend\u00e9e, le 6 octobre prochain. D&rsquo;ici l\u00e0, il prendra part au Tour du Poitou-Charente, du 21 au 24 ao\u00fbt. Ensuite, il est attendu au d\u00e9part du Tour de Grande-Bretagne, d\u00e9but septembre. Avant cela, Chavanel participera au championnat de France sur piste \u00e0 Hy\u00e8res, le 11 ao\u00fbt.<\/p>\n<p style=\"text-align: justify;\">\u00ab <em>Ma d\u00e9cision est prise depuis l&rsquo;hiver dernier, mais je n&rsquo;en ai pas parl\u00e9 parce que je n&rsquo;avais pas envie qu&rsquo;on me rab\u00e2che tous les jours \u00ab\u00a0qu&rsquo;est-ce-que tu as pr\u00e9vu pour ta reconversion?\u00a0\u00bb. Il y a un temps pour tout. Je vais me reposer, r\u00e9fl\u00e9chir longuement \u00e0 mon avenir. C&rsquo;est une page qui se tourne, c&rsquo;est 20 ans d&rsquo;une vie o\u00f9 l&rsquo;on fait toujours la m\u00eame chose, un quotidien permanent&#8230; Maintenant, je vais me poser avec mon \u00e9pouse et mes enfants et r\u00e9fl\u00e9chir \u00e0 l&rsquo;avenir.<\/em> \u00bb<\/p>\n<p style=\"text-align: justify;\">Le coureur de 39 ans a aussi r\u00e9v\u00e9l\u00e9 qu&rsquo;il aimerait faire le Paris &#8211; Dakar \u00e0 l&rsquo;avenir, un de ses deux r\u00eaves d&rsquo;enfance avec une participation au Tour de France.<\/p>\n<blockquote class=\"twitter-tweet\" data-lang=\"fr\">\n<p dir=\"ltr\" lang=\"fr\">Sans regret mais avec beaucoup d \u00e9motions je vais fermer l&rsquo;histoire de ma carri\u00e8re professionnelle le 31 d\u00e9cembre 2018.Ce sport ma passion m a fait grandir,m a apport\u00e9 des \u00e9motions extraordinaires et je ferme cette page de ma vie avec fiert\u00e9. La roue tourne&#x1f60a;merci&#x1f44d;&#x1f3fb; <a href=\"https:\/\/t.co\/JwNRgxu3dM\">pic.twitter.com\/JwNRgxu3dM<\/a><\/p>\n<p>\u2014 Sylvain Chavanel (@chava_sylvain) <a href=\"https:\/\/twitter.com\/chava_sylvain\/status\/1023556045673771008?ref_src=twsrc%5Etfw\">29 juillet 2018<\/a><\/p><\/blockquote>\n<p><script async src=\"https:\/\/platform.twitter.com\/widgets.js\" charset=\"utf-8\"><\/script><\/p>\n","protected":false},"excerpt":{"rendered":"<p>Alors qu&rsquo;il dispute actuellement son 18e Tour de France, un record, le coureur de 39 ans a annonc\u00e9 ce dimanche qu&rsquo;il prendrait sa retraite \u00e0 la fin de la saison. Sylvain Chavanel tire sa r\u00e9v\u00e9rence. Le coureur de l&rsquo;\u00e9quipe Direct Energie a r\u00e9v\u00e9l\u00e9 en marge de la 21e et derni\u00e8re \u00e9tape du Tour qu&rsquo;il mettrait &hellip;<\/p>\n","protected":false},"author":15,"featured_media":82967,"comment_status":"open","ping_status":"open","sticky":false,"template":"","format":"standard","meta":{"footnotes":""},"categories":[17,25,15,39,19],"tags":[],"class_list":["post-82965","post","type-post","status-publish","format-standard","has-post-thumbnail","hentry","category-une","category-news","category-route","category-tour-de-france","category-worldtour"],"_links":{"self":[{"href":"https:\/\/cyclingpro.net\/velopro\/wp-json\/wp\/v2\/posts\/82965","targetHints":{"allow":["GET"]}}],"collection":[{"href":"https:\/\/cyclingpro.net\/velopro\/wp-json\/wp\/v2\/posts"}],"about":[{"href":"https:\/\/cyclingpro.net\/velopro\/wp-json\/wp\/v2\/types\/post"}],"author":[{"embeddable":true,"href":"https:\/\/cyclingpro.net\/velopro\/wp-json\/wp\/v2\/users\/15"}],"replies":[{"embeddable":true,"href":"https:\/\/cyclingpro.net\/velopro\/wp-json\/wp\/v2\/comments?post=82965"}],"version-history":[{"count":0,"href":"https:\/\/cyclingpro.net\/velopro\/wp-json\/wp\/v2\/posts\/82965\/revisions"}],"wp:featuredmedia":[{"embeddable":true,"href":"https:\/\/cyclingpro.net\/velopro\/wp-json\/wp\/v2\/media\/82967"}],"wp:attachment":[{"href":"https:\/\/cyclingpro.net\/velopro\/wp-json\/wp\/v2\/media?parent=82965"}],"wp:term":[{"taxonomy":"category","embeddable":true,"href":"https:\/\/cyclingpro.net\/velopro\/wp-json\/wp\/v2\/categories?post=82965"},{"taxonomy":"post_tag","embeddable":true,"href":"https:\/\/cyclingpro.net\/velopro\/wp-json\/wp\/v2\/tags?post=82965"}],"curies":[{"name":"wp","href":"https:\/\/api.w.org\/{rel}","templated":true}]}}