{"id":82957,"date":"2018-07-29T15:40:47","date_gmt":"2018-07-29T13:40:47","guid":{"rendered":"https:\/\/cyclingpro.net\/velopro\/?p=82957"},"modified":"2018-07-29T19:24:56","modified_gmt":"2018-07-29T17:24:56","slug":"tour-de-france-la-derniere-etape-en-direct-commente","status":"publish","type":"post","link":"https:\/\/cyclingpro.net\/velopro\/course\/tour-de-france\/tour-de-france-la-derniere-etape-en-direct-commente\/","title":{"rendered":"Tour de France : La derni\u00e8re \u00e9tape en direct comment\u00e9"},"content":{"rendered":"<p><strong>19h15 &#8211; fin du live\u00a0<\/strong><br \/>\nMerci de nous avoir suivis. <a href=\"https:\/\/cyclingpro.net\/velopro\/course\/tour-de-france\/tour-de-france-alexander-kristoff-simpose-sur-les-champs-elysees\/\">Vous pouvez retrouver d\u00e8s maintenant le compte-rendu de l&rsquo;\u00e9tape en cliquant ici<\/a>. Les r\u00e9actions suivront sur notre site VeloPro.fr.<\/p>\n<p><strong>19h11 &#8211;\u00a0<\/strong><br \/>\nPeter Sagan doit se contenter de la 8e place.<\/p>\n<p><strong>19h11 &#8211;\u00a0<\/strong><br \/>\nJohn Degenkolb est deuxi\u00e8me, Arnaud D\u00e9mare troisi\u00e8me.<\/p>\n<p><strong>19h10 &#8211;\u00a0<\/strong><br \/>\nVictoire d&rsquo;Alexander Kristoff !<\/p>\n<p><strong>19h10 &#8211; arriv\u00e9e<\/strong><br \/>\nLampaert va \u00eatre repris \u00e0 100m de la ligne !<\/p>\n<p><strong>19h09 &#8211; 1km<\/strong><br \/>\nOss est repris alors que Lampaert continue son effort !!<\/p>\n<p><strong>19h09 &#8211;\u00a0<\/strong><br \/>\nLampaert insiste, il a creus\u00e9 l&rsquo;\u00e9cart !<\/p>\n<p><strong>19h08 &#8211; 2km<\/strong><br \/>\nMarcato se rel\u00e8ve mais Lampaert et Oss sont partis en contre !<\/p>\n<p><strong>19h08 &#8211;\u00a0<\/strong><br \/>\nAttaque de Marcato !<\/p>\n<p><strong>19h07 &#8211; 3km<\/strong><br \/>\nTous les sprinteurs sont plac\u00e9s \u00e0 l&rsquo;avant du peloton.<\/p>\n<p><strong>19h07 &#8211;\u00a0<\/strong><br \/>\nAstana se porte aussi \u00e0 l&rsquo;avant pour Cort Nielsen.<\/p>\n<p><strong>19h06 &#8211; 4km<\/strong><br \/>\nLa Bahrain-Merida vient rouler pour Sonny Colbrelli.<\/p>\n<p><strong>19h06 &#8211;\u00a0<\/strong><br \/>\nCrevaison pour Michal Kwiatkowski.<\/p>\n<p><strong>19h05 &#8211; 5km<\/strong><br \/>\nLe sprint massif semble in\u00e9luctable d\u00e9sormais.<\/p>\n<p><strong>19h04 &#8211;\u00a0<\/strong><br \/>\nPolitt est repris ! Peloton group\u00e9 d\u00e9sormais.<\/p>\n<p><strong>19h04 &#8211; 6km<\/strong><br \/>\nPolitt longe les barri\u00e8res sur la droite de la route, mais il va \u00eatre repris.<\/p>\n<p><strong>19h03 &#8211;\u00a0<\/strong><br \/>\nSch\u00e4r, Phinney et van Kerisbulck sont repris \u00e0 leur tour.<\/p>\n<p><strong>19h03 &#8211;\u00a0<\/strong><br \/>\nGaudin et Dillier cessent leur effort : ils sont repris par le peloton.<\/p>\n<p><strong>19h03 &#8211; 7km<\/strong><br \/>\nDernier tour de circuit !<\/p>\n<p><strong>19h02 &#8211;\u00a0<\/strong><br \/>\nPolitt attaque l&rsquo;\u00e9chapp\u00e9e : il va tenter d&rsquo;aller au bout en solitaire.<\/p>\n<p><strong>19h01 &#8211; 8km<\/strong><br \/>\nLa Trek se rapproche en t\u00eate de peloton pour John Degenkolb.<\/p>\n<p><strong>19h &#8211; 9km<\/strong><br \/>\nIl n&rsquo;y a plus qu&rsquo;une centaine de m\u00e8tres entre la t\u00eate de course et le peloton.<\/p>\n<p><strong>18h59 &#8211; 10km<\/strong><br \/>\nSous l&rsquo;arche des 10 derniers kilom\u00e8tres, l&rsquo;\u00e9cart n&rsquo;est plus que de dix secondes.<\/p>\n<p><strong>18h58 &#8211; 11km<\/strong><br \/>\nAlaphilippe et Ledanois sont d\u00e9j\u00e0 repris.<br \/>\nLe peloton est \u00e0 moins de quinze secondes de l&rsquo;\u00e9chapp\u00e9e.<\/p>\n<p><strong>18h57 &#8211; 12km<\/strong><br \/>\nJulian Alaphilippe attaque le peloton ! Il est sorti avec Kevin Ledanois.<\/p>\n<p><strong>18h56 &#8211; 13km<\/strong><br \/>\nLes six hommes de t\u00eate s&rsquo;arrachent pour conserver un avantage suffisant mais la lutte tourne in\u00e9vitablement \u00e0 l&rsquo;avantage du peloton.<\/p>\n<p><strong>18h55 &#8211;\u00a0<\/strong><br \/>\nLe peloton passe sur la ligne avec 20&Prime; de retard sur les six hommes de t\u00eate.<\/p>\n<p><strong>18h54 &#8211; 14km<\/strong><br \/>\nPlus que deux tours de circuit.<br \/>\nProbl\u00e8me m\u00e9canique pour Greg van Avermaet.<\/p>\n<p><strong>18h53 &#8211; 15km<\/strong><br \/>\nLes co\u00e9quipiers d&rsquo;Alexander Kristoff ne sont pas encore venus rouler \u00e0 la poursuite de l&rsquo;\u00e9chapp\u00e9e.<\/p>\n<p><strong>18h52 &#8211;\u00a0<\/strong><br \/>\nCe sont d\u00e9sormais trois coureurs de la Cofidis qui emm\u00e8nent le peloton.<\/p>\n<p><strong>18h51 &#8211; 16km<\/strong><br \/>\nL&rsquo;avance de l&rsquo;\u00e9chapp\u00e9e diminue progressivement : 25&Prime;.<\/p>\n<p><strong>18h50 &#8211; 17km<\/strong><br \/>\n30&Prime;.<\/p>\n<p><strong>18h49 &#8211; 18km<\/strong><br \/>\nLa Cofidis a plac\u00e9 un homme pour rouler en t\u00eate de peloton.<\/p>\n<p><strong>18h48 &#8211; 19km<\/strong><br \/>\nLilian Calmejane et Arthur Vichot ferment la marche du peloton.<\/p>\n<p><strong>18h47 &#8211;\u00a0<\/strong><br \/>\nAu passage du peloton sur la ligne, l&rsquo;\u00e9cart est redescendu autour des 35&Prime;.<\/p>\n<p><strong>18h46 &#8211;\u00a0<\/strong><br \/>\nPlus que trois tours de circuit.<\/p>\n<p><strong>18h45 &#8211; 21km<\/strong><br \/>\nBora et Groupama-FDJ continuent de se relayer en t\u00eate de peloton.<\/p>\n<p><strong>18h44 &#8211; 22km<br \/>\n<\/strong>L&rsquo;\u00e9cart se stabilise entre 40 et 45 secondes.<\/p>\n<p><strong>18h42 &#8211; 24km<\/strong><br \/>\nTaylor Phinney a r\u00e9ussi \u00e0 revenir sur le groupe de t\u00eate !<\/p>\n<p><strong>18h41 &#8211; 25km<\/strong><br \/>\nPlus que 40&Prime; d&rsquo;\u00e9cart.<\/p>\n<p><strong>18h38 &#8211; 27km<\/strong><br \/>\nIls ne sont donc plus que cinq en t\u00eate de course :\u00a0Silvan Dillier (AG2R), Damien Gaudin (Direct Energie), Michael Sch\u00e4r (BMC), Nils Politt (Katusha) et Guillaume van Keirsbulck (Wanty-Gobert)<\/p>\n<p><strong>18h37 &#8211;\u00a0<\/strong><br \/>\nA l&rsquo;avant, Phinney a un probl\u00e8me avec sa selle. Il doit s&rsquo;arr\u00eater.<\/p>\n<p><strong>18h37 &#8211; 28km<\/strong><br \/>\nPlus que quatre tours de circuit.<br \/>\nToujours 45&Prime; d&rsquo;\u00e9cart.<\/p>\n<p><strong>18h35 &#8211; 30km<\/strong><br \/>\nLa Groupama-FDJ relaye la Bora \u00e0 la poursuite de l&rsquo;\u00e9chapp\u00e9e. Pour l&rsquo;instant, l&rsquo;\u00e9cart est en l\u00e9g\u00e8re hausse : 45&Prime;.<\/p>\n<p><strong>18h33 &#8211; 31km<\/strong><br \/>\nSur la longue descente des Champs-Elys\u00e9es, la t\u00eate du peloton aper\u00e7oit les voitures qui suivent l&rsquo;\u00e9chapp\u00e9e.<\/p>\n<p><strong>18h32 &#8211; 32km<\/strong><br \/>\nLa Bora emm\u00e8ne d\u00e9sormais le peloton.<\/p>\n<p><strong>18h30 &#8211; 33km<\/strong><br \/>\n40&Prime; d&rsquo;\u00e9cart d\u00e9sormais.<\/p>\n<p><strong>18h29 &#8211; 34km<\/strong><br \/>\nPlus que cinq tours de circuit.<br \/>\n30&Prime; d&rsquo;\u00e9cart entre les six rouleurs et le peloton.<\/p>\n<p><strong>18h28 &#8211; 35km<\/strong><br \/>\nRappel de la composition de l&rsquo;\u00e9chapp\u00e9e :\u00a0Silvan Dillier (AG2R), Damien Gaudin (Direct Energie), Taylor Phinney (EF-Drapac), Michael Sch\u00e4r (BMC), Nils Politt (Katusha) et Guillaume van Keirsbulck (Wanty-Gobert).<\/p>\n<p><strong>18h25 &#8211; 37km<\/strong><br \/>\nLes six rouleurs se maintiennent en t\u00eate avec pr\u00e8s de trente secondes d&rsquo;avance d\u00e9sormais.<\/p>\n<p><strong>18h21 &#8211; 41km<\/strong><br \/>\nPlus que six tours de circuit.<br \/>\nL&rsquo;\u00e9cart peine \u00e0 d\u00e9passer les 20 secondes.<\/p>\n<p><strong>18h19 &#8211; 43km<\/strong><br \/>\n20&Prime;.<\/p>\n<p><strong>18h17 &#8211; 45km<\/strong><br \/>\nLes hommes de t\u00eate descendent les Champs-Elys\u00e9es, ils ont une vingtaine de secondes d&rsquo;avance.<br \/>\nA l&rsquo;arri\u00e8re, Bodnar a un probl\u00e8me avec sa roue arri\u00e8re.<\/p>\n<p><strong>18h14 &#8211; 46km<\/strong><br \/>\nPlus que sept tours de circuit.<\/p>\n<p><strong>18h12 &#8211; 48km<\/strong><br \/>\nNicolas Edet est sorti en contre.<br \/>\nLe groupe de t\u00eate a 15&Prime; d&rsquo;avance sur le peloton.<\/p>\n<p><strong>18h11 &#8211; 49km<\/strong><br \/>\nLe peloton est d\u00e9sormais en file indienne, la Groupama-FDJ emm\u00e8ne.<\/p>\n<p><strong>18h10 &#8211; 50km<\/strong><br \/>\nPhinney, Dillier et Gaudin ont \u00e9t\u00e9 rejoints devant par Sch\u00e4r, Politt, Van Keirsbulck.<\/p>\n<p><strong>18h09 &#8211;\u00a0<\/strong><br \/>\nProbl\u00e8me m\u00e9canique pour Pozzovivo \u00e0 l&rsquo;arri\u00e8re.<\/p>\n<p><strong>18h08 &#8211; 51km<\/strong><br \/>\nPhinney, Dillier et Gaudin sont les trois hommes de t\u00eate.<\/p>\n<p><strong>18h07 &#8211; 52km<\/strong><br \/>\nTrois coureurs se d\u00e9tachent en t\u00eate.<\/p>\n<p><strong>18h06 &#8211; 53km<\/strong><br \/>\nChavanel se rel\u00e8ve et la course va enfin pouvoir se lancer.<\/p>\n<p><strong>18h05 &#8211; 54km<\/strong><br \/>\nPremier passage sur la ligne d&rsquo;arriv\u00e9e ! Sylvain Chavanel est pass\u00e9 seul en t\u00eate.<\/p>\n<p><strong>18h02 &#8211; 57km<\/strong><br \/>\nSylvain Chavanel est seul en t\u00eate avec une vingtaine de secondes d&rsquo;avance sur un peloton conduit par la Sky.<\/p>\n<p><strong>18h01 &#8211; 58km<\/strong><br \/>\nProbl\u00e8me m\u00e9canique pour Julian Alaphilippe alors que l&rsquo;allure du peloton s&rsquo;acc\u00e9l\u00e8re enfin.<\/p>\n<p><strong>18h &#8211; 59km<\/strong><br \/>\nCa y est : Sylvain Chavanel entre en t\u00eate sur le circuit. Encore 8 tours avant de se disputer la gagne de l&rsquo;ultime \u00e9tape du Tour de France 2018.<\/p>\n<p><strong>17h59 &#8211;\u00a0<\/strong><br \/>\nLe peloton semble d\u00e9cid\u00e9 \u00e0 laisser Chavanel entrer seul sur le circuit final.<\/p>\n<p><strong>17h58 &#8211;<\/strong><br \/>\nLe rythme n&rsquo;est toujours pas soutenu. Chavanel fait ici son jubil\u00e9 en prenant quelques longueurs d&rsquo;avance.<\/p>\n<p><strong>17h57 &#8211; 60km<\/strong><br \/>\nAttaque de Sylvain Chavanel !<\/p>\n<p><strong>17h53 &#8211; 64km<\/strong><br \/>\nSylvain Chavanel \u00e9change des sourires avec le maillot jaune Geraint Thomas. Le peloton est toujours tr\u00e8s d\u00e9tendu \u00e0 l&rsquo;approche de la capitale.<\/p>\n<p><strong>17h52 &#8211; 65km<\/strong><br \/>\nUne fois entr\u00e9 dans Paris par la porte Maillot, le peloton aura quatre kilom\u00e8tres \u00e0 parcourir avant d&rsquo;arriver sur le circuit final.<\/p>\n<p><strong>17h50 &#8211; 66km<\/strong><br \/>\nLe peloton passe sur le Pont de Suresnes, il s&rsquo;approche de la capitale.<\/p>\n<p><strong>17h46 &#8211; 69km<\/strong><br \/>\nLuke Rowe emm\u00e8ne toujours le peloton \u00e0 un rythme tranquille.<\/p>\n<p><strong>17h42 &#8211; 71km<\/strong><br \/>\nLes coureurs traversent Garches. Ils feront leur entr\u00e9e dans Paris dans une petite dizaine de kilom\u00e8tres.<\/p>\n<p><strong>17h36 &#8211; 75km<\/strong><br \/>\nLe peloton fait son entr\u00e9e dans le d\u00e9partement des Hauts de Seine, \u00e0 Vaucresson.<\/p>\n<p><strong>17h34 &#8211; 77km<\/strong><br \/>\nLe train Sky est d\u00e9sormais en place en t\u00eate de peloton. Il n&rsquo;y a toujours pas d&rsquo;attaque.<\/p>\n<p><strong>17h29 &#8211; 81km<\/strong><br \/>\nChris Froome est \u00e0 l&rsquo;arri\u00e8re du peloton. Il vient tranquillement se replacer apr\u00e8s une discussion avec Christian Prudhomme.<\/p>\n<p><strong>17h24 &#8211; 83km<\/strong><br \/>\nApr\u00e8s une heure de course, le peloton a parcouru 32,3 kilom\u00e8tres.<\/p>\n<p><strong>17h18 &#8211; 88km<\/strong><br \/>\nMichal Kwiatkowski (Sky) semble s&rsquo;ennuyer et se porte \u00e0 l&rsquo;avant du peloton. Il fait mine d&rsquo;attaquer avant de se relever et de reprendre le cours de ses discussions avec son co\u00e9quipier Luke Rowe.<\/p>\n<p><strong>17h10 &#8211; 93km<\/strong><br \/>\nLes coureurs sont encore \u00e0 une trentaine de kilom\u00e8tres de la Porte Maillot, par laquelle ils entreront dans Paris.<\/p>\n<p><strong>17h06 &#8211; 96km<\/strong><br \/>\nToujours rien. L&rsquo;allure s&rsquo;est n\u00e9anmoins acc\u00e9l\u00e9r\u00e9e.<\/p>\n<p><strong>17h01 &#8211; 100km<\/strong><br \/>\nLa Sky \u00e9volue d\u00e9sormais en t\u00eate de peloton.<\/p>\n<p><strong>16h50 &#8211; 103km<\/strong><br \/>\nToujours peu, si ce n&rsquo;est pas, d&rsquo;activit\u00e9 dans le peloton.<\/p>\n<p><strong>16h42 &#8211; 107km<\/strong><br \/>\nEn discussion en t\u00eate de peloton, Sagan et Alaphilippe d\u00e9cident de marquer un arr\u00eat.<\/p>\n<p><strong>16h40 &#8211; 109km<\/strong><br \/>\nLe maillot jaune parade d\u00e9sormais \u00e0 l&rsquo;arri\u00e8re avec un drapeau du Pays de Galles.<\/p>\n<p><strong>16h34 &#8211; 111km<\/strong><br \/>\nLa coupe de champagne de Geraint Thomas est servie. Il retrouve ses co\u00e9quipiers \u00e0 l&rsquo;arri\u00e8re du peloton pour la photo.<\/p>\n<p><strong>16h32 &#8211; 112km<\/strong><br \/>\nJulian Alaphilippe est toujours \u00e0 l&rsquo;avant du peloton. Le maillot \u00e0 pois est d\u00e9sormais en grande discussion avec le maillot blanc Pierre Latour.<\/p>\n<p><strong>16h26 &#8211;\u00a0<\/strong><br \/>\nSans surprise, l&rsquo;allure est tr\u00e8s peu soutenue. Personne ne se bat pour prendre l&rsquo;\u00e9chapp\u00e9e pour l&rsquo;instant.<\/p>\n<p><strong>16h23 &#8211; 116km<\/strong><br \/>\nTout le monde a sign\u00e9 la feuille ce dimanche : ils sont donc 145 au d\u00e9part de cette 21e et derni\u00e8re \u00e9tape.<\/p>\n<p><strong>16h23 &#8211; D\u00e9part r\u00e9el\u00a0<\/strong><br \/>\nChristian Prudhomme fait signe aux coureurs ! C&rsquo;est parti pour 116 kilom\u00e8tres en direction des Champs-Elys\u00e9es.<\/p>\n<p><strong>16h19 &#8211; D\u00e9part fictif<\/strong><br \/>\nTout le monde est tr\u00e8s d\u00e9tendu. Sylvain Chavanel et Julian Alaphilippe discutent \u00e0 l&rsquo;avant du peloton.<\/p>\n<p><strong>16h15 &#8211; D\u00e9part fictif\u00a0<\/strong><br \/>\nLes coureurs s&rsquo;\u00e9lancent pour un itin\u00e9raire d\u00e9fil\u00e9 de 2,6 kilom\u00e8tres.<\/p>\n<p><strong>15h45 &#8211; Avant course\u00a0<\/strong><br \/>\nEn marge de l&rsquo;\u00e9tape, <a href=\"https:\/\/cyclingpro.net\/velopro\/course\/tour-de-france\/tour-de-france-clap-de-fin-pour-sylvain-chavanel\/\">Sylvain Chavanel a officiellement annonc\u00e9 qu&rsquo;il prendrait sa retraite \u00e0 la fin de la saison (lire ici)<\/a>. Le coureur de la Direct Energie bouclera aujourd&rsquo;hui son 18e Tour de France, un record.<\/p>\n<p><strong>15h40 &#8211; Avant course\u00a0<\/strong><br \/>\nBonjour et bienvenue pour suivre la 21e et derni\u00e8re \u00e9tape du Tour de France 2018 en direct comment\u00e9. D&rsquo;ici au d\u00e9part fictif pr\u00e9vu \u00e0 16h15, <a href=\"https:\/\/cyclingpro.net\/velopro\/wp-admin\/post.php?post=82937&amp;action=edit\">vous pouvez retrouver la pr\u00e9sentation d\u00e9taill\u00e9e du programme du jour en cliquant ici<\/a>.<\/p>\n","protected":false},"excerpt":{"rendered":"<p>19h15 &#8211; fin du live\u00a0 Merci de nous avoir suivis. Vous pouvez retrouver d\u00e8s maintenant le compte-rendu de l&rsquo;\u00e9tape en cliquant ici. Les r\u00e9actions suivront sur notre site VeloPro.fr. 19h11 &#8211;\u00a0 Peter Sagan doit se contenter de la 8e place. 19h11 &#8211;\u00a0 John Degenkolb est deuxi\u00e8me, Arnaud D\u00e9mare troisi\u00e8me. 19h10 &#8211;\u00a0 Victoire d&rsquo;Alexander Kristoff ! &hellip;<\/p>\n","protected":false},"author":15,"featured_media":10295,"comment_status":"open","ping_status":"open","sticky":false,"template":"","format":"standard","meta":{"footnotes":""},"categories":[17,9,15,39,19],"tags":[],"class_list":["post-82957","post","type-post","status-publish","format-standard","has-post-thumbnail","hentry","category-une","category-course-en-direct","category-route","category-tour-de-france","category-worldtour"],"_links":{"self":[{"href":"https:\/\/cyclingpro.net\/velopro\/wp-json\/wp\/v2\/posts\/82957","targetHints":{"allow":["GET"]}}],"collection":[{"href":"https:\/\/cyclingpro.net\/velopro\/wp-json\/wp\/v2\/posts"}],"about":[{"href":"https:\/\/cyclingpro.net\/velopro\/wp-json\/wp\/v2\/types\/post"}],"author":[{"embeddable":true,"href":"https:\/\/cyclingpro.net\/velopro\/wp-json\/wp\/v2\/users\/15"}],"replies":[{"embeddable":true,"href":"https:\/\/cyclingpro.net\/velopro\/wp-json\/wp\/v2\/comments?post=82957"}],"version-history":[{"count":0,"href":"https:\/\/cyclingpro.net\/velopro\/wp-json\/wp\/v2\/posts\/82957\/revisions"}],"wp:featuredmedia":[{"embeddable":true,"href":"https:\/\/cyclingpro.net\/velopro\/wp-json\/wp\/v2\/media\/10295"}],"wp:attachment":[{"href":"https:\/\/cyclingpro.net\/velopro\/wp-json\/wp\/v2\/media?parent=82957"}],"wp:term":[{"taxonomy":"category","embeddable":true,"href":"https:\/\/cyclingpro.net\/velopro\/wp-json\/wp\/v2\/categories?post=82957"},{"taxonomy":"post_tag","embeddable":true,"href":"https:\/\/cyclingpro.net\/velopro\/wp-json\/wp\/v2\/tags?post=82957"}],"curies":[{"name":"wp","href":"https:\/\/api.w.org\/{rel}","templated":true}]}}