{"id":82953,"date":"2018-07-29T13:01:29","date_gmt":"2018-07-29T11:01:29","guid":{"rendered":"https:\/\/cyclingpro.net\/velopro\/?p=82953"},"modified":"2018-07-29T13:01:29","modified_gmt":"2018-07-29T11:01:29","slug":"guillaume-martin-je-ne-peux-pas-tracer-un-bilan-positif-de-mon-tour","status":"publish","type":"post","link":"https:\/\/cyclingpro.net\/velopro\/course\/tour-de-france\/guillaume-martin-je-ne-peux-pas-tracer-un-bilan-positif-de-mon-tour\/","title":{"rendered":"Guillaume Martin : \u00ab Je ne peux pas tracer un bilan positif de mon Tour \u00bb\u00a0"},"content":{"rendered":"<p style=\"text-align: justify;\"><em>Le coureur fran\u00e7ais de la Wanty-Gobert visait le top15 du classement g\u00e9n\u00e9ral. Sans incident ce dimanche, il terminera son deuxi\u00e8me Tour de France \u00e0 la 21e place, 44&rsquo;18\u00a0\u00bb derri\u00e8re le maillot jaune Geraint Thomas (Sky). Guillaume Martin, 25 ans, est aussi troisi\u00e8me du classement des jeunes.<\/em><\/p>\n<p style=\"text-align: justify;\">Le grimpeur fran\u00e7ais tenait pourtant son objectif. Avant la derni\u00e8re \u00e9tape pyr\u00e9n\u00e9enne, Martin pointait \u00e0 la 15e place du g\u00e9n\u00e9ral, \u00e0 la hauteur de son objectif d&rsquo;avant course. Il a finalement craqu\u00e9 lors de la 19e \u00e9tape, conc\u00e9dant plus de 17 minutes <a href=\"https:\/\/cyclingpro.net\/velopro\/course\/tour-de-france\/tour-de-france-le-coup-de-force-de-primoz-roglic\/\">au vainqueur du jour Primoz Roglic (LottoNL-Jumbo)<\/a>. Apr\u00e8s de rapides examens, son encadrement s&rsquo;est aper\u00e7u que le grimpeur fran\u00e7ais tra\u00eenait une c\u00f4te fractur\u00e9e depuis deux semaines. \u00ab <em>Je ne me cherche pas d&rsquo;excuses, mais la fracture ne m&rsquo;a certainement pas aid\u00e9 pendant ce Tour, bien que ce ne soit clairement pas la seule raison de mes mauvaises sensations ces derniers temps<\/em>, d\u00e9clarait-il \u00e0 l&rsquo;arriv\u00e9e du chrono d&rsquo;Espelette. <em>Peut-\u00eatre que j&rsquo;ai commenc\u00e9 le Tour plus fatigu\u00e9, avec la premi\u00e8re semaine qui ne s&rsquo;est pas d\u00e9roul\u00e9e comme pr\u00e9vu en raison d&rsquo;une chute qui m&rsquo;a fait perdre beaucoup de temps.<\/em> \u00bb<\/p>\n<p style=\"text-align: justify;\">L&rsquo;an pass\u00e9, pour sa premi\u00e8re apparition sur le Tour de France, et plus g\u00e9n\u00e9ralement sur un grand tour, Guillaume Martin avait pris la 23e place du g\u00e9n\u00e9ral. Il gagne deux places par rapport \u00e0 cette tentative. Une bien maigre consolation.\u00a0\u00ab <em>Je visais le top15, donc mon objectif n&rsquo;a pas \u00e9t\u00e9 atteint<\/em>, pouvait-il regretter. <em>Je ne peux pas tracer un bilan positif de mon Tour, mais je ne veux pas me plaindre. Tout n&rsquo;\u00e9tait pas mauvais. J&rsquo;\u00e9tais capable de m&rsquo;\u00e9chapper, bien que je ne me sois pas senti tr\u00e8s bien les trois fois o\u00f9 j&rsquo;\u00e9tais \u00e0 l&rsquo;avant.<\/em> \u00bb L&rsquo;une des trois \u00e9chapp\u00e9es qu&rsquo;il a pu prendre est all\u00e9e au bout, <a href=\"https:\/\/cyclingpro.net\/velopro\/course\/tour-de-france\/julian-alaphilippe-jour-apres-jour\/\">lors de la seizi\u00e8me \u00e9tape remport\u00e9e par Julian Alaphilippe (Quick-Step)<\/a>. Martin avait alors d\u00fb se contenter d&rsquo;une\u00a0\u00ab <em>d\u00e9cente\u00a0<\/em>\u00bb douzi\u00e8me place.<\/p>\n","protected":false},"excerpt":{"rendered":"<p>Le coureur fran\u00e7ais de la Wanty-Gobert visait le top15 du classement g\u00e9n\u00e9ral. Sans incident ce dimanche, il terminera son deuxi\u00e8me Tour de France \u00e0 la 21e place, 44&rsquo;18\u00a0\u00bb derri\u00e8re le maillot jaune Geraint Thomas (Sky). Guillaume Martin, 25 ans, est aussi troisi\u00e8me du classement des jeunes. Le grimpeur fran\u00e7ais tenait pourtant son objectif. Avant la &hellip;<\/p>\n","protected":false},"author":15,"featured_media":82955,"comment_status":"open","ping_status":"open","sticky":false,"template":"","format":"standard","meta":{"footnotes":""},"categories":[11,8,15,39,19],"tags":[],"class_list":["post-82953","post","type-post","status-publish","format-standard","has-post-thumbnail","hentry","category-news-niveau-2","category-interviews","category-route","category-tour-de-france","category-worldtour"],"_links":{"self":[{"href":"https:\/\/cyclingpro.net\/velopro\/wp-json\/wp\/v2\/posts\/82953","targetHints":{"allow":["GET"]}}],"collection":[{"href":"https:\/\/cyclingpro.net\/velopro\/wp-json\/wp\/v2\/posts"}],"about":[{"href":"https:\/\/cyclingpro.net\/velopro\/wp-json\/wp\/v2\/types\/post"}],"author":[{"embeddable":true,"href":"https:\/\/cyclingpro.net\/velopro\/wp-json\/wp\/v2\/users\/15"}],"replies":[{"embeddable":true,"href":"https:\/\/cyclingpro.net\/velopro\/wp-json\/wp\/v2\/comments?post=82953"}],"version-history":[{"count":0,"href":"https:\/\/cyclingpro.net\/velopro\/wp-json\/wp\/v2\/posts\/82953\/revisions"}],"wp:featuredmedia":[{"embeddable":true,"href":"https:\/\/cyclingpro.net\/velopro\/wp-json\/wp\/v2\/media\/82955"}],"wp:attachment":[{"href":"https:\/\/cyclingpro.net\/velopro\/wp-json\/wp\/v2\/media?parent=82953"}],"wp:term":[{"taxonomy":"category","embeddable":true,"href":"https:\/\/cyclingpro.net\/velopro\/wp-json\/wp\/v2\/categories?post=82953"},{"taxonomy":"post_tag","embeddable":true,"href":"https:\/\/cyclingpro.net\/velopro\/wp-json\/wp\/v2\/tags?post=82953"}],"curies":[{"name":"wp","href":"https:\/\/api.w.org\/{rel}","templated":true}]}}