{"id":82945,"date":"2018-07-29T12:36:32","date_gmt":"2018-07-29T10:36:32","guid":{"rendered":"https:\/\/cyclingpro.net\/velopro\/?p=82945"},"modified":"2018-07-29T12:38:35","modified_gmt":"2018-07-29T10:38:35","slug":"tour-de-france-steven-kruijswijk-revient-sur-le-devant-de-la-scene","status":"publish","type":"post","link":"https:\/\/cyclingpro.net\/velopro\/course\/tour-de-france\/tour-de-france-steven-kruijswijk-revient-sur-le-devant-de-la-scene\/","title":{"rendered":"Tour de France : Steven Kruijswijk revient sur le devant de la sc\u00e8ne"},"content":{"rendered":"<p style=\"text-align: justify;\"><em>Peu attendu au d\u00e9part du Tour, le N\u00e9erlandais de 31 s&rsquo;est rappel\u00e9 aux bons souvenirs des observateurs. Apr\u00e8s trois semaines de comp\u00e9tition, et notamment un num\u00e9ro en solitaire vers l&rsquo;Alpe d&rsquo;Huez, Steven Kruijswijk pointe \u00e0 la cinqui\u00e8me place du classement g\u00e9n\u00e9ral. Une performance inattendue, qui rappelle sa forme du Giro 2016.\u00a0<\/em><\/p>\n<p style=\"text-align: justify;\">Kruijswijk a mis du temps, et il en fallait. Tout a commenc\u00e9 sur le Tour d&rsquo;Italie 2016. Le grimpeur de la LottoNL-Jumbo impressionne alors par sa r\u00e9gularit\u00e9 et se retrouve maillot rose au soir de la 14e \u00e9tape. Il le conserve pendant cinq jours, <a href=\"https:\/\/www.youtube.com\/watch?v=0iKeiSk45P8\">avant de tout perdre sur une chute dans la neige de l&rsquo;Agnel<\/a>. Le gain du classement g\u00e9n\u00e9ral lui tendait pourtant les bras. Depuis, Kruijswijk accusait le coup, ne retrouvait plus ses bonnes jambes. Sa chevauch\u00e9e sur l&rsquo;Alpe d&rsquo;Huez, si elle n&rsquo;a pas \u00e9t\u00e9 couronn\u00e9e de succ\u00e8s, lui a au moins remis les id\u00e9es en place : il fait partie des meilleurs grimpeurs du peloton.\u00a0\u00ab <em>Avant le Tour, j&rsquo;avais exprim\u00e9 l&rsquo;ambition de finir dans le top5<\/em>, se rappelait-il au soir du chrono d&rsquo;Espelette. <em>J&rsquo;ai r\u00e9ussi face aux plus grands coureurs, je suis plus que fier de moi. C&rsquo;est pour \u00e7a que je vis. C&rsquo;est aussi une confirmation que je peux toujours rivaliser. Apr\u00e8s ma chute sur le Giro 2016, je n&rsquo;avais pas vraiment su r\u00e9pondre aux attentes&#8230; Jusqu&rsquo;\u00e0 maintenant.\u00a0<\/em>\u00bb<\/p>\n<p style=\"text-align: justify;\">Plus que Kruijswijk qui termine cinqui\u00e8me du Tour de France, c&rsquo;est l&rsquo;\u00e9quipe LottoNL-Jumbo toute enti\u00e8re qui a r\u00e9ussi trois semaines au-dessus des attentes. Avec trois victoires d&rsquo;\u00e9tape et la <a href=\"https:\/\/cyclingpro.net\/velopro\/course\/tour-de-france\/tour-de-france-le-coup-de-force-de-primoz-roglic\/\">quatri\u00e8me place au g\u00e9n\u00e9ral de Primoz Roglic<\/a>, la formation n\u00e9erlandaise a montr\u00e9 qu&rsquo;elle pouvait jouer dans la cour des grands.\u00a0\u00ab <em>En tant qu&rsquo;\u00e9quipe, nous pouvons nous retourner et voir un Tour de France r\u00e9ussi<\/em>, d\u00e9clarait Kruijswijk. <em>Nous avons couru offensivement, et nous avons jou\u00e9 un r\u00f4le important dans presque toutes les \u00e9tapes. Nous avons m\u00eame offert de la r\u00e9sistance \u00e0 la Sky. Nous pouvons maintenant nous appuyer sur ces performances pour continuer \u00e0 construire notre futur.<\/em> \u00bb Une fois le Tour termin\u00e9, Kruisjwijk devrait \u00eatre rapidement revu en course. Il est notamment inscrit \u00e0 la Clasica San Sebastian, le 4 ao\u00fbt, et \u00e0 la Vuelta qu&rsquo;il devrait disputer au c\u00f4t\u00e9 de George Bennett.<\/p>\n","protected":false},"excerpt":{"rendered":"<p>Peu attendu au d\u00e9part du Tour, le N\u00e9erlandais de 31 s&rsquo;est rappel\u00e9 aux bons souvenirs des observateurs. Apr\u00e8s trois semaines de comp\u00e9tition, et notamment un num\u00e9ro en solitaire vers l&rsquo;Alpe d&rsquo;Huez, Steven Kruijswijk pointe \u00e0 la cinqui\u00e8me place du classement g\u00e9n\u00e9ral. Une performance inattendue, qui rappelle sa forme du Giro 2016.\u00a0 Kruijswijk a mis du &hellip;<\/p>\n","protected":false},"author":15,"featured_media":82946,"comment_status":"open","ping_status":"open","sticky":false,"template":"","format":"standard","meta":{"footnotes":""},"categories":[17,8,15,39,19],"tags":[],"class_list":["post-82945","post","type-post","status-publish","format-standard","has-post-thumbnail","hentry","category-une","category-interviews","category-route","category-tour-de-france","category-worldtour"],"_links":{"self":[{"href":"https:\/\/cyclingpro.net\/velopro\/wp-json\/wp\/v2\/posts\/82945","targetHints":{"allow":["GET"]}}],"collection":[{"href":"https:\/\/cyclingpro.net\/velopro\/wp-json\/wp\/v2\/posts"}],"about":[{"href":"https:\/\/cyclingpro.net\/velopro\/wp-json\/wp\/v2\/types\/post"}],"author":[{"embeddable":true,"href":"https:\/\/cyclingpro.net\/velopro\/wp-json\/wp\/v2\/users\/15"}],"replies":[{"embeddable":true,"href":"https:\/\/cyclingpro.net\/velopro\/wp-json\/wp\/v2\/comments?post=82945"}],"version-history":[{"count":0,"href":"https:\/\/cyclingpro.net\/velopro\/wp-json\/wp\/v2\/posts\/82945\/revisions"}],"wp:featuredmedia":[{"embeddable":true,"href":"https:\/\/cyclingpro.net\/velopro\/wp-json\/wp\/v2\/media\/82946"}],"wp:attachment":[{"href":"https:\/\/cyclingpro.net\/velopro\/wp-json\/wp\/v2\/media?parent=82945"}],"wp:term":[{"taxonomy":"category","embeddable":true,"href":"https:\/\/cyclingpro.net\/velopro\/wp-json\/wp\/v2\/categories?post=82945"},{"taxonomy":"post_tag","embeddable":true,"href":"https:\/\/cyclingpro.net\/velopro\/wp-json\/wp\/v2\/tags?post=82945"}],"curies":[{"name":"wp","href":"https:\/\/api.w.org\/{rel}","templated":true}]}}