{"id":82941,"date":"2018-07-29T12:01:22","date_gmt":"2018-07-29T10:01:22","guid":{"rendered":"https:\/\/cyclingpro.net\/velopro\/?p=82941"},"modified":"2018-07-29T12:01:22","modified_gmt":"2018-07-29T10:01:22","slug":"le-trident-de-leaders-de-la-movistar-deja-concentre-sur-la-vuelta","status":"publish","type":"post","link":"https:\/\/cyclingpro.net\/velopro\/course\/vuelta-a-espana-tour-espagne\/le-trident-de-leaders-de-la-movistar-deja-concentre-sur-la-vuelta\/","title":{"rendered":"Le trident de leaders de la Movistar d\u00e9j\u00e0 concentr\u00e9 sur la Vuelta"},"content":{"rendered":"<p style=\"text-align: justify;\"><em>Mikel Landa, Nairo Quintana et Alejandro Valverde n&rsquo;ont pas r\u00e9ussi \u00e0 d\u00e9jouer la domination de la Sky sur le Tour de France. Les trois leaders de la Movistar tenteront alors de se relancer en imposant leur loi sur le dernier grand tour de la saison.\u00a0<\/em><\/p>\n<p style=\"text-align: justify;\">Gagnante du classement par \u00e9quipes, la Movistar peut cependant \u00eatre d\u00e9\u00e7ue du classement individuel de ses trois leaders. Landa est le mieux plac\u00e9 d&rsquo;entre eux, avec une 7e place \u00e0 7&rsquo;37\u00a0\u00bb du maillot jaune Geraint Thomas (Sky). Quintana finit 10e \u00e0 14&rsquo;18\u00a0\u00bb, <a href=\"https:\/\/cyclingpro.net\/velopro\/course\/tour-de-france\/tour-de-france-nairo-quintana-au-panache\/\">mais a sauv\u00e9 ses trois semaines en remportant l&rsquo;\u00e9tape explosive entre Bagn\u00e8res-de-Luchon et Saint-Lary-Soulan<\/a>. Valverde doit lui se contenter de la 14e place \u00e0 pr\u00e8s de trente minutes. Un bilan finalement d\u00e9cevant compar\u00e9 aux attentes, et surtout, aux annonces comme quoi le trident de leaders allait dynamiter la course.<\/p>\n<p style=\"text-align: justify;\">Le trio aura une occasion en or de se rattraper sur le Tour d&rsquo;Espagne, du 25 ao\u00fbt au 16 septembre prochain.\u00a0\u00ab <em>Nous n&rsquo;avons peut-\u00eatre pas \u00e9t\u00e9 aussi forts que nous l&rsquo;aurions voulu, particuli\u00e8rement sur les ascensions qui devaient nous convenir, mais nous ne pouvons plus rien y faire<\/em>, conc\u00e9dait Landa. <em>Esp\u00e9rons que le parcours de la Vuelta nous permette de courir \u00e0 notre fa\u00e7on pour prendre un plus gros avantage sur nos rivaux. Notre approche de la saison a toujours \u00e9t\u00e9 d&rsquo;\u00eatre concentr\u00e9s et frais pour la fin de saison, donc j&rsquo;esp\u00e8re \u00eatre au top en Espagne le mois prochain.<\/em> \u00bb<\/p>\n<p style=\"text-align: justify;\">Comme Landa, Quintana \u00e9tait d\u00e9\u00e7u des performances globales de la Movistar sur le Tour mais appelait \u00e0 la remobilisation pour le Tour d&rsquo;Espagne. Une comp\u00e9tition qu&rsquo;il a gagn\u00e9 en 2016.\u00a0\u00ab <em>Maintenant nous devons avancer et regarder vers la Vuelta<\/em>, annon\u00e7ait le Colombien samedi soir. <em>J&rsquo;esp\u00e8re que nous pourrons bien y figurer. Nous n&rsquo;avons pas obtenu les r\u00e9sultats escompt\u00e9s sur le Tour, mais nous sommes rest\u00e9s au contact, nous n&rsquo;avons jamais cess\u00e9 de nous battre. Nous esp\u00e9rons \u00eatre en meilleure condition en ao\u00fbt et en septembre, pour obtenir un grand r\u00e9sultat sur la Vuelta.<\/em> \u00bb<\/p>\n<p style=\"text-align: justify;\">Finalement, Valverde, le dernier leader du trident et le plus exp\u00e9riment\u00e9, voulait voir le positif dans le bilan du Tour 2018.\u00a0\u00ab <em>J&rsquo;ai pris du plaisir, et j&rsquo;ai beaucoup souffert. Il y a eu beaucoup de sentiments diff\u00e9rents sur ce Tour. A la fin, nous gagnons une \u00e9tape, nous pla\u00e7ons Mikel et Nairo dans le top10, nous allons gagner le classement par \u00e9quipes&#8230; Je pense que c&rsquo;est un bon r\u00e9sultat<\/em>, d\u00e9clarait-il avant d&rsquo;expliquer ses plans pour le mois prochain. <em>Maintenant, je vais prendre un peu de repos, profiter de quelques vacances et ensuite penser \u00e0 la Vuelta.<\/em> \u00bb Plus que pour ses deux comp\u00e8res, le dernier grand tour de la saison servira d&rsquo;un tremplin \u00e0 Valverde pour arriver au top sur l&rsquo;\u00e9preuve en ligne des championnats du monde, le\u00a0 30 septembre prochain \u00e0 Innsbr\u00fcck.<\/p>\n<p>&nbsp;<\/p>\n<p>&nbsp;<\/p>\n","protected":false},"excerpt":{"rendered":"<p>Mikel Landa, Nairo Quintana et Alejandro Valverde n&rsquo;ont pas r\u00e9ussi \u00e0 d\u00e9jouer la domination de la Sky sur le Tour de France. Les trois leaders de la Movistar tenteront alors de se relancer en imposant leur loi sur le dernier grand tour de la saison.\u00a0 Gagnante du classement par \u00e9quipes, la Movistar peut cependant \u00eatre &hellip;<\/p>\n","protected":false},"author":15,"featured_media":64417,"comment_status":"open","ping_status":"open","sticky":false,"template":"","format":"standard","meta":{"footnotes":""},"categories":[17,8,15,39,59,19],"tags":[],"class_list":["post-82941","post","type-post","status-publish","format-standard","has-post-thumbnail","hentry","category-une","category-interviews","category-route","category-tour-de-france","category-vuelta-a-espana-tour-espagne","category-worldtour"],"_links":{"self":[{"href":"https:\/\/cyclingpro.net\/velopro\/wp-json\/wp\/v2\/posts\/82941","targetHints":{"allow":["GET"]}}],"collection":[{"href":"https:\/\/cyclingpro.net\/velopro\/wp-json\/wp\/v2\/posts"}],"about":[{"href":"https:\/\/cyclingpro.net\/velopro\/wp-json\/wp\/v2\/types\/post"}],"author":[{"embeddable":true,"href":"https:\/\/cyclingpro.net\/velopro\/wp-json\/wp\/v2\/users\/15"}],"replies":[{"embeddable":true,"href":"https:\/\/cyclingpro.net\/velopro\/wp-json\/wp\/v2\/comments?post=82941"}],"version-history":[{"count":0,"href":"https:\/\/cyclingpro.net\/velopro\/wp-json\/wp\/v2\/posts\/82941\/revisions"}],"wp:featuredmedia":[{"embeddable":true,"href":"https:\/\/cyclingpro.net\/velopro\/wp-json\/wp\/v2\/media\/64417"}],"wp:attachment":[{"href":"https:\/\/cyclingpro.net\/velopro\/wp-json\/wp\/v2\/media?parent=82941"}],"wp:term":[{"taxonomy":"category","embeddable":true,"href":"https:\/\/cyclingpro.net\/velopro\/wp-json\/wp\/v2\/categories?post=82941"},{"taxonomy":"post_tag","embeddable":true,"href":"https:\/\/cyclingpro.net\/velopro\/wp-json\/wp\/v2\/tags?post=82941"}],"curies":[{"name":"wp","href":"https:\/\/api.w.org\/{rel}","templated":true}]}}