{"id":82895,"date":"2018-07-28T17:56:41","date_gmt":"2018-07-28T15:56:41","guid":{"rendered":"https:\/\/cyclingpro.net\/velopro\/?p=82895"},"modified":"2018-07-28T18:03:05","modified_gmt":"2018-07-28T16:03:05","slug":"romain-bardet-finir-la-tete-haute","status":"publish","type":"post","link":"https:\/\/cyclingpro.net\/velopro\/course\/tour-de-france\/romain-bardet-finir-la-tete-haute\/","title":{"rendered":"Romain Bardet : \u00ab Finir la t\u00eate haute\u00bb"},"content":{"rendered":"<p style=\"text-align: justify;\"><em>22e du contre-la-montre disput\u00e9 ce samedi entre Saint-P\u00e9e-sur-Nivelle et Espelette, le leader fran\u00e7ais de l&rsquo;\u00e9quipe AG2R gagne une place au classement g\u00e9n\u00e9ral. A moins d&rsquo;un incident demain au fil de la derni\u00e8re \u00e9tape, il finira le Tour de France 2018 en sixi\u00e8me position.\u00a0<\/em><\/p>\n<p style=\"text-align: justify;\">Dans les rangs d&rsquo;AG2R, il ne devait pas \u00eatre nombreux \u00e0 s&rsquo;attendre \u00e0 ce que la meilleure performance de l&rsquo;\u00e9quipe vienne de Romain Bardet. S&rsquo;il en est le leader, le grimpeur de 27 ans compte parmi ses co\u00e9quipiers le double champion de France de l&rsquo;exercice chronom\u00e9tr\u00e9 Pierre Latour. C&rsquo;est pourtant bien Bardet qui signe le meilleur temps de l&rsquo;\u00e9quipe de Vincent Lavenu, \u00e0 1&rsquo;56\u00a0\u00bb du vainqueur Tom Dumoulin (Sunweb).\u00a0 \u00ab <em>C&rsquo;est pas mal. Je me suis concentr\u00e9 sur mon effort pour finir le Tour la t\u00eate haute et ne pas avoir de regrets jusqu&rsquo;\u00e0 l&rsquo;an prochain, <\/em>d\u00e9crivait-il \u00e0 l&rsquo;arriv\u00e9e<em>. C&rsquo;\u00e9tait un peu difficile apr\u00e8s le raid d&rsquo;hier, j&rsquo;ai tout de suite eu les jambes dures. Je pense que tout le monde dans le peloton \u00e9tait fatigu\u00e9 aussi, donc il fallait se battre dans la t\u00eate.<\/em> \u00bb<\/p>\n<p style=\"text-align: justify;\">Sa performance lui permet de gagner une place au g\u00e9n\u00e9ral, mais lui n&rsquo;\u00e9tait pas venu pour faire sixi\u00e8me. Il a sembl\u00e9 d\u00e9\u00e7u au moment de donner son sentiment sur la course. \u00ab <em>On s&rsquo;est battus&#8230; Plus les ann\u00e9es passent, plus les standards sont \u00e9lev\u00e9s, plus on attend de moi. Je me bats toujours autant, je fais du mieux possible avec ce qui m&rsquo;est donn\u00e9 de faire.<\/em> \u00bb<\/p>\n<p><span class=\"xauWZkb0K5jIJUSC8z2L916dcYHnvOQEpiFGRlMmrqBt4VfPTsDh\"><iframe loading=\"lazy\" title=\"Romain Bardet - interview d&#039;arriv\u00e9e - 20e \u00e9tape - Tour de France 2018\" width=\"500\" height=\"281\" src=\"https:\/\/www.youtube.com\/embed\/OIGeT3_sbfI?feature=oembed\" frameborder=\"0\" allow=\"accelerometer; autoplay; clipboard-write; encrypted-media; gyroscope; picture-in-picture; web-share\" referrerpolicy=\"strict-origin-when-cross-origin\" allowfullscreen><\/iframe><\/span><\/p>\n<p>&nbsp;<\/p>\n","protected":false},"excerpt":{"rendered":"<p>22e du contre-la-montre disput\u00e9 ce samedi entre Saint-P\u00e9e-sur-Nivelle et Espelette, le leader fran\u00e7ais de l&rsquo;\u00e9quipe AG2R gagne une place au classement g\u00e9n\u00e9ral. A moins d&rsquo;un incident demain au fil de la derni\u00e8re \u00e9tape, il finira le Tour de France 2018 en sixi\u00e8me position.\u00a0 Dans les rangs d&rsquo;AG2R, il ne devait pas \u00eatre nombreux \u00e0 s&rsquo;attendre &hellip;<\/p>\n","protected":false},"author":15,"featured_media":72469,"comment_status":"open","ping_status":"open","sticky":false,"template":"","format":"standard","meta":{"footnotes":""},"categories":[17,8,15,39,18,19],"tags":[],"class_list":["post-82895","post","type-post","status-publish","format-standard","has-post-thumbnail","hentry","category-une","category-interviews","category-route","category-tour-de-france","category-videos","category-worldtour"],"_links":{"self":[{"href":"https:\/\/cyclingpro.net\/velopro\/wp-json\/wp\/v2\/posts\/82895","targetHints":{"allow":["GET"]}}],"collection":[{"href":"https:\/\/cyclingpro.net\/velopro\/wp-json\/wp\/v2\/posts"}],"about":[{"href":"https:\/\/cyclingpro.net\/velopro\/wp-json\/wp\/v2\/types\/post"}],"author":[{"embeddable":true,"href":"https:\/\/cyclingpro.net\/velopro\/wp-json\/wp\/v2\/users\/15"}],"replies":[{"embeddable":true,"href":"https:\/\/cyclingpro.net\/velopro\/wp-json\/wp\/v2\/comments?post=82895"}],"version-history":[{"count":0,"href":"https:\/\/cyclingpro.net\/velopro\/wp-json\/wp\/v2\/posts\/82895\/revisions"}],"wp:featuredmedia":[{"embeddable":true,"href":"https:\/\/cyclingpro.net\/velopro\/wp-json\/wp\/v2\/media\/72469"}],"wp:attachment":[{"href":"https:\/\/cyclingpro.net\/velopro\/wp-json\/wp\/v2\/media?parent=82895"}],"wp:term":[{"taxonomy":"category","embeddable":true,"href":"https:\/\/cyclingpro.net\/velopro\/wp-json\/wp\/v2\/categories?post=82895"},{"taxonomy":"post_tag","embeddable":true,"href":"https:\/\/cyclingpro.net\/velopro\/wp-json\/wp\/v2\/tags?post=82895"}],"curies":[{"name":"wp","href":"https:\/\/api.w.org\/{rel}","templated":true}]}}