{"id":82606,"date":"2018-07-27T18:45:02","date_gmt":"2018-07-27T16:45:02","guid":{"rendered":"https:\/\/cyclingpro.net\/velopro\/?p=82606"},"modified":"2018-07-27T18:54:44","modified_gmt":"2018-07-27T16:54:44","slug":"tom-dumoulin-la-moto-a-clairement-aide-roglic","status":"publish","type":"post","link":"https:\/\/cyclingpro.net\/velopro\/course\/tour-de-france\/tom-dumoulin-la-moto-a-clairement-aide-roglic\/","title":{"rendered":"Tom Dumoulin : \u00ab La moto a clairement aid\u00e9 Roglic \u00bb"},"content":{"rendered":"<p style=\"text-align: justify;\"><em>Contrairement \u00e0 l&rsquo;habitude, le leader de la Sunweb est apparu assez remont\u00e9 \u00e0 l&rsquo;arriv\u00e9e de la 19e \u00e9tape ce vendredi. Dans l&rsquo;aire de Laruns, Tom Dumoulin a regrett\u00e9 la pr\u00e9sence d&rsquo;une moto juste devant Primoz Roglic (LottoNL-Jumbo) pendant l&rsquo;ultime descente. <a href=\"https:\/\/cyclingpro.net\/velopro\/course\/tour-de-france\/tour-de-france-le-coup-de-force-de-primoz-roglic\/\">Le Slov\u00e8ne s&rsquo;est impos\u00e9 en solitaire, alors que Dumoulin s&rsquo;est class\u00e9 sixi\u00e8me<\/a>, dans le m\u00eame temps que le maillot jaune Geraint Thomas (Sky). A la veille du contre-la-montre qui scellera le classement g\u00e9n\u00e9ral, le N\u00e9erlandais est deuxi\u00e8me avec 2&rsquo;05\u00a0\u00bb de retard sur Thomas et 19&Prime; d&rsquo;avance sur Roglic.\u00a0<\/em><\/p>\n<p style=\"text-align: justify;\">La lutte pour la deuxi\u00e8me place promet d&rsquo;\u00eatre intense demain, sur le contre-la-montre de la 20e \u00e9tape. Gr\u00e2ce \u00e0 sa victoire, Primoz Roglic s&rsquo;est rapproch\u00e9 de Dumoulin et pourrait l&rsquo;inqui\u00e9ter s&rsquo;il maintient sa forme \u00e9blouissante. Le leader de la Sunweb n&rsquo;avait pas encore la t\u00eate \u00e0 \u00e9voquer la lutte \u00e0 venir : il \u00e9tait tr\u00e8s remont\u00e9 \u00e0 cause d&rsquo;une des motos de la course. \u00ab <em>Je suis tr\u00e8s d\u00e9\u00e7u. Perdre l&rsquo;\u00e9tape ainsi, cela ne rime \u00e0 rien<\/em>, pestait le leader de la Sunweb \u00e0 l&rsquo;arriv\u00e9e de la derni\u00e8re \u00e9tape pyr\u00e9n\u00e9enne. <em>La moto a clairement aid\u00e9 Roglic. Il a attaqu\u00e9 sur la seule section de plat de la descente. C&rsquo;est son droit, lui n&rsquo;y peut rien. Il fait sa course&#8230;<\/em> \u00bb<\/p>\n<p style=\"text-align: justify;\">\u00ab <em>Primoz \u00e9tait le plus fort aujourd&rsquo;hui. J&rsquo;ai beaucoup de respect pour sa victoire. Il volait dans la descente<\/em>, saluait tout de m\u00eame Tom Dumoulin. <em>Je ne vais pas protester, cela n&rsquo;a pas de sens, mais je suis vraiment d\u00e9\u00e7u. Quand il est sorti, j&rsquo;ai tout donn\u00e9 pour me rapprocher mais pas moyen de lui reprendre un m\u00e8tre \u00e0 cause de cette moto qui l&rsquo;aidait clairement. C&rsquo;est vraiment du n&rsquo;importe quoi. Faire une r\u00e9clamation ? Cela ne servirait \u00e0 rien.<\/em> \u00bb<\/p>\n<p style=\"text-align: justify;\">Finalement interrog\u00e9 sur le chrono \u00e0 venir, le champion du monde de la discipline s&rsquo;est montr\u00e9 pessimiste. Laconiquement, il a r\u00e9pondu : \u00ab <em>Je pense qu&rsquo;il me battra<\/em> \u00bb, en d\u00e9signant Roglic. Le Slov\u00e8ne n&rsquo;a que 19 secondes \u00e0 refaire sur Dumoulin et pourrait bien le menacer pour le premier accessit du Tour de France 2018.<\/p>\n","protected":false},"excerpt":{"rendered":"<p>Contrairement \u00e0 l&rsquo;habitude, le leader de la Sunweb est apparu assez remont\u00e9 \u00e0 l&rsquo;arriv\u00e9e de la 19e \u00e9tape ce vendredi. Dans l&rsquo;aire de Laruns, Tom Dumoulin a regrett\u00e9 la pr\u00e9sence d&rsquo;une moto juste devant Primoz Roglic (LottoNL-Jumbo) pendant l&rsquo;ultime descente. Le Slov\u00e8ne s&rsquo;est impos\u00e9 en solitaire, alors que Dumoulin s&rsquo;est class\u00e9 sixi\u00e8me, dans le m\u00eame &hellip;<\/p>\n","protected":false},"author":15,"featured_media":82609,"comment_status":"open","ping_status":"open","sticky":false,"template":"","format":"standard","meta":{"footnotes":""},"categories":[17,8,15,39,19],"tags":[],"class_list":["post-82606","post","type-post","status-publish","format-standard","has-post-thumbnail","hentry","category-une","category-interviews","category-route","category-tour-de-france","category-worldtour"],"_links":{"self":[{"href":"https:\/\/cyclingpro.net\/velopro\/wp-json\/wp\/v2\/posts\/82606","targetHints":{"allow":["GET"]}}],"collection":[{"href":"https:\/\/cyclingpro.net\/velopro\/wp-json\/wp\/v2\/posts"}],"about":[{"href":"https:\/\/cyclingpro.net\/velopro\/wp-json\/wp\/v2\/types\/post"}],"author":[{"embeddable":true,"href":"https:\/\/cyclingpro.net\/velopro\/wp-json\/wp\/v2\/users\/15"}],"replies":[{"embeddable":true,"href":"https:\/\/cyclingpro.net\/velopro\/wp-json\/wp\/v2\/comments?post=82606"}],"version-history":[{"count":0,"href":"https:\/\/cyclingpro.net\/velopro\/wp-json\/wp\/v2\/posts\/82606\/revisions"}],"wp:featuredmedia":[{"embeddable":true,"href":"https:\/\/cyclingpro.net\/velopro\/wp-json\/wp\/v2\/media\/82609"}],"wp:attachment":[{"href":"https:\/\/cyclingpro.net\/velopro\/wp-json\/wp\/v2\/media?parent=82606"}],"wp:term":[{"taxonomy":"category","embeddable":true,"href":"https:\/\/cyclingpro.net\/velopro\/wp-json\/wp\/v2\/categories?post=82606"},{"taxonomy":"post_tag","embeddable":true,"href":"https:\/\/cyclingpro.net\/velopro\/wp-json\/wp\/v2\/tags?post=82606"}],"curies":[{"name":"wp","href":"https:\/\/api.w.org\/{rel}","templated":true}]}}