{"id":82597,"date":"2018-07-27T18:23:10","date_gmt":"2018-07-27T16:23:10","guid":{"rendered":"https:\/\/cyclingpro.net\/velopro\/?p=82597"},"modified":"2018-07-27T21:35:12","modified_gmt":"2018-07-27T19:35:12","slug":"chris-froome-cest-la-fin-de-trois-semaines-tres-dures","status":"publish","type":"post","link":"https:\/\/cyclingpro.net\/velopro\/course\/tour-de-france\/chris-froome-cest-la-fin-de-trois-semaines-tres-dures\/","title":{"rendered":"Chris Froome : \u00ab C&rsquo;est la fin de trois semaines tr\u00e8s dures \u00bb"},"content":{"rendered":"<p style=\"text-align: justify;\">Le quadruple vainqueur du Tour de France a perdu sa place sur le podium au terme de la 19e \u00e9tape, ce vendredi. <a href=\"https:\/\/cyclingpro.net\/velopro\/course\/tour-de-france\/tour-de-france-le-coup-de-force-de-primoz-roglic\/\">La victoire de Primoz Roglic (LottoNL-Jumbo) avec 19 secondes d&rsquo;avance sur le groupe maillot jaune<\/a> associ\u00e9e aux dix secondes de bonification acquise sur la ligne rel\u00e8guent le Britannique \u00e0 13 secondes de la troisi\u00e8me place.<\/p>\n<p style=\"text-align: justify;\">Chris Froome a compris mercredi qu&rsquo;il ne gagnerait pas le Tour de France, en conc\u00e9dant du temps lors de l&rsquo;\u00e9tape explosive de 65 kilom\u00e8tres. Ce vendredi, le tenant du titre a compris qu&rsquo;il serait aussi difficile de figurer sur le podium final. Le coup de force de Roglic dans l&rsquo;ultime descente le rel\u00e8gue \u00e0 la quatri\u00e8me place du g\u00e9n\u00e9ral. \u00ab<em> Je me suis accroch\u00e9, j&rsquo;ai fait du mieux que je pouvais<\/em>, d\u00e9crivait-il \u00e0 l&rsquo;arriv\u00e9e de Laruns, encore essouffl\u00e9. <em>J&rsquo;ai essay\u00e9 d&rsquo;aider dans le final pour ramener Roglic, mais bon&#8230; C&rsquo;est la fin de trois semaines tr\u00e8s dures et nous sommes en bonne position avec Geraint (Thomas) pour remporter le maillot jaune. Il se sent tr\u00e8s bien.<\/em> \u00bb<\/p>\n<p style=\"text-align: justify;\">Apr\u00e8s son succ\u00e8s sur le Giro en mai, et une belle performance malgr\u00e9 tout sur le Tour, il est temps pour Froome de prendre un temps de repos. \u00ab <em>Maintenant, j&rsquo;attend avec impatience de rentrer \u00e0 la maison<\/em>, lan\u00e7ait le Britannique. <em>Ma petite fille va bient\u00f4t voir le jour, j&rsquo;esp\u00e8re \u00eatre l\u00e0 \u00e0 temps. Cela fait quatre grands tours cons\u00e9cutifs, je vais prendre un peu de repos.<\/em> \u00bb<\/p>\n","protected":false},"excerpt":{"rendered":"<p>Le quadruple vainqueur du Tour de France a perdu sa place sur le podium au terme de la 19e \u00e9tape, ce vendredi. La victoire de Primoz Roglic (LottoNL-Jumbo) avec 19 secondes d&rsquo;avance sur le groupe maillot jaune associ\u00e9e aux dix secondes de bonification acquise sur la ligne rel\u00e8guent le Britannique \u00e0 13 secondes de la &hellip;<\/p>\n","protected":false},"author":15,"featured_media":82647,"comment_status":"open","ping_status":"open","sticky":false,"template":"","format":"standard","meta":{"footnotes":""},"categories":[17,8,15,39,19],"tags":[],"class_list":["post-82597","post","type-post","status-publish","format-standard","has-post-thumbnail","hentry","category-une","category-interviews","category-route","category-tour-de-france","category-worldtour"],"_links":{"self":[{"href":"https:\/\/cyclingpro.net\/velopro\/wp-json\/wp\/v2\/posts\/82597","targetHints":{"allow":["GET"]}}],"collection":[{"href":"https:\/\/cyclingpro.net\/velopro\/wp-json\/wp\/v2\/posts"}],"about":[{"href":"https:\/\/cyclingpro.net\/velopro\/wp-json\/wp\/v2\/types\/post"}],"author":[{"embeddable":true,"href":"https:\/\/cyclingpro.net\/velopro\/wp-json\/wp\/v2\/users\/15"}],"replies":[{"embeddable":true,"href":"https:\/\/cyclingpro.net\/velopro\/wp-json\/wp\/v2\/comments?post=82597"}],"version-history":[{"count":0,"href":"https:\/\/cyclingpro.net\/velopro\/wp-json\/wp\/v2\/posts\/82597\/revisions"}],"wp:featuredmedia":[{"embeddable":true,"href":"https:\/\/cyclingpro.net\/velopro\/wp-json\/wp\/v2\/media\/82647"}],"wp:attachment":[{"href":"https:\/\/cyclingpro.net\/velopro\/wp-json\/wp\/v2\/media?parent=82597"}],"wp:term":[{"taxonomy":"category","embeddable":true,"href":"https:\/\/cyclingpro.net\/velopro\/wp-json\/wp\/v2\/categories?post=82597"},{"taxonomy":"post_tag","embeddable":true,"href":"https:\/\/cyclingpro.net\/velopro\/wp-json\/wp\/v2\/tags?post=82597"}],"curies":[{"name":"wp","href":"https:\/\/api.w.org\/{rel}","templated":true}]}}