{"id":82593,"date":"2018-07-27T18:05:40","date_gmt":"2018-07-27T16:05:40","guid":{"rendered":"https:\/\/cyclingpro.net\/velopro\/?p=82593"},"modified":"2018-07-27T18:05:40","modified_gmt":"2018-07-27T16:05:40","slug":"romain-bardet-je-ne-sais-pas-ce-quil-aurait-fallu-faire-de-plus-sur-ce-tour","status":"publish","type":"post","link":"https:\/\/cyclingpro.net\/velopro\/course\/tour-de-france\/romain-bardet-je-ne-sais-pas-ce-quil-aurait-fallu-faire-de-plus-sur-ce-tour\/","title":{"rendered":"Romain Bardet : \u00ab Je ne sais pas ce qu&rsquo;il aurait fallu faire de plus sur ce Tour \u00bb"},"content":{"rendered":"<p style=\"text-align: justify;\"><em>D\u00e9\u00e7u \u00e0 l&rsquo;arriv\u00e9e, le leader fran\u00e7ais de l&rsquo;\u00e9quipe AG2R s&rsquo;est tout de m\u00eame class\u00e9 troisi\u00e8me de la derni\u00e8re \u00e9tape pyr\u00e9n\u00e9enne ce vendredi. Lui esp\u00e9rait la victoire d&rsquo;\u00e9tape, et il y croyait lorsqu&rsquo;il est sorti du groupe des favoris \u00e0 pr\u00e8s de 100 kilom\u00e8tres de Laruns. Il a finalement \u00e9t\u00e9 aval\u00e9 par le groupe maillot jaune \u00e0 l&rsquo;abord de l&rsquo;ultime descente. Bardet n&rsquo;a ensuite pas pu r\u00e9pondre <a href=\"https:\/\/cyclingpro.net\/velopro\/wp-admin\/post.php?post=82388&amp;action=edit\">\u00e0 l&rsquo;attaque de Primoz Roglic (LottoNL-Jumbo), qui s&rsquo;est envol\u00e9 seul vers la victoire<\/a>.\u00a0<\/em><\/p>\n<p style=\"text-align: justify;\"><strong>Racontez-nous votre \u00e9tape.<\/strong><\/p>\n<p style=\"text-align: justify;\">J&rsquo;ai fait le maximum, j&rsquo;ai cru \u00e0 la victoire jusqu&rsquo;au bout. Quand Dumoulin essayait de revenir sur Roglic dans la descente, il n&rsquo;y avait plus rien \u00e0 faire&#8230; Je ne sais pas ce qu&rsquo;il aurait fallu faire de plus sur ce Tour. On s&rsquo;est battu, \u00e7a n&rsquo;a juste pas voulu sourire. C&rsquo;est tr\u00e8s d\u00e9cevant, mais c&rsquo;est comme \u00e7a. Aujourd&rsquo;hui j&rsquo;ai d\u00e9cid\u00e9 de me porter \u00e0 l&rsquo;attaque d\u00e8s le Tourmalet pour prendre un peu de plaisir sur ce Tour. Ce n&rsquo;\u00e9tait pas trop le cas sur les premi\u00e8res \u00e9tapes&#8230; L\u00e0, \u00e7a allait un peu mieux. Mes jambes ont plut\u00f4t bien r\u00e9pondu, mais je passe encore \u00e0 c\u00f4t\u00e9.<\/p>\n<p style=\"text-align: justify;\"><strong>Qu&rsquo;est-ce-qui vous a manqu\u00e9 ? Les jambes ?<\/strong><\/p>\n<p style=\"text-align: justify;\">Non&#8230; Ce ne sont pas les jambes. Une fois qu&rsquo;on a perdu 15 m\u00e8tres sur un gars comme Roglic, c&rsquo;est trop tard&#8230; Les jambes ne suffisent pas pour gagner une course, il faut aussi de la r\u00e9ussite. Je pense qu&rsquo;on n&rsquo;a pas grand chose \u00e0 se reprocher en tout cas.<\/p>\n","protected":false},"excerpt":{"rendered":"<p>D\u00e9\u00e7u \u00e0 l&rsquo;arriv\u00e9e, le leader fran\u00e7ais de l&rsquo;\u00e9quipe AG2R s&rsquo;est tout de m\u00eame class\u00e9 troisi\u00e8me de la derni\u00e8re \u00e9tape pyr\u00e9n\u00e9enne ce vendredi. Lui esp\u00e9rait la victoire d&rsquo;\u00e9tape, et il y croyait lorsqu&rsquo;il est sorti du groupe des favoris \u00e0 pr\u00e8s de 100 kilom\u00e8tres de Laruns. Il a finalement \u00e9t\u00e9 aval\u00e9 par le groupe maillot jaune &hellip;<\/p>\n","protected":false},"author":15,"featured_media":73143,"comment_status":"open","ping_status":"open","sticky":false,"template":"","format":"standard","meta":{"footnotes":""},"categories":[17,8,15,39,19],"tags":[],"class_list":["post-82593","post","type-post","status-publish","format-standard","has-post-thumbnail","hentry","category-une","category-interviews","category-route","category-tour-de-france","category-worldtour"],"_links":{"self":[{"href":"https:\/\/cyclingpro.net\/velopro\/wp-json\/wp\/v2\/posts\/82593","targetHints":{"allow":["GET"]}}],"collection":[{"href":"https:\/\/cyclingpro.net\/velopro\/wp-json\/wp\/v2\/posts"}],"about":[{"href":"https:\/\/cyclingpro.net\/velopro\/wp-json\/wp\/v2\/types\/post"}],"author":[{"embeddable":true,"href":"https:\/\/cyclingpro.net\/velopro\/wp-json\/wp\/v2\/users\/15"}],"replies":[{"embeddable":true,"href":"https:\/\/cyclingpro.net\/velopro\/wp-json\/wp\/v2\/comments?post=82593"}],"version-history":[{"count":0,"href":"https:\/\/cyclingpro.net\/velopro\/wp-json\/wp\/v2\/posts\/82593\/revisions"}],"wp:featuredmedia":[{"embeddable":true,"href":"https:\/\/cyclingpro.net\/velopro\/wp-json\/wp\/v2\/media\/73143"}],"wp:attachment":[{"href":"https:\/\/cyclingpro.net\/velopro\/wp-json\/wp\/v2\/media?parent=82593"}],"wp:term":[{"taxonomy":"category","embeddable":true,"href":"https:\/\/cyclingpro.net\/velopro\/wp-json\/wp\/v2\/categories?post=82593"},{"taxonomy":"post_tag","embeddable":true,"href":"https:\/\/cyclingpro.net\/velopro\/wp-json\/wp\/v2\/tags?post=82593"}],"curies":[{"name":"wp","href":"https:\/\/api.w.org\/{rel}","templated":true}]}}