{"id":82039,"date":"2018-07-25T21:19:34","date_gmt":"2018-07-25T19:19:34","guid":{"rendered":"https:\/\/cyclingpro.net\/velopro\/?p=82039"},"modified":"2018-07-25T21:19:34","modified_gmt":"2018-07-25T19:19:34","slug":"tour-de-france-geraint-thomas-assure-son-trone","status":"publish","type":"post","link":"https:\/\/cyclingpro.net\/velopro\/course\/tour-de-france\/tour-de-france-geraint-thomas-assure-son-trone\/","title":{"rendered":"Tour de France : Geraint Thomas assure son tr\u00f4ne"},"content":{"rendered":"<p style=\"text-align: justify;\"><em>Alors que des doutes subsistaient sur la strat\u00e9gie \u00e0 venir du Team Sky, le Gallois a clarifi\u00e9 la situation en prenant la troisi\u00e8me place de la 17e \u00e9tape. Geraint Thomas est le leader et va tenter de ramener le maillot jaune jusqu&rsquo;aux Champs-\u00c9lys\u00e9es. Son co\u00e9quipier Chris Froome, qui a remport\u00e9 le Giro en mai dernier, a sembl\u00e9 accuser le coup dans le dernier kilom\u00e8tre du Col du Portet. Si la victoire n&rsquo;est pas encore assur\u00e9e pour Thomas, il s&rsquo;est comport\u00e9 en patron aujourd&rsquo;hui et a fait a passer un message que m\u00eame Tom Dumoulin dit avoir accept\u00e9 : le Gallois est le plus fort de ce Tour.\u00a0<\/em><\/p>\n<p><strong>Geraint, comment avez-vous v\u00e9cu cette ascension ?<\/strong><br \/>\nC&rsquo;\u00e9tait un peu dur au d\u00e9but pour moi mais je pense que tout le monde \u00e9tait \u00e0 la limite. C&rsquo;est le genre d&rsquo;ascension o\u00f9 vous allez de mieux en mieux. Wout (Poels) et Egan (Bernal) ont fait un incroyable travail, toute l&rsquo;\u00e9quipe en fait, comme toujours. \u00c0 4 ou 5 kilom\u00e8tres de l&rsquo;arriv\u00e9e, Froome a dit \u00e0 la radio qu&rsquo;il ne se sentait pas super. \u00c7a m&rsquo;a donn\u00e9 confiance de savoir que lui souffrait alors que moi je me sentais bien. Ce n&rsquo;est pas que je voulais qu&rsquo;il ait un mauvais jour mais si quelqu&rsquo;un de sa stature souffre, \u00e7a veut dire que tout le monde souffre. Je savais que je devais suivre Roglic et Dumoulin et dans les 200 derniers m\u00e8tres, je voulais prendre les bonifications de la troisi\u00e8me place et j&rsquo;ai aussi pu faire un \u00e9cart. C&rsquo;\u00e9tait un bon bonus.<\/p>\n<p><strong>Vous vous sentez de plus en plus dans la peau d&rsquo;un futur vainqueur du Tour de France ?<\/strong><br \/>\nJe pense que je suis dans une bonne position maintenant mais je ne vais pas changer mon approche qui est de voir au jour le jour. Essayer de bien r\u00e9cup\u00e9rer, continuer de bien faire les petites choses et juste penser \u00e0 demain. Si on se laisse emporter ou qu&rsquo;on perd la concentration, c&rsquo;est l\u00e0 que vous faites des erreurs.<\/p>\n<p><strong>C&rsquo;est la troisi\u00e8me semaine, comment vous sentez-vous ?<\/strong><br \/>\nC&rsquo;est assur\u00e9ment la premi\u00e8re fois que je cours pour un classement g\u00e9n\u00e9ral. Bien-s\u00fbr j&rsquo;ai couru pour un classement g\u00e9n\u00e9ral sur le Giro l&rsquo;an pass\u00e9 mais une moto a mis un terme \u00e0 tout \u00e7a. Je me sens bien pour le moment. Je dois continuer \u00e0 m&rsquo;alimenter, m&rsquo;hydrater le mieux possible, ne pas me laisser aller.<\/p>\n<p><strong>L&rsquo;\u00e9quipe sera enti\u00e8rement d\u00e9vou\u00e9e \u00e0 vous permettre d&rsquo;aller chercher cette victoire maintenant ?<\/strong><br \/>\nJe suppose. Nous sommes dans une bonne position. C&rsquo;est dommage que Froome ait perdu du temps mais il est toujours l\u00e0, sur le podium. Une de nos forces r\u00e9side dans l&rsquo;\u00e9quipe, on se fait confiance l&rsquo;un l&rsquo;autre.<\/p>\n<p><strong>Vous avez repris un peu de temps \u00e0 Tom Dumoulin mais vous n&rsquo;avez pas essay\u00e9 de l&rsquo;attaquer hormis dans les derniers hectom\u00e8tres. Pensez-vous que votre avantage sur lui est suffisant en vue du chrono de samedi ?<\/strong><br \/>\nJe ne voulais pas prendre de risques, d&rsquo;autant qu&rsquo;il fallait prendre en compte l&rsquo;altitude alors j&rsquo;ai attaqu\u00e9 le plus tard possible. Le ma\u00eetre mot \u00e9tait de ne pas prendre de risque. Je ne sais pas combien de temps je dois avoir. Comme je l&rsquo;ai d\u00e9j\u00e0 dit, j&rsquo;avais perdu 49\u00a0\u00bb sur lui au Giro l&rsquo;an pass\u00e9 mais c&rsquo;\u00e9tait apr\u00e8s ma chute&#8230; Je pense que \u00e7a aurait \u00e9t\u00e9 moiti\u00e9 moins sans mais on verra&#8230; Comme je l&rsquo;ai dit je ne vais pas m&rsquo;inqui\u00e9ter, pas m\u00eame penser \u00e0 \u00e7a maintenant.<\/p>\n<p>&nbsp;<\/p>\n<p>&nbsp;<\/p>\n<p>&nbsp;<\/p>\n<p>&nbsp;<\/p>\n<p>&nbsp;<\/p>\n<p>&nbsp;<\/p>\n<p>&nbsp;<\/p>\n<p>&nbsp;<\/p>\n<p>&nbsp;<\/p>\n<p>&nbsp;<\/p>\n<p><a href=\"https:\/\/cyclingpro.net\/velopro\/course\/tour-de-france\/tour-de-france-nairo-quintana-au-panache\/\">Lire aussi &gt; Nairo Quintana au panache, Chris Froome perd du temps\u00a0<\/a><\/p>\n<p>&nbsp;<\/p>\n<p>&nbsp;<\/p>\n<p>&nbsp;<\/p>\n","protected":false},"excerpt":{"rendered":"<p>Alors que des doutes subsistaient sur la strat\u00e9gie \u00e0 venir du Team Sky, le Gallois a clarifi\u00e9 la situation en prenant la troisi\u00e8me place de la 17e \u00e9tape. Geraint Thomas est le leader et va tenter de ramener le maillot jaune jusqu&rsquo;aux Champs-\u00c9lys\u00e9es. Son co\u00e9quipier Chris Froome, qui a remport\u00e9 le Giro en mai dernier, &hellip;<\/p>\n","protected":false},"author":15,"featured_media":82040,"comment_status":"open","ping_status":"open","sticky":false,"template":"","format":"standard","meta":{"footnotes":""},"categories":[27,11,8,15,39,19],"tags":[],"class_list":["post-82039","post","type-post","status-publish","format-standard","has-post-thumbnail","hentry","category-gros-bloc","category-news-niveau-2","category-interviews","category-route","category-tour-de-france","category-worldtour"],"_links":{"self":[{"href":"https:\/\/cyclingpro.net\/velopro\/wp-json\/wp\/v2\/posts\/82039","targetHints":{"allow":["GET"]}}],"collection":[{"href":"https:\/\/cyclingpro.net\/velopro\/wp-json\/wp\/v2\/posts"}],"about":[{"href":"https:\/\/cyclingpro.net\/velopro\/wp-json\/wp\/v2\/types\/post"}],"author":[{"embeddable":true,"href":"https:\/\/cyclingpro.net\/velopro\/wp-json\/wp\/v2\/users\/15"}],"replies":[{"embeddable":true,"href":"https:\/\/cyclingpro.net\/velopro\/wp-json\/wp\/v2\/comments?post=82039"}],"version-history":[{"count":0,"href":"https:\/\/cyclingpro.net\/velopro\/wp-json\/wp\/v2\/posts\/82039\/revisions"}],"wp:featuredmedia":[{"embeddable":true,"href":"https:\/\/cyclingpro.net\/velopro\/wp-json\/wp\/v2\/media\/82040"}],"wp:attachment":[{"href":"https:\/\/cyclingpro.net\/velopro\/wp-json\/wp\/v2\/media?parent=82039"}],"wp:term":[{"taxonomy":"category","embeddable":true,"href":"https:\/\/cyclingpro.net\/velopro\/wp-json\/wp\/v2\/categories?post=82039"},{"taxonomy":"post_tag","embeddable":true,"href":"https:\/\/cyclingpro.net\/velopro\/wp-json\/wp\/v2\/tags?post=82039"}],"curies":[{"name":"wp","href":"https:\/\/api.w.org\/{rel}","templated":true}]}}