{"id":82027,"date":"2018-07-25T19:12:29","date_gmt":"2018-07-25T17:12:29","guid":{"rendered":"https:\/\/cyclingpro.net\/velopro\/?p=82027"},"modified":"2018-07-26T08:01:00","modified_gmt":"2018-07-26T06:01:00","slug":"nairo-quintana-cette-victoire-nous-redonne-espoir","status":"publish","type":"post","link":"https:\/\/cyclingpro.net\/velopro\/course\/tour-de-france\/nairo-quintana-cette-victoire-nous-redonne-espoir\/","title":{"rendered":"Nairo Quintana : \u00ab Cette victoire nous redonne espoir \u00bb"},"content":{"rendered":"<p style=\"text-align: justify;\"><em>Le grimpeur colombien, deuxi\u00e8me du Tour de France en 2015 et troisi\u00e8me en 2016, a retrouv\u00e9 le chemin de la gloire sur les routes fran\u00e7aises. Apr\u00e8s un d\u00e9but d&rsquo;\u00e9preuve entam\u00e9 comme une ombre, Nairo Quintana a justifi\u00e9 son statut sur les pourcentages les plus durs du Col du Portet, derni\u00e8re difficult\u00e9 de la 17e \u00e9tape disput\u00e9e ce mercredi. <a href=\"https:\/\/cyclingpro.net\/velopro\/course\/tour-de-france\/dan-martin-un-contre-la-montre-jusquau-sommet\/\">Il a lev\u00e9 les bras avec 28 secondes d&rsquo;avance sur le deuxi\u00e8me Dan Martin (UAE)<\/a> et 47 sur le maillot jaune Geraint Thomas (Sky).\u00a0<\/em><\/p>\n<p style=\"text-align: justify;\">Cinq ans apr\u00e8s, Nairo Quintana renoue avec la victoire sur le Tour de France. Son dernier succ\u00e8s sur l&rsquo;\u00e9preuve remonte au 20 juillet 2013, au Semnoz. Sa chevauch\u00e9e solitaire sur le Col du Portet le ram\u00e8ne sur la voie du succ\u00e8s et le replace \u00e0 la cinqui\u00e8me position du classement g\u00e9n\u00e9ral. \u00ab <em>Ce fut une journ\u00e9e tr\u00e8s difficile, mais la victoire nous r\u00e9conforte. C&rsquo;\u00e9tait une \u00e9tape que je visais et pour laquelle je m&rsquo;\u00e9tais bien pr\u00e9par\u00e9<\/em>, d\u00e9crivait le Colombien apr\u00e8s son arriv\u00e9e victorieuse \u00e0 Saint-Lary-Soulan. <em>Je regrette de ne pas avoir eu de bonnes sensations ces derniers jours. Je ne me sentais pas bien et j&rsquo;ai perdu trop de temps, mais heureusement, maintenant je suis meilleur et je veux terminer le Tour crescendo. Nous y croyons.<\/em>\u00bb<\/p>\n<p><strong><a href=\"https:\/\/cyclingpro.net\/velopro\/course\/tour-de-france\/tour-de-france-nairo-quintana-au-panache\/\">Lire aussi &gt; Nairo Quintana au panache, Chris Froome perd du temps\u00a0<\/a><\/strong><\/p>\n<p style=\"text-align: justify;\">Pour assurer le succ\u00e8s de sa chevauch\u00e9e entam\u00e9e au pied du Portet, Quintana avait un relais de premi\u00e8re classe \u00e0 l&rsquo;avant de la course : Alejandro Valverde. Quand les deux hommes se sont retrouv\u00e9s, l&rsquo;Espagnol s&rsquo;est sacrifi\u00e9 pour son leader, imprimant de gros relais avant de s&rsquo;\u00e9carter \u00e0 8 kilom\u00e8tres du but. \u00ab <em>L&rsquo;\u00e9quipe a \u00e9t\u00e9 parfaite. Nous avons eu Valverde devant et cela m&rsquo;a aid\u00e9 quand j&rsquo;ai attaqu\u00e9. Aussi, Soler qui \u00e9tait parti \u00e0 l&rsquo;avant, a pris de gros relais quand il a \u00e9t\u00e9 repris par le groupe maillot jaune<\/em>, remerciait Nairo Quintana. <em>Nous savions que la derni\u00e8re ascension \u00e9tait pour les purs grimpeurs et cela s&rsquo;est av\u00e9r\u00e9 vrai. Cette victoire nous donne confiance.<\/em> \u00bb<\/p>\n<p style=\"text-align: justify;\">Le sourire revenu, la confiance avec, Nairo Quintana pense d\u00e9sormais \u00e0 am\u00e9liorer encore son classement final. Il pointe pour l&rsquo;instant \u00e0 la 5e place, \u00e0 3&rsquo;30\u00a0\u00bb du maillot jaune Geraint Thomas. Ne reste plus pour lui que la derni\u00e8re \u00e9tape pyr\u00e9n\u00e9enne, pr\u00e9vue ce vendredi. Sans une mise en route difficile, le grimpeur colombien serait sans doute en meilleure position. \u00ab <em>Les choses n&rsquo;ont pas \u00e9t\u00e9 bonnes jusqu&rsquo;\u00e0 pr\u00e9sent, nous avons connu de mauvais jours<\/em>, regrettait finalement Quintana. <em>Cette victoire nous redonne espoir et nous donne la confiance pour travailler dur dans les prochains jours. Je veux remercier Dieu et mon \u00e9quipe de me prot\u00e9ger et de me donner de la force. Aussi, ma famille, mes amis et le peuple colombien. Je ressens leur soutien sur la route et \u00e0 travers les messages post\u00e9s sur les r\u00e9seaux sociaux. Ils m&rsquo;encouragent et m&rsquo;aident \u00e0 tout donner.<\/em> \u00bb<\/p>\n","protected":false},"excerpt":{"rendered":"<p>Le grimpeur colombien, deuxi\u00e8me du Tour de France en 2015 et troisi\u00e8me en 2016, a retrouv\u00e9 le chemin de la gloire sur les routes fran\u00e7aises. Apr\u00e8s un d\u00e9but d&rsquo;\u00e9preuve entam\u00e9 comme une ombre, Nairo Quintana a justifi\u00e9 son statut sur les pourcentages les plus durs du Col du Portet, derni\u00e8re difficult\u00e9 de la 17e \u00e9tape &hellip;<\/p>\n","protected":false},"author":15,"featured_media":82028,"comment_status":"open","ping_status":"open","sticky":false,"template":"","format":"standard","meta":{"footnotes":""},"categories":[27,17,8,15,39,19],"tags":[],"class_list":["post-82027","post","type-post","status-publish","format-standard","has-post-thumbnail","hentry","category-gros-bloc","category-une","category-interviews","category-route","category-tour-de-france","category-worldtour"],"_links":{"self":[{"href":"https:\/\/cyclingpro.net\/velopro\/wp-json\/wp\/v2\/posts\/82027","targetHints":{"allow":["GET"]}}],"collection":[{"href":"https:\/\/cyclingpro.net\/velopro\/wp-json\/wp\/v2\/posts"}],"about":[{"href":"https:\/\/cyclingpro.net\/velopro\/wp-json\/wp\/v2\/types\/post"}],"author":[{"embeddable":true,"href":"https:\/\/cyclingpro.net\/velopro\/wp-json\/wp\/v2\/users\/15"}],"replies":[{"embeddable":true,"href":"https:\/\/cyclingpro.net\/velopro\/wp-json\/wp\/v2\/comments?post=82027"}],"version-history":[{"count":0,"href":"https:\/\/cyclingpro.net\/velopro\/wp-json\/wp\/v2\/posts\/82027\/revisions"}],"wp:featuredmedia":[{"embeddable":true,"href":"https:\/\/cyclingpro.net\/velopro\/wp-json\/wp\/v2\/media\/82028"}],"wp:attachment":[{"href":"https:\/\/cyclingpro.net\/velopro\/wp-json\/wp\/v2\/media?parent=82027"}],"wp:term":[{"taxonomy":"category","embeddable":true,"href":"https:\/\/cyclingpro.net\/velopro\/wp-json\/wp\/v2\/categories?post=82027"},{"taxonomy":"post_tag","embeddable":true,"href":"https:\/\/cyclingpro.net\/velopro\/wp-json\/wp\/v2\/tags?post=82027"}],"curies":[{"name":"wp","href":"https:\/\/api.w.org\/{rel}","templated":true}]}}