{"id":82023,"date":"2018-07-25T18:51:10","date_gmt":"2018-07-25T16:51:10","guid":{"rendered":"https:\/\/cyclingpro.net\/velopro\/?p=82023"},"modified":"2018-07-25T18:51:10","modified_gmt":"2018-07-25T16:51:10","slug":"dan-martin-un-contre-la-montre-jusquau-sommet","status":"publish","type":"post","link":"https:\/\/cyclingpro.net\/velopro\/course\/tour-de-france\/dan-martin-un-contre-la-montre-jusquau-sommet\/","title":{"rendered":"Dan Martin : \u00ab Un contre-la-montre jusqu&rsquo;au sommet \u00bb\u00a0"},"content":{"rendered":"<p style=\"text-align: justify;\">Apr\u00e8s sa victoire \u00e0 M\u00fbr-de-Bretagne, l&rsquo;Irlandais a pris une belle deuxi\u00e8me place lors de la 17e \u00e9tape ce mercredi. A l&rsquo;arriv\u00e9e au sommet du Col du Portet, Dan Martin n&rsquo;a conc\u00e9d\u00e9 que 28 secondes au vainqueur Nairo Quintana (Movistar). Gr\u00e2ce \u00e0 son attaque, il gagne une place au g\u00e9n\u00e9ral et est d\u00e9sormais 9e \u00e0 6&rsquo;33\u00a0\u00bb du maillot jaune Geraint Thomas (Sky).<\/p>\n<p style=\"text-align: justify;\"><strong>Deuxi\u00e8me de Quintana sur une arriv\u00e9e comme le Portet&#8230; Vous devez \u00eatre satisfait de vos jambes.\u00a0<\/strong><\/p>\n<p style=\"text-align: justify;\">Oui.. Ces trois derniers jours je me sentais bien, c&rsquo;est un tr\u00e8s bon signe. Je voulais attaquer plus t\u00f4t, c&rsquo;est pourquoi Kristijan Durasek \u00e9tait \u00e0 l&rsquo;avant, mais il y avait du vent de face. Je me suis dit que j&rsquo;avais de bonnes jambes et que je devais attendre le dernier col. J&rsquo;ai attaqu\u00e9 et Nairo m&rsquo;a suivi, il m&rsquo;a attaqu\u00e9 directement. Enfin, il ne m&rsquo;a pas vraiment attaqu\u00e9, je pense qu&rsquo;il voulait qu&rsquo;on y aille ensemble, mais il roulait trop fort pour moi au pied. J&rsquo;ai pris mon rythme comme si c&rsquo;\u00e9tait un contre-la-montre jusqu&rsquo;\u00e0 la ligne.<\/p>\n<p style=\"text-align: justify;\"><strong>Vous vous \u00eates rapproch\u00e9 et il a sembl\u00e9 \u00eatre plus fort dans les derniers kilom\u00e8tres.\u00a0<\/strong><\/p>\n<p style=\"text-align: justify;\">J&rsquo;ai essay\u00e9 de conserver un \u00e9cart d&rsquo;une vingtaine de secondes, car je pensais pouvoir revenir dans les derniers kilom\u00e8tres un peu moins pentus. Je n&rsquo;avais plus rien dans les jambes \u00e0 ce moment&#8230; Il \u00e9tait le plus fort aujourd&rsquo;hui : je suis tr\u00e8s fier de ce que nous avons fait aujourd&rsquo;hui en tant d&rsquo;\u00e9quipe. C&rsquo;est assez sp\u00e9cial d&rsquo;\u00eatre deuxi\u00e8me du col le plus difficile du Tour de France.<\/p>\n<p><strong>Jusqu&rsquo;o\u00f9 \u00eates-vous all\u00e9 dans vos ressources pour cette deuxi\u00e8me place ?<\/strong><\/p>\n<p style=\"text-align: justify;\">C&rsquo;est la troisi\u00e8me semaine du Tour&#8230; Tout le monde a d\u00e9j\u00e0 tr\u00e8s mal aux jambes. Dans les 2 ou 3 derniers kilom\u00e8tres, j&rsquo;avais du mal \u00e0 respirer \u00e0 cause de l&rsquo;altitude. En fait, c&rsquo;\u00e9tait une \u00e9tape assez sp\u00e9ciale pour moi : l&rsquo;un de mes premiers souvenirs du Tour remonte \u00e0 1999 et je me souviens qu&rsquo;ils avaient fait Peyresourde et finissaient ici. C&rsquo;\u00e9tait aussi tr\u00e8s sp\u00e9cial d&#8217;emprunter cette route.<\/p>\n<p><strong>Sentez-vous vos progr\u00e8s sur trois semaines ?<\/strong><\/p>\n<p style=\"text-align: justify;\">C&rsquo;est dommage d&rsquo;avoir perdu du temps sur une crevaison et une chute, mais bon&#8230; L&rsquo;histoire aurait pu \u00eatre diff\u00e9rente, mais \u00e7a ne sert \u00e0 rien de regarder en arri\u00e8re. Je suis fier d&rsquo;avoir trouv\u00e9 de la r\u00e9gularit\u00e9 sur trois semaines et d&rsquo;\u00eatre fort en troisi\u00e8me semaine. Gagner une \u00e9tape dans la premi\u00e8re semaine et passer tout pr\u00e8s en troisi\u00e8me semaine avec un chute au milieu montre que je peux tenir trois semaines \u00e0 un haut niveau.<\/p>\n","protected":false},"excerpt":{"rendered":"<p>Apr\u00e8s sa victoire \u00e0 M\u00fbr-de-Bretagne, l&rsquo;Irlandais a pris une belle deuxi\u00e8me place lors de la 17e \u00e9tape ce mercredi. A l&rsquo;arriv\u00e9e au sommet du Col du Portet, Dan Martin n&rsquo;a conc\u00e9d\u00e9 que 28 secondes au vainqueur Nairo Quintana (Movistar). Gr\u00e2ce \u00e0 son attaque, il gagne une place au g\u00e9n\u00e9ral et est d\u00e9sormais 9e \u00e0 6&rsquo;33\u00a0\u00bb &hellip;<\/p>\n","protected":false},"author":15,"featured_media":82025,"comment_status":"open","ping_status":"open","sticky":false,"template":"","format":"standard","meta":{"footnotes":""},"categories":[17,8,15,39,19],"tags":[],"class_list":["post-82023","post","type-post","status-publish","format-standard","has-post-thumbnail","hentry","category-une","category-interviews","category-route","category-tour-de-france","category-worldtour"],"_links":{"self":[{"href":"https:\/\/cyclingpro.net\/velopro\/wp-json\/wp\/v2\/posts\/82023","targetHints":{"allow":["GET"]}}],"collection":[{"href":"https:\/\/cyclingpro.net\/velopro\/wp-json\/wp\/v2\/posts"}],"about":[{"href":"https:\/\/cyclingpro.net\/velopro\/wp-json\/wp\/v2\/types\/post"}],"author":[{"embeddable":true,"href":"https:\/\/cyclingpro.net\/velopro\/wp-json\/wp\/v2\/users\/15"}],"replies":[{"embeddable":true,"href":"https:\/\/cyclingpro.net\/velopro\/wp-json\/wp\/v2\/comments?post=82023"}],"version-history":[{"count":0,"href":"https:\/\/cyclingpro.net\/velopro\/wp-json\/wp\/v2\/posts\/82023\/revisions"}],"wp:featuredmedia":[{"embeddable":true,"href":"https:\/\/cyclingpro.net\/velopro\/wp-json\/wp\/v2\/media\/82025"}],"wp:attachment":[{"href":"https:\/\/cyclingpro.net\/velopro\/wp-json\/wp\/v2\/media?parent=82023"}],"wp:term":[{"taxonomy":"category","embeddable":true,"href":"https:\/\/cyclingpro.net\/velopro\/wp-json\/wp\/v2\/categories?post=82023"},{"taxonomy":"post_tag","embeddable":true,"href":"https:\/\/cyclingpro.net\/velopro\/wp-json\/wp\/v2\/tags?post=82023"}],"curies":[{"name":"wp","href":"https:\/\/api.w.org\/{rel}","templated":true}]}}