{"id":81843,"date":"2018-07-25T17:42:41","date_gmt":"2018-07-25T15:42:41","guid":{"rendered":"https:\/\/cyclingpro.net\/velopro\/?p=81843"},"modified":"2018-07-25T18:05:08","modified_gmt":"2018-07-25T16:05:08","slug":"tour-de-france-nairo-quintana-au-panache","status":"publish","type":"post","link":"https:\/\/cyclingpro.net\/velopro\/course\/tour-de-france\/tour-de-france-nairo-quintana-au-panache\/","title":{"rendered":"Tour de France : Nairo Quintana au panache, Chris Froome perd du temps"},"content":{"rendered":"<p style=\"text-align: justify;\"><em>Tr\u00e8s attendue, la 17e \u00e9tape entre Bagn\u00e8res-de-Luchon et Saint-Lary-Soulan pr\u00e9sente trois difficult\u00e9s majeures r\u00e9parties sur seulement 65 kilom\u00e8tres de course. Au programme ce mercredi : la Mont\u00e9e de Peyragudes (14,9km \u00e0 6,7%), le Col de Val Louron-Azet (7,4km \u00e0 8,3%) et enfin le Col du Portet (16km \u00e0 8,7%) au sommet duquel est jug\u00e9e l&rsquo;arriv\u00e9e. Parti d\u00e8s les premiers m\u00e8tres de la derni\u00e8re ascension, Nairo Quintana (Movistar) rattrape un \u00e0 un les coureurs \u00e9chapp\u00e9s et s&rsquo;envole seul vers la victoire. Le Colombien profite de son coup d&rsquo;\u00e9clat pour revenir \u00e0 la 5e place du g\u00e9n\u00e9ral au profit d&rsquo;une l\u00e9g\u00e8re d\u00e9faillance de Romain Bardet (AG2R). Geraint Thomas (Sky) a pris la troisi\u00e8me place de l&rsquo;\u00e9tape et reste en jaune, alors que son co\u00e9quipier Chris Froome a conc\u00e9d\u00e9 du temps et perd sa deuxi\u00e8me place au profit de Tom Dumoulin (Sunweb).\u00a0<\/em><\/p>\n<p style=\"text-align: justify;\">Parmi les attractions de cette \u00e9tape explosive, la grille de d\u00e9part n&rsquo;a pas eu l&rsquo;effet escompt\u00e9. Les leaders ont attendu leurs co\u00e9quipiers, laissant se former une \u00e9chapp\u00e9e, comme lors d&rsquo;une journ\u00e9e traditionnelle. Tanel Kangert (Astana) a, \u00e0 ce titre, lanc\u00e9 les hostilit\u00e9s, avant d&rsquo;\u00eatre rejoint par Nicolas Edet (Cofidis). Les deux hommes prennent rapidement plus d&rsquo;une minute d&rsquo;avance sur le peloton d\u00e9j\u00e0 emmen\u00e9 par le train Sky. Beaucoup de coureurs sont distanc\u00e9s d\u00e8s les premiers m\u00e8tres de course en prise avec la mont\u00e9e de Peyragudes : Arnaud D\u00e9mare (Groupama-FDJ) est le premier d&rsquo;entre eux et semble parti pour vivre une nouvelle journ\u00e9e gal\u00e8re.<\/p>\n<p style=\"text-align: justify;\">Un trio de poursuivants se forme avec Julian Alaphilippe (Quick-Step), Jesus Herrada (Cofidis) et Kristijan Durasek (UAE). Ils ne sont pas loin de la t\u00eate de course et reviennent dans un premier temps sur Edet, l\u00e2ch\u00e9 au train par Kangert au milieu de la premi\u00e8re ascension. Plus loin, un gros groupe de chasse s&rsquo;est constitu\u00e9 avec Daniel Felipe Martinez, Pierre Rolland (EF-Drapac), Simon Geschke (Sunweb), Gorka Izagirre, Franco Pelizotti (Bahrain-Merida), Adam Yates (Mitchelton-Scott), Marc Soler, Alejandro Valverde (Movistar), Rafal Majka, Gregor M\u00fchlberger (Bora), Omar Fraile (Astana), Arthur Vichot (Groupama-FDJ), Thomas de Gendt (Lotto-Soudal), Lilian Calmejane (Direct Energie), Bauke Mollema (Trek) et Daniel Navarro (Cofidis).<\/p>\n<p style=\"text-align: justify;\">Kangert passe en t\u00eate au sommet de la premi\u00e8re difficult\u00e9 du jour avec une quinzaine de secondes sur un trio Alaphilippe-Durasek-Herrada. Le groupe Valverde pointe \u00e0 1&rsquo;20\u00a0\u00bb, le peloton \u00e0 plus de trois minutes. Alaphilippe fait la descente \u00e0 fond et recolle \u00e0 l&rsquo;homme de t\u00eate avec Durasek ; Herrada ne parvient pas \u00e0 suivre et est repris par le groupe de poursuite \u00e0 l&rsquo;arri\u00e8re. Durasek sera vite d\u00e9croch\u00e9 \u00e0 son tour.<\/p>\n<p style=\"text-align: justify;\">La grande bataille entre les favoris semble se lancer dans la deuxi\u00e8me ascension du jour par le fait de l&rsquo;\u00e9quipe AG2R. Silvan Dillier vient passer un gros relais en t\u00eate et lance l&rsquo;\u00e9cr\u00e9mage dans le groupe maillot jaune. Il est ensuite imit\u00e9 par le maillot blanc Pierre Latour. Les favoris se rapprochent alors \u00e0 moins de trois minutes de la t\u00eate de course. Devant, Alaphilippe r\u00e9ussit \u00e0 passer en t\u00eate au sommet du\u00a0Col de Val Louron-Azet et accro\u00eet encore un peu son avance au classement de la montagne.<\/p>\n<p style=\"text-align: justify;\">Le duo Alaphilippe &#8211; Kangert arrive au pied du Col du Portet avec 1&rsquo;15\u00a0\u00bb d&rsquo;avance sur le groupe Valverde, r\u00e9duit \u00e0 six unit\u00e9s, et 2&rsquo;40\u00a0\u00bb sur le peloton. Le Fran\u00e7ais se rel\u00e8ve d\u00e8s les premiers pourcentages et laisse Kangert continuer seul en t\u00eate. Dans le groupe maillot jaune, Nairo Quintana (Movistar) lance les hostilit\u00e9s d\u00e8s le pied et va aller faire la jonction avec le groupe Valverde. Dan Martin tente de le suivre mais n&rsquo;y parvient pas et poursuit son effort en solo, intercal\u00e9 entre le Colombien et le groupe des favoris.<\/p>\n<p style=\"text-align: justify;\">A 10 kilom\u00e8tres du but, l&rsquo;Estonien se maintient en t\u00eate avec 50 secondes d&rsquo;avance sur un trio compos\u00e9 de Valverde, Quintana et Majka. Dan Martin est intercal\u00e9 \u00e0 1&rsquo;05\u00a0\u00bb et le groupe maillot jaune pointe \u00e0 1&rsquo;30\u00a0\u00bb. Le groupe de poursuite revient tr\u00e8s fort sur Kangert. En t\u00eate depuis le km0, l&rsquo;Estonien ne parvient pas \u00e0 r\u00e9sister. Il est repris et d\u00e9pass\u00e9 par Majka et Quintana \u00e0 8km de la ligne d&rsquo;arriv\u00e9e. Valverde s&rsquo;est lui \u00e9cart\u00e9 du groupe apr\u00e8s avoir pris de gros relais pour le Colombien.<\/p>\n<p style=\"text-align: justify;\">A 6km du sommet du Portet, Quintana parvient \u00e0 l\u00e2cher Rafal Majka et s&rsquo;envole seul vers la victoire. Dan Martin est toujours intercal\u00e9 \u00e0 une vingtaine de secondes mais ne semble pas capable de revenir. Nairo Quintana prolonge son effort r\u00e9gulier et finit par s&rsquo;imposer au sommet du Col du Portet avec 28&Prime; d&rsquo;avance sur Dan Martin. Geraint Thomas prend la troisi\u00e8me place \u00e0 47&Prime; du vainqueur et conserve son maillot jaune alors que Chris Froome a conc\u00e9d\u00e9 du temps \u00e0 l&rsquo;arriv\u00e9e. Le quadruple vainqueur du Tour perd la deuxi\u00e8me place au profit de Tom Dumoulin (Sunweb), arriv\u00e9 5e de l&rsquo;\u00e9tape \u00e0 52&Prime; de Quintana.<\/p>\n<p style=\"text-align: justify;\">Arriv\u00e9 \u00e0 la 13e place, Romain Bardet (AG2R) accuse lui un retard de 2&rsquo;35\u00a0\u00bb sur le vainqueur Nairo Quintana, qui lui prend la cinqui\u00e8me place du classement g\u00e9n\u00e9ral. Pire encore, le Fran\u00e7ais se fait d\u00e9passer par Steven Kruijswijk (LottoNL-Jumbo) et Mikel Landa (Movistar) : il se retrouve 8e au soir de la 17e \u00e9tape.<\/p>\n<p><strong>Le top 10 de l&rsquo;\u00e9tape :<\/strong><br \/>\n1. Nairo Quintana (Movistar) en 2h21&rsquo;27\u00a0\u00bb<br \/>\n2. Daniel Martin (UAE) \u00e0 28&Prime;<br \/>\n3. Geraint Thomas (Sky) \u00e0 47&Prime;<br \/>\n4. Primoz Roglic (LottoNL-Jumbo) \u00e0 52&Prime;<br \/>\n5. Tom Dumoulin (Sunweb) \u00e0 \u00a0\u00bb<br \/>\n6. Steven Kruijswijk (LottoNL-Jumbo) \u00e0 1&rsquo;05\u00a0\u00bb<br \/>\n7. Egan Bernal (Sky) \u00e0 1&rsquo;33\u00a0\u00bb<br \/>\n8. Chris Froome (Sky) \u00e0 1&rsquo;35\u00a0\u00bb<br \/>\n9. Mikel Landa (Movistar) \u00e0 \u00a0\u00bb<br \/>\n10. Ilnur Zakarin (Katusha) \u00e0 2&rsquo;01\u00a0\u00bb<\/p>\n<p><strong>Le top 10 du g\u00e9n\u00e9ral :\u00a0<\/strong><br \/>\n1. Geraint Thomas (Sky) en 70h34&rsquo;11\u00a0\u00bb<br \/>\n2. Tom Dumoulin (Sunweb) \u00e0 1&rsquo;59\u00a0\u00bb<br \/>\n3. Chris Froome (Sky) \u00e0 2&rsquo;31\u00a0\u00bb<br \/>\n4. Primoz Roglic (LottoNL-Jumbo) \u00e0 2&rsquo;47\u00a0\u00bb<br \/>\n5. Nairo Quintana (Movistar) \u00e0 3&rsquo;30\u00a0\u00bb<br \/>\n6. Steven Kruijswijk (LottoNL-Jumbo) \u00e0 4&rsquo;19\u00a0\u00bb<br \/>\n7. Mikel Landa (Movistar) \u00e0 4&rsquo;34\u00a0\u00bb<br \/>\n8. Romain Bardet (AG2R) \u00e0 5&rsquo;13\u00a0\u00bb<br \/>\n9. Dan Martin (UAE) \u00e0 6&rsquo;33\u00a0\u00bb<br \/>\n10. Jakob Fuglsang (Astana) \u00e0 9&rsquo;31\u00a0\u00bb<\/p>\n<p>&nbsp;<\/p>\n","protected":false},"excerpt":{"rendered":"<p>Tr\u00e8s attendue, la 17e \u00e9tape entre Bagn\u00e8res-de-Luchon et Saint-Lary-Soulan pr\u00e9sente trois difficult\u00e9s majeures r\u00e9parties sur seulement 65 kilom\u00e8tres de course. Au programme ce mercredi : la Mont\u00e9e de Peyragudes (14,9km \u00e0 6,7%), le Col de Val Louron-Azet (7,4km \u00e0 8,3%) et enfin le Col du Portet (16km \u00e0 8,7%) au sommet duquel est jug\u00e9e l&rsquo;arriv\u00e9e. &hellip;<\/p>\n","protected":false},"author":15,"featured_media":82006,"comment_status":"open","ping_status":"open","sticky":false,"template":"","format":"standard","meta":{"footnotes":""},"categories":[27,17,14,15,39,19],"tags":[],"class_list":["post-81843","post","type-post","status-publish","format-standard","has-post-thumbnail","hentry","category-gros-bloc","category-une","category-resultats","category-route","category-tour-de-france","category-worldtour"],"_links":{"self":[{"href":"https:\/\/cyclingpro.net\/velopro\/wp-json\/wp\/v2\/posts\/81843","targetHints":{"allow":["GET"]}}],"collection":[{"href":"https:\/\/cyclingpro.net\/velopro\/wp-json\/wp\/v2\/posts"}],"about":[{"href":"https:\/\/cyclingpro.net\/velopro\/wp-json\/wp\/v2\/types\/post"}],"author":[{"embeddable":true,"href":"https:\/\/cyclingpro.net\/velopro\/wp-json\/wp\/v2\/users\/15"}],"replies":[{"embeddable":true,"href":"https:\/\/cyclingpro.net\/velopro\/wp-json\/wp\/v2\/comments?post=81843"}],"version-history":[{"count":0,"href":"https:\/\/cyclingpro.net\/velopro\/wp-json\/wp\/v2\/posts\/81843\/revisions"}],"wp:featuredmedia":[{"embeddable":true,"href":"https:\/\/cyclingpro.net\/velopro\/wp-json\/wp\/v2\/media\/82006"}],"wp:attachment":[{"href":"https:\/\/cyclingpro.net\/velopro\/wp-json\/wp\/v2\/media?parent=81843"}],"wp:term":[{"taxonomy":"category","embeddable":true,"href":"https:\/\/cyclingpro.net\/velopro\/wp-json\/wp\/v2\/categories?post=81843"},{"taxonomy":"post_tag","embeddable":true,"href":"https:\/\/cyclingpro.net\/velopro\/wp-json\/wp\/v2\/tags?post=81843"}],"curies":[{"name":"wp","href":"https:\/\/api.w.org\/{rel}","templated":true}]}}