{"id":81063,"date":"2018-07-21T20:23:25","date_gmt":"2018-07-21T18:23:25","guid":{"rendered":"https:\/\/cyclingpro.net\/velopro\/?p=81063"},"modified":"2018-07-21T21:27:39","modified_gmt":"2018-07-21T19:27:39","slug":"tom-dumoulin-veut-voir-une-rivalite-entre-froome-et-thomas","status":"publish","type":"post","link":"https:\/\/cyclingpro.net\/velopro\/course\/tour-de-france\/tom-dumoulin-veut-voir-une-rivalite-entre-froome-et-thomas\/","title":{"rendered":"Tom Dumoulin veut voir une rivalit\u00e9 entre Froome et Thomas"},"content":{"rendered":"<p>C&rsquo;est une bataille de rouleurs. Team Sky contre Tom Dumoulin (Sunweb). Ou peut-\u00eatre Tom Dumoulin contre Geraint Thomas (Team Sky) contre Chris Froome (Team Sky) ? Depuis que Geraint Thomas devance Chris Froome de plus de 1&rsquo;30 au classement g\u00e9n\u00e9ral, tout le monde ou presque veut voir une rivalit\u00e9 entre Geraint Thomas, l&rsquo;actuel maillot jaune et Chris Froome, afin de voir s&rsquo;affaiblir le rouleau compresseur Sky. Cela inclut aussi Tom Dumoulin qui pensait en avoir d\u00e9j\u00e0 ressenti les pr\u00e9mices lors de l&rsquo;\u00e9tape de l&rsquo;Alpe d&rsquo;Huez (<a href=\"https:\/\/cyclingpro.net\/velopro\/course\/tour-de-france\/tom-dumoulin-cetait-juste-fou\/\">lire ici<\/a>). La mont\u00e9e Laurent Jalabert le conforte dans son id\u00e9e.<\/p>\n<p>Interrog\u00e9 sur la piste de l&rsquo;a\u00e9rodrome de Mende sur comment faire pour briser l&rsquo;h\u00e9g\u00e9monie Sky, Dumoulin r\u00e9pond \u00ab\u00a0<em>\u00c0 l&rsquo;heure actuelle c&rsquo;est tr\u00e8s difficile, ils sont premier et deuxi\u00e8me mais ils se battent aussi pour leur victoire (individuelle sous-entendu, ndlr). Aujourd&rsquo;hui quand j&rsquo;ai attaqu\u00e9, Thomas \u00e9tait dans ma roue puis Froome est revenu et a attaqu\u00e9 et l\u00e0 c&rsquo;est Thomas qui a fait l&rsquo;effort pour combler l&rsquo;\u00e9cart alors que j&rsquo;\u00e9tais dans sa roue<\/em>\u00ab\u00a0. M\u00eame s&rsquo;il a raison le probl\u00e8me pour Dumoulin restera quand m\u00eame de trouver l&rsquo;ouverture. Il a encore tent\u00e9 aujourd&rsquo;hui mais sans succ\u00e8s. \u00ab\u00a0<em>Nous avons essay\u00e9 d&rsquo;attaquer \u00e0 tour de r\u00f4le mais je pense qu&rsquo;\u00e0 l&rsquo;heure actuelle, nous sommes \u00e0 niveau \u00e9gal<\/em>\u00a0\u00bb . Enfin il y en a quand m\u00eame un qui a r\u00e9ussi \u00e0 partir : c&rsquo;est\u00a0Primo\u017e Rogli\u010d (LottoNL &#8211; Jumbo) ! D&rsquo;ailleurs Dumoulin l&rsquo;oublie peut-\u00eatre un peu quand il pointe le fait que Thomas ait roul\u00e9 sur Froome. \u00ab\u00a0<em>Il \u00e9tait assur\u00e9ment le plus\u00a0<\/em><em>fort aujourd&rsquo;hui, <\/em>conc\u00e8de le coureur de Sunweb au sujet de\u00a0Rogli\u010d<em>. D\u00e9j\u00e0 \u00e0 Tirreno, il avait attaqu\u00e9 lors d&rsquo;une arriv\u00e9e au sommet tr\u00e8s abrupte. Il est excellent dans ce genre d&rsquo;efforts violents. Dans les Pyr\u00e9n\u00e9es par contre, ce seront des efforts plus longs<\/em>\u00a0\u00bb .<\/p>\n<p>Toutefois il va quand m\u00eame falloir se m\u00e9fier du Slov\u00e8ne car il n&rsquo;est qu&rsquo;\u00e0 48 secondes de Dumoulin. Sur le Tour du Pays Basque et le Tour de Romandie,\u00a0Rogli\u010d \u00e9tait une jambe au dessus de la concurrence mais un Grand Tour c&rsquo;est une autre histoire&#8230; \u00e0 laquelle il semble bien s&rsquo;adapter. La troisi\u00e8me semaine reste une inconnue mais l&rsquo;an pass\u00e9 il s&rsquo;\u00e9tait quand m\u00eame imposer \u00e0 Serre-Chevalier, en troisi\u00e8me semaine. Et il semble monter en pression. Entre les deux Sky aux deux premi\u00e8res places du g\u00e9n\u00e9ral et un Rogli\u010d qui prend confiance, Dumoulin pourrait aussi se retrouver pris en sandwich.<\/p>\n","protected":false},"excerpt":{"rendered":"<p>C&rsquo;est une bataille de rouleurs. Team Sky contre Tom Dumoulin (Sunweb). Ou peut-\u00eatre Tom Dumoulin contre Geraint Thomas (Team Sky) contre Chris Froome (Team Sky) ? Depuis que Geraint Thomas devance Chris Froome de plus de 1&rsquo;30 au classement g\u00e9n\u00e9ral, tout le monde ou presque veut voir une rivalit\u00e9 entre Geraint Thomas, l&rsquo;actuel maillot jaune &hellip;<\/p>\n","protected":false},"author":4,"featured_media":81076,"comment_status":"open","ping_status":"open","sticky":false,"template":"","format":"standard","meta":{"footnotes":""},"categories":[27,11,15,39],"tags":[],"class_list":["post-81063","post","type-post","status-publish","format-standard","has-post-thumbnail","hentry","category-gros-bloc","category-news-niveau-2","category-route","category-tour-de-france"],"_links":{"self":[{"href":"https:\/\/cyclingpro.net\/velopro\/wp-json\/wp\/v2\/posts\/81063","targetHints":{"allow":["GET"]}}],"collection":[{"href":"https:\/\/cyclingpro.net\/velopro\/wp-json\/wp\/v2\/posts"}],"about":[{"href":"https:\/\/cyclingpro.net\/velopro\/wp-json\/wp\/v2\/types\/post"}],"author":[{"embeddable":true,"href":"https:\/\/cyclingpro.net\/velopro\/wp-json\/wp\/v2\/users\/4"}],"replies":[{"embeddable":true,"href":"https:\/\/cyclingpro.net\/velopro\/wp-json\/wp\/v2\/comments?post=81063"}],"version-history":[{"count":0,"href":"https:\/\/cyclingpro.net\/velopro\/wp-json\/wp\/v2\/posts\/81063\/revisions"}],"wp:featuredmedia":[{"embeddable":true,"href":"https:\/\/cyclingpro.net\/velopro\/wp-json\/wp\/v2\/media\/81076"}],"wp:attachment":[{"href":"https:\/\/cyclingpro.net\/velopro\/wp-json\/wp\/v2\/media?parent=81063"}],"wp:term":[{"taxonomy":"category","embeddable":true,"href":"https:\/\/cyclingpro.net\/velopro\/wp-json\/wp\/v2\/categories?post=81063"},{"taxonomy":"post_tag","embeddable":true,"href":"https:\/\/cyclingpro.net\/velopro\/wp-json\/wp\/v2\/tags?post=81063"}],"curies":[{"name":"wp","href":"https:\/\/api.w.org\/{rel}","templated":true}]}}