{"id":81054,"date":"2018-07-21T19:45:21","date_gmt":"2018-07-21T17:45:21","guid":{"rendered":"https:\/\/cyclingpro.net\/velopro\/?p=81054"},"modified":"2018-07-21T21:27:47","modified_gmt":"2018-07-21T19:27:47","slug":"chris-froome-pret-a-attaquer-en-troisieme-semaine","status":"publish","type":"post","link":"https:\/\/cyclingpro.net\/velopro\/course\/tour-de-france\/chris-froome-pret-a-attaquer-en-troisieme-semaine\/","title":{"rendered":"Chris Froome pr\u00eat \u00e0 attaquer en troisi\u00e8me semaine ?"},"content":{"rendered":"<p><em>\u00c0 une semaine de la fin du Giro, Chris Froome (Team Sky) semblait hors jeu pour la victoire finale. Et pourtant, il est parvenu \u00e0 retourner la situation lors d&rsquo;un incroyable raid en solitaire de 80 kilom\u00e8tres sur l&rsquo;\u00e9tape du Finestre. Difficile d&rsquo;imaginer pareil sc\u00e9nario sur le Tour de France mais il semble qu&rsquo;une nouvelle fois, le quadruple vainqueur du Tour de France ait ax\u00e9 sa pr\u00e9paration sur la troisi\u00e8me semaine. Il faut l&rsquo;esp\u00e9rer pour lui en tout cas parce que jusqu&rsquo;\u00e0 pr\u00e9sent il fait jeu \u00e9gal avec Tom Dumoulin (Sunweb) et les deux hommes ne sont s\u00e9par\u00e9s que de 11\u00a0\u00bb (\u00e0 la faveur du Britannique). \u00c0 Mende, c&rsquo;est m\u00eame la premi\u00e8re fois depuis que les \u00e9tapes difficiles ont commenc\u00e9 que Froome passe la ligne d&rsquo;arriv\u00e9e devant le N\u00e9erlandais (sans compter le sprint de Valence) mais sans rien lui reprendre toutefois alors qu&rsquo;\u00e0 La Rosi\u00e8re et \u00e0 l&rsquo;Alpe d&rsquo;Huez, Dumoulin avait r\u00e9ussi \u00e0 prendre du temps (par le jeu des bonifications uniquement \u00e0 La Rosi\u00e8re).<\/em><\/p>\n<p><strong>Tom Dumoulin vous a encore attaqu\u00e9 aujourd&rsquo;hui. Ne devient-il pas une menace ?<\/strong><br \/>\nIl est actuellement troisi\u00e8me du g\u00e9n\u00e9ral, juste quelques secondes derri\u00e8re moi. Il est effectivement la principale menace pour nous \u00e0 l&rsquo;heure actuelle.<\/p>\n<p><strong>Est-ce qu&rsquo;il y a un moment \u00e0 partir duquel vous pensez qu&rsquo;il faudra essayer de s&rsquo;en d\u00e9faire ?<\/strong><br \/>\nPas vraiment. Il reste encore une bonne semaine de course. On continue d&rsquo;avancer doucement et en \u00e9tant premier et deuxi\u00e8me du g\u00e9n\u00e9ral, je pense que c&rsquo;est une position fantastique pour nous. \u00c7a nous offre plusieurs cartes \u00e0 jouer, comme nous l&rsquo;avons fait aujourd&rsquo;hui.<\/p>\n<p><strong>C&rsquo;\u00e9tait un final difficile aujourd&rsquo;hui. Aucune inqui\u00e9tude pour vous ?<\/strong><br \/>\nNon. Il y avait une grosse \u00e9chapp\u00e9e avec personne de dangereux au g\u00e9n\u00e9ral. L&rsquo;\u00e9tape a \u00e9t\u00e9 calme, l&rsquo;\u00e9quipe a fait un super boulot, en contr\u00f4lant l&rsquo;allure du peloton tout en gardant suffisamment d&rsquo;\u00e9nergie pour contr\u00f4ler les attaques de nos adversaires dans le final. Le final \u00e9tait tr\u00e8s explosif. Juste 10&prime; d&rsquo;ascension mais c&rsquo;\u00e9tait de forts pourcentages. On l&rsquo;a vu, des cassures se sont form\u00e9es un peu partout.<\/p>\n<p><strong>Comment est votre \u00e9tat de forme ?<\/strong><br \/>\nJe me sens bien. \u00c7a a toujours \u00e9t\u00e9 mon objectif de construire ma condition au fur et \u00e0 mesure du Tour et je pense que jusqu&rsquo;ici je suis bien dans les temps. J&rsquo;ai pris un moment pour bien r\u00e9cup\u00e9rer apr\u00e8s le Giro et je pense qu&rsquo;arriver ici avec l&rsquo;objectif de m&rsquo;am\u00e9liorer en cours d&rsquo;\u00e9preuve \u00e9tait la bonne chose \u00e0 faire pour moi.<\/p>\n","protected":false},"excerpt":{"rendered":"<p>\u00c0 une semaine de la fin du Giro, Chris Froome (Team Sky) semblait hors jeu pour la victoire finale. Et pourtant, il est parvenu \u00e0 retourner la situation lors d&rsquo;un incroyable raid en solitaire de 80 kilom\u00e8tres sur l&rsquo;\u00e9tape du Finestre. Difficile d&rsquo;imaginer pareil sc\u00e9nario sur le Tour de France mais il semble qu&rsquo;une nouvelle &hellip;<\/p>\n","protected":false},"author":4,"featured_media":81077,"comment_status":"open","ping_status":"open","sticky":false,"template":"","format":"standard","meta":{"footnotes":""},"categories":[27,17,15,39],"tags":[],"class_list":["post-81054","post","type-post","status-publish","format-standard","has-post-thumbnail","hentry","category-gros-bloc","category-une","category-route","category-tour-de-france"],"_links":{"self":[{"href":"https:\/\/cyclingpro.net\/velopro\/wp-json\/wp\/v2\/posts\/81054","targetHints":{"allow":["GET"]}}],"collection":[{"href":"https:\/\/cyclingpro.net\/velopro\/wp-json\/wp\/v2\/posts"}],"about":[{"href":"https:\/\/cyclingpro.net\/velopro\/wp-json\/wp\/v2\/types\/post"}],"author":[{"embeddable":true,"href":"https:\/\/cyclingpro.net\/velopro\/wp-json\/wp\/v2\/users\/4"}],"replies":[{"embeddable":true,"href":"https:\/\/cyclingpro.net\/velopro\/wp-json\/wp\/v2\/comments?post=81054"}],"version-history":[{"count":0,"href":"https:\/\/cyclingpro.net\/velopro\/wp-json\/wp\/v2\/posts\/81054\/revisions"}],"wp:featuredmedia":[{"embeddable":true,"href":"https:\/\/cyclingpro.net\/velopro\/wp-json\/wp\/v2\/media\/81077"}],"wp:attachment":[{"href":"https:\/\/cyclingpro.net\/velopro\/wp-json\/wp\/v2\/media?parent=81054"}],"wp:term":[{"taxonomy":"category","embeddable":true,"href":"https:\/\/cyclingpro.net\/velopro\/wp-json\/wp\/v2\/categories?post=81054"},{"taxonomy":"post_tag","embeddable":true,"href":"https:\/\/cyclingpro.net\/velopro\/wp-json\/wp\/v2\/tags?post=81054"}],"curies":[{"name":"wp","href":"https:\/\/api.w.org\/{rel}","templated":true}]}}